{"id":11494,"date":"2020-11-09T12:30:00","date_gmt":"2020-11-09T11:30:00","guid":{"rendered":"https:\/\/www.greenpeace.org\/denmark\/?p=11494"},"modified":"2023-03-31T14:37:40","modified_gmt":"2023-03-31T12:37:40","slug":"eus-landbrugsreform-svigter-klimaet-og-maa-sendes-tilbage-til-start-i-kommissionen","status":"publish","type":"post","link":"https:\/\/www.greenpeace.org\/denmark\/nyhed\/landbrug\/eus-landbrugsreform-svigter-klimaet-og-maa-sendes-tilbage-til-start-i-kommissionen\/","title":{"rendered":"EU\u2019s landbrugsreform svigter klimaet og m\u00e5 sendes tilbage til start i Kommissionen"},"content":{"rendered":"\n<p><strong>Opg\u00f8ret med storproduktionen af dyr udeblev. <em>Business-as-usual<\/em> bestod. De gr\u00f8nne st\u00f8tteordninger er udvandede<\/strong>, <strong>meget af landbrugsst\u00f8tten vil fortsat flyde til den store k\u00f8dindustri \u2013 og st\u00f8tten f\u00f8lges med minimale krav til at skabe plads til natur<\/strong>.<\/p>\n\n<figure class=\"wp-block-image size-large  caption-style-medium caption-alignment-left\"><img loading=\"lazy\" decoding=\"async\" width=\"1024\" height=\"683\" src=\"https:\/\/www.greenpeace.org\/static\/planet4-denmark-stateless\/2020\/11\/ac816344-cap-billedillustration-1024x683.jpg\" alt=\"\" class=\"wp-image-11495\" srcset=\"https:\/\/www.greenpeace.org\/static\/planet4-denmark-stateless\/2020\/11\/ac816344-cap-billedillustration-1024x683.jpg 1024w, https:\/\/www.greenpeace.org\/static\/planet4-denmark-stateless\/2020\/11\/ac816344-cap-billedillustration-300x200.jpg 300w, https:\/\/www.greenpeace.org\/static\/planet4-denmark-stateless\/2020\/11\/ac816344-cap-billedillustration-768x512.jpg 768w, https:\/\/www.greenpeace.org\/static\/planet4-denmark-stateless\/2020\/11\/ac816344-cap-billedillustration-1536x1024.jpg 1536w, https:\/\/www.greenpeace.org\/static\/planet4-denmark-stateless\/2020\/11\/ac816344-cap-billedillustration-2048x1366.jpg 2048w, https:\/\/www.greenpeace.org\/static\/planet4-denmark-stateless\/2020\/11\/ac816344-cap-billedillustration-510x340.jpg 510w\" sizes=\"auto, (max-width: 1024px) 100vw, 1024px\" \/><figcaption class=\"wp-element-caption\">\u00a9 Fred Dott\/Greenpeace<div class=\"credit icon-left\"> \u00a9 Fred Dott\/Greenpeace<\/div><\/figcaption><\/figure>\n\n<p>Med stor forsinkelse kom den s\u00e5 &#8211; den forel\u00f8bige kulmination p\u00e5 en af EU\u2019s helt store politiske kampe. For nylig stemte EU-Parlamentet for et kompromis for sin position til en reform af EU&#8217;s landbrugspolitik, den s\u00e5kaldte CAP (Common Agricultural Policy), der forventes at tr\u00e6de i kraft i 2023 og skal s\u00e6tte retningen for EU\u2019s landbrug syv \u00e5r ud i fremtiden.<\/p>\n\n<p>Vi taler om prioriteringen af en tredjedel af EU\u2019s budget med landbrugsst\u00f8tten, der i dag s\u00e6rligt underst\u00f8tter den industrielle produktion af k\u00f8d- og mejerivarer.<\/p>\n\n<p>S\u00e5 det br\u00e6ndende sp\u00f8rgsm\u00e5l er: Vil reformen, der skal forhandles videre mellem Parlamentet, R\u00e5det og Kommissionen, vise vejen for det skrigende behov for omstilling af landbruget til markant mindre animalsk produktion, s\u00e5 vi kan bremse natur- og klimakrisen? Vil reformen i h\u00f8jere grad st\u00f8tte de mindre landbrug og omstillingen til et mere milj\u00f8sk\u00e5nsomt og klimavenligt landbrug med st\u00f8rre fokus p\u00e5 at dyrke plantebaseret mad?<\/p>\n\n<p>I vid udstr\u00e6kning desv\u00e6rre ikke. Set med klimaets og milj\u00f8ets \u00f8jne er det kompromis, der blev stemt igennem i EU-Parlamentet et k\u00e6mpe svigt. Derfor m\u00e5 opfordringen lyde, at det skal sendes tilbage til start i Kommissionen.<\/p>\n\n<p>Den opfordring er meldt ud fra en bred gruppe af organisationer, heriblandt Greenpeace, ligesom kravet st\u00f8ttes af en stor del af Parlamentsmedlemmerne, der stemte for et forslag om at tage kompromiset af bordet og starte forfra &#8211; men desv\u00e6rre ikke fik flertal.<\/p>\n\n<p>Hvorfor b\u00f8r reformen sendes tilbage til start i Kommissionen?<\/p>\n\n<p>Helt overordnet er dette forslag ikke en reel landbrugsreform. Der l\u00e6gges ikke op til en gennemg\u00e5ende forandring af EU\u2019s eksisterende industrilandbrug, der med sin enorme produktion af dyr l\u00e6gger beslag p\u00e5 store dele af Europas jord til dyrkning af foder og st\u00e5r for 17 procent af EU\u2019s udledninger af drivhusgasser. Som Greenpeace har dokumenteret i en nylig analyse, g\u00e5r hele 62 procent af EU\u2019s afgr\u00f8der til dyrefoder &#8211; og kun 23 procent g\u00e5r til mad til mennesker.<\/p>\n\n<figure class=\"wp-block-image size-large  caption-style-medium caption-alignment-center\"><img loading=\"lazy\" decoding=\"async\" width=\"1024\" height=\"1024\" src=\"https:\/\/www.greenpeace.org\/static\/planet4-denmark-stateless\/2020\/11\/cc743e59-some-infographic_where-does-food-go_english-1024x1024.png\" alt=\"\" class=\"wp-image-11496\" srcset=\"https:\/\/www.greenpeace.org\/static\/planet4-denmark-stateless\/2020\/11\/cc743e59-some-infographic_where-does-food-go_english-1024x1024.png 1024w, https:\/\/www.greenpeace.org\/static\/planet4-denmark-stateless\/2020\/11\/cc743e59-some-infographic_where-does-food-go_english-300x300.png 300w, https:\/\/www.greenpeace.org\/static\/planet4-denmark-stateless\/2020\/11\/cc743e59-some-infographic_where-does-food-go_english-150x150.png 150w, https:\/\/www.greenpeace.org\/static\/planet4-denmark-stateless\/2020\/11\/cc743e59-some-infographic_where-does-food-go_english-768x768.png 768w, https:\/\/www.greenpeace.org\/static\/planet4-denmark-stateless\/2020\/11\/cc743e59-some-infographic_where-does-food-go_english-340x340.png 340w, https:\/\/www.greenpeace.org\/static\/planet4-denmark-stateless\/2020\/11\/cc743e59-some-infographic_where-does-food-go_english.png 1280w\" sizes=\"auto, (max-width: 1024px) 100vw, 1024px\" \/><\/figure>\n\n<p>Opg\u00f8ret med storproduktionen af dyr &#8211; en disciplin med Danmark helt i front &#8211; udeblev. <em>Business-as-usual<\/em> bestod.&nbsp;<\/p>\n\n<p>Her er nogle nedslag i&nbsp; problemerne ved EP\u2019s kompromis, som giver grund til at sende CAP-reformen tilbage til start.<\/p>\n\n<p><strong>De gr\u00f8nne st\u00f8tteordninger er udvandede og kan blive tomme skaller. <\/strong>De s\u00e5kaldte <em>eco-schemes <\/em>er afg\u00f8rende for, at der med st\u00f8tten til landm\u00e6ndene f\u00f8lger gr\u00f8nne, \u00f8rem\u00e6rkede krav. Men de nuv\u00e6rende krav st\u00e5r udvandede og usikre, og man kan lave \u201cfalske\u201d gr\u00f8nne tiltag og alligevel f\u00e5 st\u00f8tte. Man kan fx k\u00f8be plastic-leget\u00f8j af hensyn til dyrevelf\u00e6rden p\u00e5 en bedrift med 10.000 dyr &#8211; og alligevel forts\u00e6tte den belastende produktion.&nbsp;<\/p>\n\n<p><strong>Meget af landbrugsst\u00f8tten flyder fortsat til den store k\u00f8dindustri. <\/strong>Parlamentets udvalg om Milj\u00f8, Folkesundhed og F\u00f8devaresikkerhed (ENVI) har ellers foresl\u00e5et et loft for antal dyr per hektar for at modtage st\u00f8tte. Det forslag blev ikke vedtaget.<\/p>\n\n<p><strong>Landbrugsst\u00f8tten har minimale krav til at skabe plads til natur. <\/strong>En af betingelserne for at f\u00e5 landbrugsst\u00f8tte er, at landmanden giver plads til en procentdel natur af sin jord &#8211; svarende til de s\u00e5kaldte \u201cgr\u00f8nningselementer\u201d. Men der l\u00e6gges fremover kun op til et krav om 5 procent natur, pr\u00e6cis som i dag, hvilket er alt for lavt.<\/p>\n","protected":false},"excerpt":{"rendered":"<p>Opg\u00f8ret med storproduktionen af dyr udeblev. Business-as-usual bestod. De gr\u00f8nne st\u00f8tteordninger er udvandede, meget af landbrugsst\u00f8tten vil fortsat flyde til den store k\u00f8dindustri &#8211; og st\u00f8tten f\u00f8lges med minimale krav til at skabe plads til natur.<\/p>\n","protected":false},"author":25,"featured_media":11495,"comment_status":"open","ping_status":"open","sticky":false,"template":"","format":"standard","meta":{"ep_exclude_from_search":false,"p4_og_title":"EU\u2019s landbrugsreform svigter klimaet og m\u00e5 sendes tilbage til start i Kommissionen","p4_og_description":"<p><strong data-rich-text-format-boundary=\"true\">Opg\u00f8ret med storproduktionen af dyr udeblev. <em>Business-as-usual<\/em> bestod. De gr\u00f8nne st\u00f8tteordninger er udvandede<\/strong>, <strong>meget af landbrugsst\u00f8tten vil fortsat flyde til den store k\u00f8dindustri - og st\u00f8tten f\u00f8lges med minimale krav til at skabe plads til natur<\/strong>.<\/p>","p4_og_image":"https:\/\/www.greenpeace.org\/static\/planet4-denmark-stateless\/2020\/11\/ac816344-cap-billedillustration-scaled.jpg","p4_og_image_id":"11495","p4_seo_canonical_url":"","p4_campaign_name":"not set","p4_local_project":"not set","p4_basket_name":"not set","p4_department":"","footnotes":""},"categories":[3],"tags":[26],"p4-page-type":[16],"class_list":["post-11494","post","type-post","status-publish","format-standard","has-post-thumbnail","hentry","category-landbrug","tag-koedproduktion","p4-page-type-nyhed"],"_links":{"self":[{"href":"https:\/\/www.greenpeace.org\/denmark\/wp-json\/wp\/v2\/posts\/11494","targetHints":{"allow":["GET"]}}],"collection":[{"href":"https:\/\/www.greenpeace.org\/denmark\/wp-json\/wp\/v2\/posts"}],"about":[{"href":"https:\/\/www.greenpeace.org\/denmark\/wp-json\/wp\/v2\/types\/post"}],"author":[{"embeddable":true,"href":"https:\/\/www.greenpeace.org\/denmark\/wp-json\/wp\/v2\/users\/25"}],"replies":[{"embeddable":true,"href":"https:\/\/www.greenpeace.org\/denmark\/wp-json\/wp\/v2\/comments?post=11494"}],"version-history":[{"count":6,"href":"https:\/\/www.greenpeace.org\/denmark\/wp-json\/wp\/v2\/posts\/11494\/revisions"}],"predecessor-version":[{"id":55959,"href":"https:\/\/www.greenpeace.org\/denmark\/wp-json\/wp\/v2\/posts\/11494\/revisions\/55959"}],"wp:featuredmedia":[{"embeddable":true,"href":"https:\/\/www.greenpeace.org\/denmark\/wp-json\/wp\/v2\/media\/11495"}],"wp:attachment":[{"href":"https:\/\/www.greenpeace.org\/denmark\/wp-json\/wp\/v2\/media?parent=11494"}],"wp:term":[{"taxonomy":"category","embeddable":true,"href":"https:\/\/www.greenpeace.org\/denmark\/wp-json\/wp\/v2\/categories?post=11494"},{"taxonomy":"post_tag","embeddable":true,"href":"https:\/\/www.greenpeace.org\/denmark\/wp-json\/wp\/v2\/tags?post=11494"},{"taxonomy":"p4-page-type","embeddable":true,"href":"https:\/\/www.greenpeace.org\/denmark\/wp-json\/wp\/v2\/p4-page-type?post=11494"}],"curies":[{"name":"wp","href":"https:\/\/api.w.org\/{rel}","templated":true}]}}