{"id":11580,"date":"2020-11-13T12:39:00","date_gmt":"2020-11-13T11:39:00","guid":{"rendered":"https:\/\/www.greenpeace.org\/denmark\/?p=11580"},"modified":"2023-01-20T10:49:54","modified_gmt":"2023-01-20T09:49:54","slug":"1-000-000-mennesker-kraever-eu-lovgivning-for-at-stoppe-skovrydning-og-afbraending","status":"publish","type":"post","link":"https:\/\/www.greenpeace.org\/denmark\/pressemeddelelse\/natur\/1-000-000-mennesker-kraever-eu-lovgivning-for-at-stoppe-skovrydning-og-afbraending\/","title":{"rendered":"1.000.000 mennesker kr\u00e6ver EU-lovgivning for at stoppe skovrydning og afbr\u00e6nding"},"content":{"rendered":"\n<p>Mere end 1 million mennesker kr\u00e6ver nu en st\u00e6rk EU-lov, der skal bremse uholdbar skovrydning. Dermed sendes et st\u00e6rkt signal til Europa-Kommissionen og de nationale regeringer. Den europ\u00e6iske befolkning kr\u00e6ver nemlig sikkerhed for, at de produkter, de k\u00f8ber, hverken har bidraget til \u00f8del\u00e6ggelsen af skove og andre \u00f8kosystemer eller f\u00f8rt til kr\u00e6nkelser af menneskerettighederne.<\/p>\n\n<p>Greenpeace og Nyt Europa opfordrer alle, gennem #Together4Forests-kampagnen, til at bidrage til det offentlige mandat, der skal presse Europa-Kommissionen til at freml\u00e6gge en st\u00e6rk EU-lov, som forhindrer produkter, der er knyttet til uholdbar skovrydning, fra at blive solgt p\u00e5 det europ\u00e6iske marked. Det g\u00e6lder b\u00e5de i forhold til afbr\u00e6nding, natur\u00f8del\u00e6ggelse og kr\u00e6nkelse af menneskerettigheder. Med over&nbsp;1 million underskrifter&nbsp;bidrager kampagnen med det st\u00f8rste offentlige mandat i EU\u2019s historie i forhold til milj\u00f8 og klima. S\u00e5 stor, at vi mener Kommissionen er n\u00f8dt til at lytte.<\/p>\n\n<p>De st\u00e6rke krav, fremsat af borgerne, f\u00f8lger i k\u00f8lvandet af den afstemning, der blev gennemf\u00f8rt i EU-Parlamentet i oktober 2020. Her stemte Parlamentet for, at man i EU b\u00f8r vedtage lovgivning om at stoppe uholdbar, EU-drevet skovrydning som f\u00f8lge af vores forbrug.<\/p>\n\n<p><strong>Kristine Clement, kampagneleder for landbrug og skov, Greenpeace, udtaler:<\/strong><br>\u201cDet er ikke rimeligt, som det er i dag, at det er op til forbrugerne at fors\u00f8ge at finde hoved og hale i varefortegnelser med hundredvis af forskellige navne for palmeolie. Eller selv at skulle unders\u00f8ge, hvilke dyr der er fodret med skovrydningssoja, hvis de k\u00f8ber k\u00f8d, m\u00e6lk, \u00e6g og fisk. Vi har brug for EU-regulering med h\u00e5ndfaste krav og sanktionsmuligheder, der sikrer, at virksomheder og investorer stilles til ansvar, s\u00e5 de ikke medvirker til skovrydning.\u201d<\/p>\n\n<p>\u201cI Danmark er det is\u00e6r vores store k\u00f8dproduktion, der koster skov andre steder i verden. Importen af soja til at fodre de mange dyr kr\u00e6ver meget plads og presser uvurderlige skov- og naturomr\u00e5der. Vi st\u00e5r midt i en eskalerende krise for klimaet og biodiversiteten, og det er afg\u00f8rende, at beslutningstagerne i EU &#8211; herunder Danmarks regering &#8211; nu lytter til borgernes krav om regulering, der stopper EU\u2019s medvirken til skovrydning.\u201d<\/p>\n\n<p><strong>Lone Loklindt, Formand, Nyt Europa, udtaler:<\/strong><br>\u201dMange europ\u00e6ere er ikke klar over, at en del af de dagligvarer, som de l\u00e6gger i indk\u00f8bskurven, er plettet med&nbsp;skovrydning og at oprindelige befolkninger bliver tvangsflyttet, og at de bliver drevet p\u00e5 flugt. Derudover truer det flere dyre- og plantearters eksistensgrundlag, for slet ikke at tale om, at skovene er verdens lunger, som har en afg\u00f8rende betydning for klimaet.\u201d<\/p>\n\n<p>\u201dBare i Mercosur-landene (Argentina, Brasilien, Paraguay, Uruguay, Venezuela) ryddes der skov p\u00e5 st\u00f8rrelse med en fodboldbane hvert tredje minut som f\u00f8lge af vores forbrug i EU. Det burde ikke v\u00e6re lovligt, og det skal vi \u00e6ndre p\u00e5!&nbsp;Mere end 1 million mennesker \u00f8nsker en st\u00e6rk EU-lov om skovrydning \u2013 derfor b\u00f8r EU-Kommissionen freml\u00e6gge en klar plan for at sikre, at de produkter vi europ\u00e6ere k\u00f8ber, ikke leder til uholdbar skovrydning.\u201d<br><\/p>\n\n<h3 class=\"wp-block-heading\"><strong>Fakta<\/strong><\/h3>\n\n<ul class=\"wp-block-list\">\n<li>Det er s\u00e6rligt drevet af det europ\u00e6iske forbrug af varer som k\u00f8d, mejeriprodukter, soja til dyrefoder, palmeolie, gummi, kaffe og kakao.<\/li>\n<\/ul>\n\n<ul class=\"wp-block-list\">\n<li>EU er ansvarlig for over 10% af al skovrydning globalt.<\/li>\n<\/ul>\n\n<ul class=\"wp-block-list\">\n<li>Siden 2015 er 10 millioner hektar skove (st\u00f8rre end Portugals samlede areal) overalt i verden g\u00e5et tabt til skovrydning\/afbr\u00e6nding \u2013 hvert \u00e5r.<\/li>\n<\/ul>\n\n<ul class=\"wp-block-list\">\n<li>Kommissionens offentlige h\u00f8ring om skovrydning forventes afsluttet den 10. december &#8211; hertil l\u00f8ber Greenpeaces, Nyt Europas og 130 andre gr\u00f8nne NGO\u2019er underskriftsindsamling.<\/li>\n<\/ul>\n<div class=\"EmptyMessage\">Block content is empty. Check the block&#8217;s settings or remove it.<\/div>\n<h3 class=\"wp-block-heading\"><strong>Kontakt<\/strong><\/h3>\n\n<p>Kristine Clement, kampagneleder for Landbrug og skov, Greenpeace. Mobil: 52 19 12 91<\/p>\n\n<p>Jacob Bjelskov J\u00f8rgensen, projektleder Nyt Europa. Mobil: 20 97 52 44<\/p>\n","protected":false},"excerpt":{"rendered":"<p>Mere end 1 million mennesker kr\u00e6ver nu en st\u00e6rk EU-lov, der skal bremse rydning og afbr\u00e6nding af verdens skove. Det skal bl.a. ske ved at forbyde produkter, der er knyttet til uholdbar skovrydning, fra at blive solgt p\u00e5 det europ\u00e6iske marked.<\/p>\n","protected":false},"author":21,"featured_media":11590,"comment_status":"open","ping_status":"open","sticky":false,"template":"","format":"standard","meta":{"ep_exclude_from_search":false,"p4_og_title":"1.000.000 mennesker kr\u00e6ver EU-lovgivning for at stoppe skovrydning og afbr\u00e6nding","p4_og_description":"<p>Mere end 1 million mennesker kr\u00e6ver nu en st\u00e6rk EU-lov, der skal bremse rydning og afbr\u00e6nding af verdens skove. Det skal bl.a. ske ved at forbyde produkter, der er knyttet til uholdbar skovrydning, fra at blive solgt p\u00e5 det europ\u00e6iske marked.<\/p>","p4_og_image":"https:\/\/www.greenpeace.org\/static\/planet4-denmark-stateless\/2020\/11\/7e15778a-argentina-1.jpg","p4_og_image_id":"11590","p4_seo_canonical_url":"","p4_campaign_name":"not set","p4_local_project":"not set","p4_basket_name":"not set","p4_department":"","footnotes":""},"categories":[18],"tags":[25,28,21],"p4-page-type":[14],"class_list":["post-11580","post","type-post","status-publish","format-standard","has-post-thumbnail","hentry","category-natur","tag-klimalosninger","tag-skovrydning","tag-forbrug","p4-page-type-pressemeddelelse"],"_links":{"self":[{"href":"https:\/\/www.greenpeace.org\/denmark\/wp-json\/wp\/v2\/posts\/11580","targetHints":{"allow":["GET"]}}],"collection":[{"href":"https:\/\/www.greenpeace.org\/denmark\/wp-json\/wp\/v2\/posts"}],"about":[{"href":"https:\/\/www.greenpeace.org\/denmark\/wp-json\/wp\/v2\/types\/post"}],"author":[{"embeddable":true,"href":"https:\/\/www.greenpeace.org\/denmark\/wp-json\/wp\/v2\/users\/21"}],"replies":[{"embeddable":true,"href":"https:\/\/www.greenpeace.org\/denmark\/wp-json\/wp\/v2\/comments?post=11580"}],"version-history":[{"count":6,"href":"https:\/\/www.greenpeace.org\/denmark\/wp-json\/wp\/v2\/posts\/11580\/revisions"}],"predecessor-version":[{"id":55072,"href":"https:\/\/www.greenpeace.org\/denmark\/wp-json\/wp\/v2\/posts\/11580\/revisions\/55072"}],"wp:featuredmedia":[{"embeddable":true,"href":"https:\/\/www.greenpeace.org\/denmark\/wp-json\/wp\/v2\/media\/11590"}],"wp:attachment":[{"href":"https:\/\/www.greenpeace.org\/denmark\/wp-json\/wp\/v2\/media?parent=11580"}],"wp:term":[{"taxonomy":"category","embeddable":true,"href":"https:\/\/www.greenpeace.org\/denmark\/wp-json\/wp\/v2\/categories?post=11580"},{"taxonomy":"post_tag","embeddable":true,"href":"https:\/\/www.greenpeace.org\/denmark\/wp-json\/wp\/v2\/tags?post=11580"},{"taxonomy":"p4-page-type","embeddable":true,"href":"https:\/\/www.greenpeace.org\/denmark\/wp-json\/wp\/v2\/p4-page-type?post=11580"}],"curies":[{"name":"wp","href":"https:\/\/api.w.org\/{rel}","templated":true}]}}