{"id":12262,"date":"2021-01-20T15:48:03","date_gmt":"2021-01-20T14:48:03","guid":{"rendered":"https:\/\/www.greenpeace.org\/denmark\/?p=12262"},"modified":"2025-07-02T09:27:58","modified_gmt":"2025-07-02T07:27:58","slug":"podcast-rejsen-mod-et-groent-danmark","status":"publish","type":"post","link":"https:\/\/www.greenpeace.org\/denmark\/nyhed\/klimaforandringer\/podcast-rejsen-mod-et-groent-danmark\/","title":{"rendered":"Podcast: Rejsen mod et gr\u00f8nt Danmark"},"content":{"rendered":"\n<p>Danmarks klimapolitik har aldrig st\u00e5et ved s\u00e5 afg\u00f8rende en skillevej, som den g\u00f8r netop nu, hvor politikerne forhandler om, hvordan vi skal lykkes med at reducere drivhusgasudledningerne med 70% inden 2030.<\/p>\n\n<p>I vores helt nye podcast kan du komme med p\u00e5 en rejse og opleve, hvordan Danmark overhovedet har f\u00e5et en klimapolitik &#8211; og hvad historien kan l\u00e6re os om kampen netop nu.<\/p>\n\n<p>Altsammen i selskab med en sand klimahelt, der har v\u00e6ret med helt fra begyndelsen!<\/p>\n\n<p>Klik og lyt, der hvor du plejer at hente dine podcast:<\/p>\n\n<h2 class=\"wp-block-heading\">iTunes:<\/h2>\n\n<iframe allow=\"autoplay *; encrypted-media *; fullscreen *\" style=\"width:100%;max-width:660px;overflow:hidden;background:transparent;\" sandbox=\"allow-forms allow-popups allow-same-origin allow-scripts allow-storage-access-by-user-activation allow-top-navigation-by-user-activation\" src=\"https:\/\/embed.podcasts.apple.com\/dk\/podcast\/rejsen-mod-et-gr%C3%B8nt-danmark\/id1549579568?i=1000505688376\" height=\"175\" frameborder=\"0\"><\/iframe>\n\n<div style=\"height:20px\" aria-hidden=\"true\" class=\"wp-block-spacer\"><\/div>\n\n<h2 class=\"wp-block-heading\">Soundcloud:<\/h2>\n\n<figure><iframe loading=\"lazy\" src=\"https:\/\/w.soundcloud.com\/player\/?url=https%3A\/\/api.soundcloud.com\/tracks\/968021884&amp;color=%23ff5500&amp;auto_play=false&amp;hide_related=false&amp;show_comments=true&amp;show_user=true&amp;show_reposts=false&amp;show_teaser=true\" width=\"100%\" height=\"166\"><\/iframe><\/figure>\n\n<div style=\"height:20px\" aria-hidden=\"true\" class=\"wp-block-spacer\"><\/div>\n\n<h2 class=\"wp-block-heading\">Spotify:<\/h2>\n\n<iframe loading=\"lazy\" src=\"https:\/\/open.spotify.com\/embed-podcast\/episode\/6PVAsYIPGoVzDRKYPULhoi\" allowtransparency=\"true\" allow=\"encrypted-media\" width=\"100%\" height=\"232\" frameborder=\"0\"><\/iframe>\n\n<div style=\"height:20px\" aria-hidden=\"true\" class=\"wp-block-spacer\"><\/div>\n\n<p>Klimahelten i vores nye podcast er 77 \u00e5r, hedder Tarjei Haaland og har v\u00e6ret ansat i Greenpeace siden 1992. Men han har v\u00e6ret aktivist endnu l\u00e6ngere &#8211; faktisk siden starten af 1970\u2019erne.<br><br>1970\u2019erne var ikke bare det \u00e5rti, hvor Tarjei Haaland blev klima- og milj\u00f8aktivist &#8211; det var ogs\u00e5 det \u00e5rti, hvor Danmark s\u00e5 sm\u00e5t begyndte at f\u00e5 en klima- og milj\u00f8politik.<br>Tarjeis historie er alts\u00e5 v\u00e6vet t\u00e6t sammen med dansk klimapolitiks historie.<br><br>Og Tarjei har flere gange spillet en afg\u00f8rende rolle.<\/p>\n\n<p>H\u00f8r hvordan i vores podcast, hvor han tager os med tilbage til tre af de vigtigste \u00f8jeblikke &#8211; nej til atomkraft i 1985, nej til nye kulkraftv\u00e6rker i 1997 og ja til en historisk klimalov i 2019 &#8211; og hvor han slutter af med udpege den st\u00f8rste kamp, der stadig venter forude.<\/p>\n\n<div style=\"height:20px\" aria-hidden=\"true\" class=\"wp-block-spacer\"><\/div>\n\n<h2 class=\"wp-block-heading\">Deezer:<\/h2>\n\n<iframe loading=\"lazy\" scrolling=\"no\" allowtransparency=\"true\" src=\"https:\/\/www.deezer.com\/plugins\/player?format=classic&amp;autoplay=false&amp;playlist=true&amp;width=700&amp;height=150&amp;color=EF5466&amp;layout=&amp;size=medium&amp;type=podcast&amp;id=2192032&amp;app_id=1\" width=\"700\" height=\"150\" frameborder=\"0\"><\/iframe>\n\n<h2 class=\"wp-block-heading\">Spreaker:<\/h2>\n\n<a class=\"spreaker-player\" href=\"https:\/\/www.spreaker.com\/show\/greenpeace-danmark\" data-resource=\"show_id=4750988\" data-width=\"100%\" data-height=\"200px\" data-theme=\"light\" data-playlist=\"false\" data-playlist-continuous=\"false\" data-autoplay=\"false\" data-live-autoplay=\"false\" data-chapters-image=\"true\" data-episode-image-position=\"right\" data-hide-logo=\"false\" data-hide-likes=\"false\" data-hide-comments=\"false\" data-hide-sharing=\"false\" data-hide-download=\"true\">Listen to &#8220;Greenpeace Danmark&#8221; on Spreaker.<\/a>\n\n<div style=\"height:30px\" aria-hidden=\"true\" class=\"wp-block-spacer\"><\/div>\n\n<h2 class=\"wp-block-heading\">Youtube:<\/h2>\n\n<figure class=\"wp-block-embed is-type-video is-provider-youtube wp-block-embed-youtube wp-embed-aspect-16-9 wp-has-aspect-ratio\"><div class=\"wp-block-embed__wrapper\">\n<lite-youtube style=\"background-image: url('https:\/\/i.ytimg.com\/vi\/ATLJiDjFiFo\/hqdefault.jpg');\" videoid=\"ATLJiDjFiFo\" params=\"rel=0\"><\/lite-youtube>\n<\/div><\/figure>\n\n<div style=\"height:20px\" aria-hidden=\"true\" class=\"wp-block-spacer\"><\/div>\n\n<h2 class=\"wp-block-heading\">Castbox:<\/h2>\n\n<iframe loading=\"lazy\" src=\"https:\/\/castbox.fm\/app\/castbox\/player\/id3732894?v=8.22.11&amp;autoplay=0\" width=\"100%\" height=\"500\" frameborder=\"0\"><\/iframe>\n\n<h2 class=\"wp-block-heading\">Podcast Addict:<\/h2>\n\n<p><a href=\"https:\/\/podcastaddict.com\/podcast\/3214594\">https:\/\/podcastaddict.com\/podcast\/3214594<\/a><\/p>\n\n<div style=\"height:20px\" aria-hidden=\"true\" class=\"wp-block-spacer\"><\/div>\n\n<h2 class=\"wp-block-heading\">Podchaser:<\/h2>\n\n<p><a href=\"https:\/\/www.podchaser.com\/podcasts\/greenpeace-danmark-1582800\">https:\/\/www.podchaser.com\/podcasts\/greenpeace-danmark-1582800<\/a><\/p>\n\n<p>V\u00e6rt er Emma Oehlenschl\u00e4ger, og podcasten er indspillet og produceret af Joel Gj\u00e6rsb\u00f8l.<\/p>\n\n<p><\/p>\n\n<script async=\"\" src=\"https:\/\/widget.spreaker.com\/widgets.js\"><\/script>\n","protected":false},"excerpt":{"rendered":"<p>I vores helt nye podcast kan du komme med p\u00e5 en rejse og opleve, hvordan Danmark overhovedet har f\u00e5et en klimapolitik \u2013 og hvad historien kan l\u00e6re os om kampen netop nu.<\/p>\n","protected":false},"author":22,"featured_media":12271,"comment_status":"open","ping_status":"open","sticky":false,"template":"","format":"standard","meta":{"ep_exclude_from_search":false,"p4_og_title":"","p4_og_description":"","p4_og_image":"","p4_og_image_id":"","p4_seo_canonical_url":"https:\/\/www.greenpeace.org\/denmark\/nyhed\/klimaforandringer\/podcast-rejsen-mod-et-groent-danmark\/","p4_campaign_name":"not set","p4_local_project":"not set","p4_basket_name":"not set","p4_department":"","footnotes":""},"categories":[1],"tags":[25],"p4-page-type":[16],"class_list":["post-12262","post","type-post","status-publish","format-standard","has-post-thumbnail","hentry","category-klimaforandringer","tag-klimalosninger","p4-page-type-nyhed"],"_links":{"self":[{"href":"https:\/\/www.greenpeace.org\/denmark\/wp-json\/wp\/v2\/posts\/12262","targetHints":{"allow":["GET"]}}],"collection":[{"href":"https:\/\/www.greenpeace.org\/denmark\/wp-json\/wp\/v2\/posts"}],"about":[{"href":"https:\/\/www.greenpeace.org\/denmark\/wp-json\/wp\/v2\/types\/post"}],"author":[{"embeddable":true,"href":"https:\/\/www.greenpeace.org\/denmark\/wp-json\/wp\/v2\/users\/22"}],"replies":[{"embeddable":true,"href":"https:\/\/www.greenpeace.org\/denmark\/wp-json\/wp\/v2\/comments?post=12262"}],"version-history":[{"count":20,"href":"https:\/\/www.greenpeace.org\/denmark\/wp-json\/wp\/v2\/posts\/12262\/revisions"}],"predecessor-version":[{"id":65772,"href":"https:\/\/www.greenpeace.org\/denmark\/wp-json\/wp\/v2\/posts\/12262\/revisions\/65772"}],"wp:featuredmedia":[{"embeddable":true,"href":"https:\/\/www.greenpeace.org\/denmark\/wp-json\/wp\/v2\/media\/12271"}],"wp:attachment":[{"href":"https:\/\/www.greenpeace.org\/denmark\/wp-json\/wp\/v2\/media?parent=12262"}],"wp:term":[{"taxonomy":"category","embeddable":true,"href":"https:\/\/www.greenpeace.org\/denmark\/wp-json\/wp\/v2\/categories?post=12262"},{"taxonomy":"post_tag","embeddable":true,"href":"https:\/\/www.greenpeace.org\/denmark\/wp-json\/wp\/v2\/tags?post=12262"},{"taxonomy":"p4-page-type","embeddable":true,"href":"https:\/\/www.greenpeace.org\/denmark\/wp-json\/wp\/v2\/p4-page-type?post=12262"}],"curies":[{"name":"wp","href":"https:\/\/api.w.org\/{rel}","templated":true}]}}