{"id":12295,"date":"2021-01-20T16:04:40","date_gmt":"2021-01-20T15:04:40","guid":{"rendered":"https:\/\/www.greenpeace.org\/denmark\/?p=12295"},"modified":"2023-03-31T15:27:06","modified_gmt":"2023-03-31T13:27:06","slug":"vores-groenne-visioner-for-2021","status":"publish","type":"post","link":"https:\/\/www.greenpeace.org\/denmark\/nyhed\/klimaforandringer\/vores-groenne-visioner-for-2021\/","title":{"rendered":"Vores gr\u00f8nne visioner for 2021"},"content":{"rendered":"\n<figure class=\"wp-block-image size-large  caption-style-medium caption-alignment-center\"><img loading=\"lazy\" decoding=\"async\" width=\"1024\" height=\"683\" src=\"https:\/\/www.greenpeace.org\/static\/planet4-denmark-stateless\/0c5a20ea-gp03w2u-1024x683.jpg\" title=\"Wind Farms in Iowa. \u00a9 Karuna Ang \/ Greenpeace\" alt=\"Wind Farms in Iowa. \u00a9 Karuna Ang \/ Greenpeace\" class=\"wp-image-12297\"\/><figcaption><div class=\"credit icon-left\"> \u00a9 Karuna Ang \/ Greenpeace<\/div><\/figcaption><\/figure>\n\n<p><strong>Sammen med de tusindvis af mennesker, der st\u00f8tter vores arbejde, og resten af den gr\u00f8nne bev\u00e6gelse vil vi i \u00e5r fokusere p\u00e5 at f\u00e5 regeringen til at tage sit historiske klimamandat alvorligt. Vi vil arbejde for mere skov og vild natur i Danmark og globalt og beskytte vores klima og hav mod den skadelige olie- og gasproduktion. Og vi h\u00e5ber, at du er med os!<\/strong><\/p>\n\n<p>\u201cDansk k\u00f8dproduktion og olieproduktion er blandt de mest klimavenlige i verden\u201d. Det er d\u00e9t argument, vi oftest h\u00f8rer fra politikere og interesseorganisationer, n\u00e5r de skal retf\u00e6rdigg\u00f8re, at Danmark er den st\u00f8rste olieproducent i EU, og at vi har den st\u00f8rste svineproduktion per indbygger i verden.&nbsp;<\/p>\n\n<p>Vi er etisk forpligtede til at modbevise den slags uholdbare argumenter. Industriel k\u00f8dproduktion og olieproduktion er helt grundl\u00e6ggende hverken klimavenligt eller b\u00e6redygtigt. At p\u00e5st\u00e5 det modsatte er dybest set ikke andet end greenwashing, der fors\u00f8ger at afv\u00e6rge meningsfuld klimapolitik.<\/p>\n\n<p>Mere \u2018business as usual\u2019 truer vores klima, natur, helbred, biodiversitet og fremtidige generationers velbefindende. Derfor vil vi i 2021 arbejde for at \u00e6ndre m\u00e5den, vi producerer mad og energi p\u00e5. Og vi vil tage fortsat del i den gr\u00f8nne bev\u00e6gelse, s\u00e5 flere mennesker kan v\u00e6re med til at l\u00e6gge pres p\u00e5 regeringer, forurenende virksomheder og industriens interesseorganisationer, der s\u00e6tter \u00f8konomisk gevinst f\u00f8r planetens og vores alles sundhed.&nbsp;<\/p>\n\n<h3 class=\"wp-block-heading\">Mere skov, st\u00f8rre biodiversitet<\/h3>\n\n<p>Vores vision for en oml\u00e6gning af det danske landbrug g\u00e5r ud p\u00e5 at f\u00e5 mere plads til vild natur og biodiversitet, til CO2-absorberende skov, renere luft og vand, plantebaserede f\u00f8devarer og mad, der ikke indeholder spor af br\u00e6ndt regnskov.<\/p>\n\n<p>Danmark har verdens st\u00f8rste k\u00f8dproduktion per indbygger, og for at fodre de mange slagtedyr importerer vi soja fra omr\u00e5der i Sydamerika, hvor der f\u00f8r var livgivende skov. Det industrielle landbrug er hoved\u00e5rsagen til, at dyrebar regnskov f\u00e6ldes i Amazonas og Indonesien. Det truer biodiversiteten i skovene, klimaet globalt, og endda vores egen sundhed, fordi nye virusser som Covid-19 er direkte relaterede til \u00f8del\u00e6ggelsen af vilde dyrs leveomr\u00e5der. I 2021 arbejder vi for en udfasning af den problematiske import af sojafoder.&nbsp;<\/p>\n\n<figure class=\"wp-block-image size-large  caption-style-medium caption-alignment-center\"><img loading=\"lazy\" decoding=\"async\" width=\"1024\" height=\"682\" src=\"https:\/\/www.greenpeace.org\/static\/planet4-denmark-stateless\/28b5933a-gp0stu1tv-1024x682.jpg\" title=\"Greenpeace-protest\" alt=\"End this Meat Madness Protest in Denmark. \u00a9 Erik Albertsen \/ Greenpeace\" class=\"wp-image-12300\"\/><figcaption><div class=\"credit icon-left\"> \u00a9 Erik Albertsen \/ Greenpeace<\/div><\/figcaption><\/figure>\n\n<p>Derudover benytter vi omkring halvdelen af Danmarks samlede landareal til at dyrke foder til is\u00e6r de 33 millioner svin, der produceres \u00e5rligt, inden de f.eks. bliver transporteret til den anden ende af verden som bacon eller levende ud over landets gr\u00e6nser til opfedning i bl.a. Tyskland og \u00d8steuropa. Det er alt andet end et b\u00e6redygtigt f\u00f8devaresystem, som industriens interesseorganisationer p\u00e5st\u00e5r.&nbsp;<\/p>\n\n<h3 class=\"wp-block-heading\">Danmark bidrager til et bedre klima<\/h3>\n\n<p>I slutningen af 2020 meldte klimaministeren endelig ud, at Danmark s\u00e6tter en stopper for nye efterforskningslicenser og en udl\u00f8bsdato p\u00e5 den danske olieproduktion. Det er et vigtigt skridt i den rigtige retning, som vi vil arbejde videre p\u00e5 i 2021 ved at f\u00e5 fremrykket udl\u00f8bsdatoen og f\u00e5 regeringen til at sikre en fornuftig plan for at udfase produktionen, afvikle de gamle boreplatforme i Nords\u00f8en og ikke mindst sikre, at ansatte kan rykke fra sort til gr\u00f8n energi og det vindeventyr, der allerede er under fuld opsejling vest for Esbjerg.<\/p>\n\n<figure class=\"wp-block-image size-large  caption-style-medium caption-alignment-center\"><img loading=\"lazy\" decoding=\"async\" width=\"1200\" height=\"799\" src=\"https:\/\/www.greenpeace.org\/static\/planet4-denmark-stateless\/ca20fab8-gp0stuqe7_medium_res.jpg\" alt=\"\" class=\"wp-image-11871\"\/><\/figure>\n\n<p>Derudover vil vi arbejde for, at der kommer en pris p\u00e5 forurening, s\u00e5 virksomheder ikke l\u00e6ngere kan skade klimaet mere eller mindre gratis. En klimaafgift vil ogs\u00e5 v\u00e6re en st\u00e6rk drivkraft i omstillingen ved at motivere b\u00e5de virksomheder og forbrugere til gr\u00f8nne valg. Det skal heller ikke v\u00e6re muligt at slippe afsted med mere eller mindre fuskede kompensationsordninger, der ikke g\u00f8r en forskel for klimaet, men f\u00e5r virksomhederne til at se bedre ud. I det hele taget vil vi i 2021 afsl\u00f8re grelle eksempler p\u00e5 greenwashing, der vildleder befolkningen og sl\u00f8rer mulighederne for reelle forandringer.&nbsp;<\/p>\n\n<p>Vi \u00f8nsker, at Danmark tager ansvar i klimakampen og stopper de d\u00e5rlige, falske undskyldninger om eksempelvis social slagside og fatale udskydelser af meningsfuld handling. Vi \u00f8nsker klimapolitik og en gr\u00f8n omstilling, der bliver h\u00e5ndgribelig og appellerende at tage del i for os alle, s\u00e5 der rent faktisk er en fremtid at gl\u00e6de sig til.<\/p>\n\n<p><strong>Vores metoder er velkendte og effektive:<\/strong> afd\u00e6kning og unders\u00f8gelser p\u00e5 ryggen af videnskab og forskning, afsl\u00f8ringer af milj\u00f8forbrydelser, p\u00e5virkning af &#8211; og masser af kontakt til &#8211; beslutningstagerne, samt offentlige protester og direkte aktioner, n\u00e5r alt andet ikke har f\u00e5et magthaverne eller forurenerne til at \u00e6ndre adf\u00e6rd.&nbsp;<\/p>\n\n<p>Regeringen kan ikke forts\u00e6tte med at holde h\u00e5nden under de forurenende virksomheder og samtidig lade sig hylde for at v\u00e6re et gr\u00f8nt foregangsland. Det er et enormt svigt, b\u00e5de af mere s\u00e5rbare lande rundt om i verden og de mange hensynsfulde borgere, der var med til at give dem regeringsmagten.&nbsp;<\/p>\n\n<p>Vi opn\u00e5ede mange vigtige sejre sammen i 2020, <a href=\"https:\/\/www.greenpeace.org\/denmark\/div\/aarets-vigtigste-groenne-sejre\/\" target=\"_blank\" rel=\"noreferrer noopener\">som du kan l\u00e6se om her<\/a>. Nu forts\u00e6tter arbejdet for at holde den gr\u00f8nne omstilling &#8211; en egentlig gr\u00f8n omstilling &#8211; helt oppe i tanke og handling hos de politiske beslutningstagere i 2021. Tak, fordi I st\u00e5r sammen med os!<\/p>\n","protected":false},"excerpt":{"rendered":"<p>I 2021 vil vi arbejde for mere skov og vild natur i Danmark og globalt og beskytte vores klima og hav mod den skadelige olie- og gasproduktion.<\/p>\n","protected":false},"author":44,"featured_media":12297,"comment_status":"open","ping_status":"open","sticky":false,"template":"","format":"standard","meta":{"ep_exclude_from_search":false,"p4_og_title":"","p4_og_description":"I 2021 vil vi arbejde for mere skov og vild natur i Danmark og globalt og beskytte vores klima og hav mod den skadelige olie- og gasproduktion.","p4_og_image":"","p4_og_image_id":"","p4_seo_canonical_url":"","p4_campaign_name":"not set","p4_local_project":"not set","p4_basket_name":"not set","p4_department":"","footnotes":""},"categories":[1],"tags":[25,26],"p4-page-type":[16],"class_list":["post-12295","post","type-post","status-publish","format-standard","has-post-thumbnail","hentry","category-klimaforandringer","tag-klimalosninger","tag-koedproduktion","p4-page-type-nyhed"],"_links":{"self":[{"href":"https:\/\/www.greenpeace.org\/denmark\/wp-json\/wp\/v2\/posts\/12295","targetHints":{"allow":["GET"]}}],"collection":[{"href":"https:\/\/www.greenpeace.org\/denmark\/wp-json\/wp\/v2\/posts"}],"about":[{"href":"https:\/\/www.greenpeace.org\/denmark\/wp-json\/wp\/v2\/types\/post"}],"author":[{"embeddable":true,"href":"https:\/\/www.greenpeace.org\/denmark\/wp-json\/wp\/v2\/users\/44"}],"replies":[{"embeddable":true,"href":"https:\/\/www.greenpeace.org\/denmark\/wp-json\/wp\/v2\/comments?post=12295"}],"version-history":[{"count":2,"href":"https:\/\/www.greenpeace.org\/denmark\/wp-json\/wp\/v2\/posts\/12295\/revisions"}],"predecessor-version":[{"id":56025,"href":"https:\/\/www.greenpeace.org\/denmark\/wp-json\/wp\/v2\/posts\/12295\/revisions\/56025"}],"wp:featuredmedia":[{"embeddable":true,"href":"https:\/\/www.greenpeace.org\/denmark\/wp-json\/wp\/v2\/media\/12297"}],"wp:attachment":[{"href":"https:\/\/www.greenpeace.org\/denmark\/wp-json\/wp\/v2\/media?parent=12295"}],"wp:term":[{"taxonomy":"category","embeddable":true,"href":"https:\/\/www.greenpeace.org\/denmark\/wp-json\/wp\/v2\/categories?post=12295"},{"taxonomy":"post_tag","embeddable":true,"href":"https:\/\/www.greenpeace.org\/denmark\/wp-json\/wp\/v2\/tags?post=12295"},{"taxonomy":"p4-page-type","embeddable":true,"href":"https:\/\/www.greenpeace.org\/denmark\/wp-json\/wp\/v2\/p4-page-type?post=12295"}],"curies":[{"name":"wp","href":"https:\/\/api.w.org\/{rel}","templated":true}]}}