{"id":1618,"date":"2018-10-12T17:06:16","date_gmt":"2018-10-12T15:06:16","guid":{"rendered":"https:\/\/www.greenpeace.org\/denmark\/?p=1618"},"modified":"2023-01-12T16:48:47","modified_gmt":"2023-01-12T15:48:47","slug":"modstandsdygtige-samfund","status":"publish","type":"post","link":"https:\/\/www.greenpeace.org\/denmark\/nyhed\/greenpeace\/modstandsdygtige-samfund\/","title":{"rendered":"Modstandsdygtige samfund"},"content":{"rendered":"<p class=\"p3\"><strong>Vi bliver n\u00f8dt til at v\u00e6re modige &#8211; og vi tror p\u00e5, at optimisme er en form for mod. Vi tror p\u00e5, at vi g\u00e5r en lysere fremtid i m\u00f8de, n\u00e5r mennesker i massevis g\u00f8r en forskel. Vi skal l\u00f8se problemerne og holde vores politiske ledere til ilden, n\u00e5r vi ser uretf\u00e6rdigheder. For at g\u00f8re det har vi brug for aktive og engagerede samfundsborgere, der kan og vil skabe l\u00f8sninger. Vi skal samarbejde og i f\u00e6llesskab gribe til handling n\u00e5r demokratiet trues.<\/strong><\/p>\n<div id=\"attachment_1620\" style=\"width: 1034px\" class=\"wp-caption aligncenter\"><img loading=\"lazy\" decoding=\"async\" aria-describedby=\"caption-attachment-1620\" class=\"size-large wp-image-1620\" src=\"https:\/\/www.greenpeace.org\/static\/planet4-denmark-stateless\/2018\/10\/94aaf0d3-gp0stsiw2-1024x683.jpg\" alt=\"European Changemakers Camp in Poland.\" width=\"1024\" height=\"683\" srcset=\"https:\/\/www.greenpeace.org\/static\/planet4-denmark-stateless\/2018\/10\/94aaf0d3-gp0stsiw2-1024x683.jpg 1024w, https:\/\/www.greenpeace.org\/static\/planet4-denmark-stateless\/2018\/10\/94aaf0d3-gp0stsiw2-300x200.jpg 300w, https:\/\/www.greenpeace.org\/static\/planet4-denmark-stateless\/2018\/10\/94aaf0d3-gp0stsiw2-768x512.jpg 768w, https:\/\/www.greenpeace.org\/static\/planet4-denmark-stateless\/2018\/10\/94aaf0d3-gp0stsiw2-510x340.jpg 510w, https:\/\/www.greenpeace.org\/static\/planet4-denmark-stateless\/2018\/10\/94aaf0d3-gp0stsiw2.jpg 1200w\" sizes=\"auto, (max-width: 1024px) 100vw, 1024px\" \/><p id=\"caption-attachment-1620\" class=\"wp-caption-text\">I for\u00e5ret 2018 inviterede vi unge aktivister fra hele Europa til at deltage i udviklingen af \u200b\u200ben mere \u00e5ben tilgang til kampagner.<\/p><\/div>\n<h3 class=\"p3\"><b>Vores verden er i forandring<\/b><\/h3>\n<p class=\"p3\">Klimaforandringer, social uretf\u00e6rdighed, ulighed, trusler mod demokratiet&#8230; Vi st\u00e5r over for komplekse og alvorlige problemer. I de seneste \u00e5r har vi desv\u00e6rre v\u00e6ret vidne til en splittelse og mistillid blandt almindelige, fredelige mennesker og samtidig set fremgang og medvind til politikere, der h\u00f8ster stemmer p\u00e5 at dyrke netop det.<\/p>\n<p class=\"p3\">Vi er i disse \u00e5r vidner til tilbageslag i b\u00e5de ikke-demokratiske og demokratiske lande. Vores ret og mulighed for at tale frit og protestere bliver mange steder v\u00e6rre \u00e5r for \u00e5r. Over hundrede regeringer har indf\u00f8rt restriktive love, der begr\u00e6nser b\u00e5de almindelige borgere og organisationer i deres mulighed for at blande sig og g\u00f8re en forskel i samfundet. Det er alarmerende, n\u00e5r antallet af dr\u00e6bte menneskerettighedsfork\u00e6mpere er rekordh\u00f8jt over hele verden.<\/p>\n<p class=\"p3\">N\u00e5r vores politikere ikke l\u00f8ser den opgave, vi forventer af dem, har vi som borgere stadig mulighed for at skabe forandring. Vi tror p\u00e5, at almindelige mennesker der g\u00f8r en forskel ud over det s\u00e6dvanlige, er dem der kommer til at forme en lys fremtid.<\/p>\n<h3 class=\"p3\"><b>V\u00e6r med til at skabe en lys fremtid<\/b><\/h3>\n<p class=\"p3\">Derfor har vi startet projektet \u201cEmpowered Citizens &#8211; Resilient Societies\u201d, som skal st\u00f8tte de mennesker, der gerne vil g\u00f8re en forskel og k\u00e6mpe mod klimaproblemer, social uretf\u00e6rdighed, ulighed, trusler mod demokratiet. Projekt skal give tusindvis af unge i hele Europa redskaber til at organisere sig og f\u00e5 de f\u00e6rdigheder der skal til, s\u00e5 de kan fremme menneskerettigheder og beskytte klimaet.<\/p>\n<p class=\"p3\">Greenpeace har brug for mennesker som dig. Mennesker, som vil v\u00e6re med til at skabe modstandsdygtige samfund. Samfund hvor der er plads til os alle, og hvor vi i f\u00e6llesskab skaber fremskridt for vores milj\u00f8, hav og klima og beskytte vores fantastiske planet.<\/p>\n<p class=\"p3\">V\u00e6r med som frivillig i Greenpeace, start din egen kampagne p\u00e5 Gr\u00e6srod.org eller skriv dig op til at modtage mails fra os, s\u00e5 du kan f\u00f8lge med i de aktuelle sager som Greenpeace arbejder med, og f\u00e5 mulighed for at hj\u00e6lpe, n\u00e5r der bliver behov for dig. Sammen kan vi g\u00f8re en forskel!<\/p>\n<div class=\"EmptyMessage\">Block content is empty. Check the block&#8217;s settings or remove it.<\/div>","protected":false},"excerpt":{"rendered":"<p>Vi bliver n\u00f8dt til at v\u00e6re modige &#8211; og vi tror p\u00e5, at optimisme er en form for mod. Vi tror p\u00e5, at vi g\u00e5r en lysere fremtid i m\u00f8de,&hellip;<\/p>\n","protected":false},"author":20,"featured_media":1620,"comment_status":"open","ping_status":"open","sticky":false,"template":"","format":"standard","meta":{"ep_exclude_from_search":false,"p4_og_title":"","p4_og_description":"","p4_og_image":"","p4_og_image_id":"","p4_seo_canonical_url":"","p4_campaign_name":"not set","p4_local_project":"not set","p4_basket_name":"not set","p4_department":"","footnotes":""},"categories":[4],"tags":[30],"p4-page-type":[16],"class_list":["post-1618","post","type-post","status-publish","format-standard","has-post-thumbnail","hentry","category-greenpeace","tag-aktivisme","p4-page-type-nyhed"],"_links":{"self":[{"href":"https:\/\/www.greenpeace.org\/denmark\/wp-json\/wp\/v2\/posts\/1618","targetHints":{"allow":["GET"]}}],"collection":[{"href":"https:\/\/www.greenpeace.org\/denmark\/wp-json\/wp\/v2\/posts"}],"about":[{"href":"https:\/\/www.greenpeace.org\/denmark\/wp-json\/wp\/v2\/types\/post"}],"author":[{"embeddable":true,"href":"https:\/\/www.greenpeace.org\/denmark\/wp-json\/wp\/v2\/users\/20"}],"replies":[{"embeddable":true,"href":"https:\/\/www.greenpeace.org\/denmark\/wp-json\/wp\/v2\/comments?post=1618"}],"version-history":[{"count":7,"href":"https:\/\/www.greenpeace.org\/denmark\/wp-json\/wp\/v2\/posts\/1618\/revisions"}],"predecessor-version":[{"id":53044,"href":"https:\/\/www.greenpeace.org\/denmark\/wp-json\/wp\/v2\/posts\/1618\/revisions\/53044"}],"wp:featuredmedia":[{"embeddable":true,"href":"https:\/\/www.greenpeace.org\/denmark\/wp-json\/wp\/v2\/media\/1620"}],"wp:attachment":[{"href":"https:\/\/www.greenpeace.org\/denmark\/wp-json\/wp\/v2\/media?parent=1618"}],"wp:term":[{"taxonomy":"category","embeddable":true,"href":"https:\/\/www.greenpeace.org\/denmark\/wp-json\/wp\/v2\/categories?post=1618"},{"taxonomy":"post_tag","embeddable":true,"href":"https:\/\/www.greenpeace.org\/denmark\/wp-json\/wp\/v2\/tags?post=1618"},{"taxonomy":"p4-page-type","embeddable":true,"href":"https:\/\/www.greenpeace.org\/denmark\/wp-json\/wp\/v2\/p4-page-type?post=1618"}],"curies":[{"name":"wp","href":"https:\/\/api.w.org\/{rel}","templated":true}]}}