{"id":1722,"date":"2018-10-15T08:22:55","date_gmt":"2018-10-15T06:22:55","guid":{"rendered":"https:\/\/www.greenpeace.org\/denmark\/?p=1722"},"modified":"2024-02-09T14:45:47","modified_gmt":"2024-02-09T13:45:47","slug":"europas-unge-bliver-endnu-dygtigere-til-at-aendre-verden","status":"publish","type":"post","link":"https:\/\/www.greenpeace.org\/denmark\/nyhed\/klimaforandringer\/europas-unge-bliver-endnu-dygtigere-til-at-aendre-verden\/","title":{"rendered":"Europas unge bliver endnu dygtigere til at \u00e6ndre verden"},"content":{"rendered":"<p class=\"p1\"><b>Har du h\u00f8rt om den europ\u00e6iske Changemaker Camp? Et unikt kampagne og aktivist-seminar, hvor deltagerne i den f\u00f8rste camp af sin slags -l\u00e6rte om aktioner, kampagneplanl\u00e6gning og strategi.<\/b><\/p>\n<p class=\"p3\" style=\"text-align: center;\"><iframe loading=\"lazy\" style=\"border: none; overflow: hidden;\" src=\"https:\/\/www.facebook.com\/plugins\/video.php?href=https%3A%2F%2Fwww.facebook.com%2Feuropeanchangemakers%2Fvideos%2F2430373783856342%2F&amp;show_text=0&amp;width=560\" width=\"560\" height=\"315\" frameborder=\"0\" scrolling=\"no\" allowfullscreen=\"allowfullscreen\"><\/iframe><\/p>\n<p class=\"p3\">I for\u00e5ret 2018 inviterede vi unge aktivister fra hele Europa til at deltage i udviklingen af \u200b\u200ben mere \u00e5ben tilgang til kampagner. Vi s\u00e5 med gl\u00e6de, at hele 1600 mennesker reagerede positivt p\u00e5 vores invitation og endte med at samle et hold p\u00e5 250 til den f\u00f8rste europ\u00e6iske Changemaker Camp n\u00e6r Warszawa, Polen, for at l\u00e6re om kampagner og finde ud af, hvordan vi kan hj\u00e6lpe hinanden p\u00e5 tv\u00e6rs af gr\u00e6nser. Folk fra n\u00e6sten 30 lande dukkede op til en lang og sp\u00e6ndende weekend, p\u00e5 trods af, at flere af dem havde rejsetider p\u00e5 over 24 timer.<\/p>\n<p class=\"p3\">Denne lejr var startskuddet til et projekt vi kalder \u201cEmpowered Citizens &#8211; Resilient Societies\u201d, og som vi arbejder p\u00e5 i Greenpeace Norden sammen med b\u00e5de Greenpeace i \u00f8steuropa, Spanien og Gr\u00e6kenland.<\/p>\n<p class=\"p3\"><b>Ivrige og entusiastiske unge fra hele Europa<\/b><\/p>\n<p class=\"p3\">Det er sv\u00e6rt at beskrive den entusiasme og energi, vi oplevede p\u00e5 Changemaker Campen, hvor folk var ivrige for at f\u00e5 plads i de forskellige workshops og fik udviklet en hel masse sp\u00e6ndende ideer.<\/p>\n<p class=\"p3\">Deltagerne, hovedsagelig mellem 18 og 30 \u00e5r, kom fra forskellige organisationer, gr\u00e6srodsgrupper og var optaget af alt fra menneskerettigheder, social retf\u00e6rdighed, klimaretf\u00e6rdighed og feminisme til dyrerettigheder. Mange deltagere kom med begr\u00e6nset erfaring med aktivisme, men f\u00e6lles for dem var at de var optaget af et problem eller v\u00e6ret vidne til uretf\u00e6rdighed, som var grunden til at de har valgt at engagere sig i &#8211; de de delte ogs\u00e5 \u00f8nsket om at kunne g\u00f8re mere for at skabe forandring.<\/p>\n<p class=\"p3\"><i>&#8220;Vi har alle en vision om, hvordan verden skal se ud, men vi har ofte sv\u00e6rt ved at s\u00e6tte det ind i en plan eller finde ud af hvordan man oms\u00e6tter det til handling. For mig, der bor i mellem Kosovo og Tyrkiet, har det meget at g\u00f8re med frygt, frygten for at tage stilling, f\u00f8le sig alene, f\u00f8le at man mangler handlemuligheder og tro p\u00e5 sig selv, s\u00e5 jeg f\u00f8lte at jeg havde brug for et st\u00e6rkere f\u00e6llesskab og en mere konkret m\u00e5de, hvordan jeg kunne deltage i det.\u201d<\/i><\/p>\n<p class=\"p3\">&#8211; Deltager fra Kosovo<\/p>\n<p class=\"p3\">P\u00e5 lejren var der workshops, hvor 30 erfarne instrukt\u00f8rer, der b\u00e5de handlede om, hvordan man giver interviews til medier, hvordan man taler med og overbeviser politikere, hvordan man laver kreativ modstand, bruger kajak-tivisme og andre former for fredelig, aktivistisk modstand. Mulighederne er mange og vi n\u00e5ede vidt omkring p\u00e5 de mange workshops.<\/p>\n<p class=\"p3\"><b>Nu er vi igang<\/b><\/p>\n<p class=\"p3\">Fra slutningen af \u200b\u200boktober 2018 vil du ogs\u00e5 kunne finde en online v\u00e6rkt\u00f8jskasse, hvor engagerede og aktive samfundsborgere kan finde ideer, indsigt og inspiration til, hvordan man kan g\u00f8re en forskel. Og fra november og frem vil der ogs\u00e5 l\u00f8bende v\u00e6re flere og flere muligheder for at deltage i nye kurser &#8211; b\u00e5de offline og online.<\/p>\n<p class=\"p3\">Du kan f\u00f8lge <a href=\"https:\/\/www.facebook.com\/europeanchangemakers\/\">de europ\u00e6iske changemakers p\u00e5 Facebook<\/a> &#8211; og m\u00e5ske ogs\u00e5 v\u00e6re med?<\/p>\n<div class=\"EmptyMessage\">Block content is empty. Check the block&#8217;s settings or remove it.<\/div>","protected":false},"excerpt":{"rendered":"<p>Har du h\u00f8rt om den europ\u00e6iske Changemaker Camp? Et unikt kampagne og aktivist-seminar, hvor deltagerne i den f\u00f8rste camp af sin slags -l\u00e6rte om aktioner, kampagneplanl\u00e6gning og strategi.<\/p>\n","protected":false},"author":20,"featured_media":1724,"comment_status":"open","ping_status":"open","sticky":false,"template":"","format":"standard","meta":{"ep_exclude_from_search":false,"p4_og_title":"","p4_og_description":"","p4_og_image":"","p4_og_image_id":"","p4_seo_canonical_url":"","p4_campaign_name":"","p4_local_project":"","p4_basket_name":"","p4_department":"","footnotes":""},"categories":[1],"tags":[30],"p4-page-type":[16],"class_list":["post-1722","post","type-post","status-publish","format-standard","has-post-thumbnail","hentry","category-klimaforandringer","tag-aktivisme","p4-page-type-nyhed"],"_links":{"self":[{"href":"https:\/\/www.greenpeace.org\/denmark\/wp-json\/wp\/v2\/posts\/1722","targetHints":{"allow":["GET"]}}],"collection":[{"href":"https:\/\/www.greenpeace.org\/denmark\/wp-json\/wp\/v2\/posts"}],"about":[{"href":"https:\/\/www.greenpeace.org\/denmark\/wp-json\/wp\/v2\/types\/post"}],"author":[{"embeddable":true,"href":"https:\/\/www.greenpeace.org\/denmark\/wp-json\/wp\/v2\/users\/20"}],"replies":[{"embeddable":true,"href":"https:\/\/www.greenpeace.org\/denmark\/wp-json\/wp\/v2\/comments?post=1722"}],"version-history":[{"count":2,"href":"https:\/\/www.greenpeace.org\/denmark\/wp-json\/wp\/v2\/posts\/1722\/revisions"}],"predecessor-version":[{"id":49849,"href":"https:\/\/www.greenpeace.org\/denmark\/wp-json\/wp\/v2\/posts\/1722\/revisions\/49849"}],"wp:featuredmedia":[{"embeddable":true,"href":"https:\/\/www.greenpeace.org\/denmark\/wp-json\/wp\/v2\/media\/1724"}],"wp:attachment":[{"href":"https:\/\/www.greenpeace.org\/denmark\/wp-json\/wp\/v2\/media?parent=1722"}],"wp:term":[{"taxonomy":"category","embeddable":true,"href":"https:\/\/www.greenpeace.org\/denmark\/wp-json\/wp\/v2\/categories?post=1722"},{"taxonomy":"post_tag","embeddable":true,"href":"https:\/\/www.greenpeace.org\/denmark\/wp-json\/wp\/v2\/tags?post=1722"},{"taxonomy":"p4-page-type","embeddable":true,"href":"https:\/\/www.greenpeace.org\/denmark\/wp-json\/wp\/v2\/p4-page-type?post=1722"}],"curies":[{"name":"wp","href":"https:\/\/api.w.org\/{rel}","templated":true}]}}