{"id":2184,"date":"2018-12-04T15:22:45","date_gmt":"2018-12-04T14:22:45","guid":{"rendered":"https:\/\/www.greenpeace.org\/denmark\/?p=2184"},"modified":"2019-11-06T09:38:14","modified_gmt":"2019-11-06T08:38:14","slug":"aktivister-tilbage-i-friheden-men-risikerer-stadig-fem-aars-faengsel","status":"publish","type":"post","link":"https:\/\/www.greenpeace.org\/denmark\/nyhed\/klimaforandringer\/aktivister-tilbage-i-friheden-men-risikerer-stadig-fem-aars-faengsel\/","title":{"rendered":"Aktivister tilbage i friheden &#8211; men risikerer stadig fem \u00e5rs f\u00e6ngsel"},"content":{"rendered":"<p class=\"p1\">En gruppe af 12 Greenpeace-aktivister fra flere lande (Slovakiet, Tjekkiet, Finland, Tyskland og Belgien) er endelig blevet l\u00f8sladt, efter at de i en uge har siddet i varet\u00e6gtsf\u00e6ngsling i Slovakiet.<\/p>\n<p class=\"p1\">Aktivisterne blev arresteret onsdag i forbindelse med en fredelig aktion mod brunkulsminen Hornonitrianske bane Prievidza (HBP), hvor de blandt andet havde h\u00e6ngt bannere ud fra toppen af et mine-t\u00e5rn med budskaber om at udfase landets kulproduktion &#8211; en af de af de mest klimaskadelige energikilder.<\/p>\n<p class=\"p1\">HBP-minen forsyner en af Slovakiets mest forurenende v\u00e6rker med brunkul.<\/p>\n<p class=\"p1\">Beslutningen om at varet\u00e6gtsf\u00e6ngsle de 12 aktivister blev allerede tidligt m\u00f8dt med betydeligt pres &#8211; ikke mindst fra Slovakiets egen premierminister, Peter Pellegrini, der kaldte beslutningen om at varet\u00e6gtsf\u00e6ngsle de 12 aktivister for \u201ctvivlsom\u201d. Den slovakiske premierminister deltager i \u00f8jeblikket i FN\u2019s klimatopm\u00f8de, COP24, i Polen.<\/p>\n<p class=\"p1\">Ogs\u00e5 uden for Slovakiet var der omfangsrige protester, blandt andet her i Danmark, hvor aktivister s\u00f8ndag stillede sig med fakler foran Slovakiets ambassade og dagen efter m\u00f8dtes med den slovakiske ambassad\u00f8r, der gentog premierministerens kritik.<\/p>\n<p class=\"p1\">Efter l\u00f8sladelsen kan de 12 aktivister nu rejse hjem til deres familier, mens de afventer en mulig indkaldelse til en retssag, hvis sigtelserne mod dem fastholdes.<\/p>\n","protected":false},"excerpt":{"rendered":"<p>En gruppe af 12 Greenpeace-aktivister fra flere lande (Slovakiet, Tjekkiet, Finland, Tyskland og Belgien) er endelig blevet l\u00f8sladt, efter at de i en uge har siddet i varet\u00e6gtsf\u00e6ngsling i Slovakiet.&hellip;<\/p>\n","protected":false},"author":37,"featured_media":2188,"comment_status":"open","ping_status":"open","sticky":false,"template":"","format":"standard","meta":{"ep_exclude_from_search":false,"p4_og_title":"","p4_og_description":"","p4_og_image":"","p4_og_image_id":"","p4_seo_canonical_url":"","p4_campaign_name":"","p4_local_project":"","p4_basket_name":"","p4_department":"","footnotes":""},"categories":[1],"tags":[19,24],"p4-page-type":[16],"class_list":["post-2184","post","type-post","status-publish","format-standard","has-post-thumbnail","hentry","category-klimaforandringer","tag-fossilenergi","tag-klima","p4-page-type-nyhed"],"_links":{"self":[{"href":"https:\/\/www.greenpeace.org\/denmark\/wp-json\/wp\/v2\/posts\/2184","targetHints":{"allow":["GET"]}}],"collection":[{"href":"https:\/\/www.greenpeace.org\/denmark\/wp-json\/wp\/v2\/posts"}],"about":[{"href":"https:\/\/www.greenpeace.org\/denmark\/wp-json\/wp\/v2\/types\/post"}],"author":[{"embeddable":true,"href":"https:\/\/www.greenpeace.org\/denmark\/wp-json\/wp\/v2\/users\/37"}],"replies":[{"embeddable":true,"href":"https:\/\/www.greenpeace.org\/denmark\/wp-json\/wp\/v2\/comments?post=2184"}],"version-history":[{"count":3,"href":"https:\/\/www.greenpeace.org\/denmark\/wp-json\/wp\/v2\/posts\/2184\/revisions"}],"predecessor-version":[{"id":2191,"href":"https:\/\/www.greenpeace.org\/denmark\/wp-json\/wp\/v2\/posts\/2184\/revisions\/2191"}],"wp:featuredmedia":[{"embeddable":true,"href":"https:\/\/www.greenpeace.org\/denmark\/wp-json\/wp\/v2\/media\/2188"}],"wp:attachment":[{"href":"https:\/\/www.greenpeace.org\/denmark\/wp-json\/wp\/v2\/media?parent=2184"}],"wp:term":[{"taxonomy":"category","embeddable":true,"href":"https:\/\/www.greenpeace.org\/denmark\/wp-json\/wp\/v2\/categories?post=2184"},{"taxonomy":"post_tag","embeddable":true,"href":"https:\/\/www.greenpeace.org\/denmark\/wp-json\/wp\/v2\/tags?post=2184"},{"taxonomy":"p4-page-type","embeddable":true,"href":"https:\/\/www.greenpeace.org\/denmark\/wp-json\/wp\/v2\/p4-page-type?post=2184"}],"curies":[{"name":"wp","href":"https:\/\/api.w.org\/{rel}","templated":true}]}}