{"id":2515,"date":"2019-03-15T09:25:14","date_gmt":"2019-03-15T08:25:14","guid":{"rendered":"https:\/\/www.greenpeace.org\/denmark\/?p=2515"},"modified":"2023-11-16T09:46:44","modified_gmt":"2023-11-16T08:46:44","slug":"global-klimastrejke-den-15-marts","status":"publish","type":"post","link":"https:\/\/www.greenpeace.org\/denmark\/nyhed\/klimaforandringer\/global-klimastrejke-den-15-marts\/","title":{"rendered":"\u00c5bent brev fra ungdommen"},"content":{"rendered":"\n<p><b>I dag bringer vi et \u00e5bent brev fra ungdommen i anledning af, at det er fredag d. 15. marts &#8211; en helt s\u00e6rlig dag. Den internationale bev\u00e6gelse, FridaysForFuture, samler nemlig i dag borgere i ikke mindre end <a href=\"https:\/\/fridaysforfuture.org\/events\/list\">105 lande<\/a> til over 1000 klimastrejker til, hvad der bliver en verdenshistorisk stor aktion i klimaets tegn. I det danske rigsf\u00e6llesskab afholdes over 30 strejker. Helt fra R\u00f8nne til Hiller\u00f8d, Kerteminde, Ringk\u00f8bing, Frederikshavn og Nuuk. B\u00e5de elever, studerende, for\u00e6ldre og andre bekymrede borgere g\u00e5r sammen i et f\u00e6lles opr\u00e5b for at f\u00e5 politikerne til at s\u00e6tte klimaet \u00f8verst p\u00e5 dagsordenen. <\/b><\/p>\n\n<p>Brevet blev f\u00f8rste gang <span style=\"font-weight: 400;\"><a href=\"https:\/\/www.theguardian.com\/environment\/2019\/mar\/01\/youth-climate-change-strikers-open-letter-to-world-leaders?fbclid=IwAR1eczG_QUiGQvKNSnNGsBRqrXcrDnLT6sZmb400Xzo2vbK7H1mn3bAuXOg\">bragt<\/a> p\u00e5 engelsk i The Guardian d. 1. marts, og er nedenfor oversat og skrevet af den danske FridaysForFuture-bev\u00e6gelse.&nbsp;<\/span><b><\/b><\/p>\n\n<h3 class=\"wp-block-heading\"><img loading=\"lazy\" decoding=\"async\" class=\"alignnone size-large wp-image-2546\" src=\"https:\/\/www.greenpeace.org\/static\/planet4-denmark-stateless\/2019\/03\/1d4baaa2-elsker-1024x552.png\" alt=\"\" width=\"1024\" height=\"552\" srcset=\"https:\/\/www.greenpeace.org\/static\/planet4-denmark-stateless\/2019\/03\/1d4baaa2-elsker-1024x552.png 1024w, https:\/\/www.greenpeace.org\/static\/planet4-denmark-stateless\/2019\/03\/1d4baaa2-elsker-300x162.png 300w, https:\/\/www.greenpeace.org\/static\/planet4-denmark-stateless\/2019\/03\/1d4baaa2-elsker-768x414.png 768w, https:\/\/www.greenpeace.org\/static\/planet4-denmark-stateless\/2019\/03\/1d4baaa2-elsker-2048x1104.png 2048w, https:\/\/www.greenpeace.org\/static\/planet4-denmark-stateless\/2019\/03\/1d4baaa2-elsker-510x275.png 510w\" sizes=\"auto, (max-width: 1024px) 100vw, 1024px\" \/><\/h3>\n\n<h3 class=\"wp-block-heading\"><strong>\u00c5bent brev fra ungdommen<\/strong><\/h3>\n\n<p><span style=\"font-weight: 400;\">Vi, Ungdommen, er dybt bekymrede for vores fremtid. Mennesket er i \u00f8jeblikket \u00e5rsag til den sjette masseudryddelse af arter, og det globale klimasystem st\u00e5r p\u00e5 randen af \u200b\u200ben katastrofal krise. Denne krises \u00f8del\u00e6ggende virkninger er allerede m\u00e6rket af millioner af mennesker over hele kloden. Men vi er langt fra at n\u00e5 m\u00e5lene i Paris-aftalen.<\/span><\/p>\n\n<p><span style=\"font-weight: 400;\">Vi unge udg\u00f8r mere end halvdelen af \u200b\u200bden globale befolkning. Vores generation voksede op med klimakrisen, og vi skal h\u00e5ndtere den i resten af \u200b\u200bvores liv. P\u00e5 trods af dette er de fleste af os ikke med i de lokale og globale beslutningsprocesser. Vi er menneskets stemmel\u00f8se fremtid.<\/span><\/p>\n\n<p><span style=\"font-weight: 400;\">Vi accepterer ikke l\u00e6ngere denne uretf\u00e6rdighed. Vi kr\u00e6ver klimaretf\u00e6rdighed! Vi kr\u00e6ver retf\u00e6rdighed for alle tidligere, nuv\u00e6rende og fremtidige ofre for klimakrisen. Derfor rejser vi os! Tusinder af os er g\u00e5et p\u00e5 gaden i de sidste uger over hele verden. Nu vil vi have vores stemmer h\u00f8rt. Den 15. marts protesterer vi p\u00e5 hvert eneste kontinent.<\/span><\/p>\n\n<p><span style=\"font-weight: 400;\">Vi har brug for, endelig, at behandle klimakrisen som en krise. Det er den st\u00f8rste trussel i menneskets historie, og vi accepterer ikke den manglende handling, der truer hele vores civilisation. Vi vil ikke acceptere et liv i frygt og \u00f8del\u00e6ggelse. Vi har ret til at leve vores dr\u00f8mme og h\u00e5b. Klima\u00e6ndringer sker allerede. Folk d\u00f8de, d\u00f8r og vil d\u00f8 p\u00e5 grund af det, men vi kan og vil stoppe dette vanvid.<\/span><\/p>\n\n<p><span style=\"font-weight: 400;\">Vi, Ungdommen, er begyndt at handle. <\/span><span style=\"font-weight: 400;\">Vi kommer til at \u00e6ndre menneskets sk\u00e6bne, uanset om du kan lide det eller ej. Den 15. marts og mange gange mere efter, vil vi rejse os, indtil vi ser klimaretf\u00e6rdighed. Vi kr\u00e6ver, at verdens beslutningstagere tager ansvar og l\u00f8ser denne krise.<\/span><\/p>\n\n<p><span style=\"font-weight: 400;\">I har svigtet os tidligere. Hvis I forts\u00e6tter med at svigte os i fremtiden, vil vi, de unge, selv s\u00f8rge for den n\u00f8dvendige forandring. Ungdommen i denne verden er begyndt at bev\u00e6ge sig. Vi kr\u00e6ver, at verdens beslutningstagere tager ansvar og l\u00f8ser denne krise.<\/span><\/p>\n\n<p><em><span style=\"font-weight: 400;\">Bev\u00e6gelsen bag strejkerne er opst\u00e5et p\u00e5 baggrund af den svenske Greta Thunbergs skolestrejker i efter\u00e5ret 2018. I Danmark startede klimastrejkerne i et samarbejde mellem en bekymret for\u00e6lder og Den Gr\u00f8nne Studenterbev\u00e6gelse. De danske klimastrejker har siden november 2018 fordoblet sig flere gange, da flere og flere har melder sig p\u00e5 banen til at arrangere klimastrejke i deres egen by.<\/span><\/em><\/p>\n\n<p><b>F\u00f8lg med, n\u00e5r de danske klimastrejker i dag overtager vores <a href=\"https:\/\/www.instagram.com\/greenpeacedk\/\">instagram<\/a>. Du kan ogs\u00e5 v\u00e6re med til at kr\u00e6ve 5 konkrete klimal\u00f8fter af vores politikere <a href=\"https:\/\/www.greenpeace.org\/archive-denmark\/da\/hvad-du-kan-gore\/ikke_mere_varm_luft\/\">HER<\/a>&nbsp;<\/b><\/p>\n<div class=\"EmptyMessage\">Block content is empty. Check the block&#8217;s settings or remove it.<\/div>","protected":false},"excerpt":{"rendered":"<p>I dag bringer vi et \u00e5bent brev fra ungdommen i anledning af, at det er fredag d. 15. marts &#8211; en helt s\u00e6rlig dag. Den internationale bev\u00e6gelse, FridaysForFuture, samler nemlig i dag borgere i ikke mindre end 105 lande til over 1000 klimastrejker til, hvad der bliver en verdenshistorisk stor aktion i klimaets tegn. <\/p>\n","protected":false},"author":43,"featured_media":2546,"comment_status":"open","ping_status":"open","sticky":false,"template":"","format":"standard","meta":{"ep_exclude_from_search":false,"p4_og_title":"\u00c5bent brev fra ungdommen","p4_og_description":"Ungdommen er dybt bekymrede for deres fremtid. L\u00e6s deres opr\u00e5b her!","p4_og_image":"","p4_og_image_id":"","p4_seo_canonical_url":"https:\/\/www.greenpeace.org\/denmark\/nyhed\/klimaforandringer\/global-klimastrejke-den-15-marts\/","p4_campaign_name":"","p4_local_project":"","p4_basket_name":"","p4_department":"","footnotes":""},"categories":[4,1],"tags":[24,25,30],"p4-page-type":[16],"class_list":["post-2515","post","type-post","status-publish","format-standard","has-post-thumbnail","hentry","category-greenpeace","category-klimaforandringer","tag-klima","tag-klimalosninger","tag-aktivisme","p4-page-type-nyhed"],"_links":{"self":[{"href":"https:\/\/www.greenpeace.org\/denmark\/wp-json\/wp\/v2\/posts\/2515","targetHints":{"allow":["GET"]}}],"collection":[{"href":"https:\/\/www.greenpeace.org\/denmark\/wp-json\/wp\/v2\/posts"}],"about":[{"href":"https:\/\/www.greenpeace.org\/denmark\/wp-json\/wp\/v2\/types\/post"}],"author":[{"embeddable":true,"href":"https:\/\/www.greenpeace.org\/denmark\/wp-json\/wp\/v2\/users\/43"}],"replies":[{"embeddable":true,"href":"https:\/\/www.greenpeace.org\/denmark\/wp-json\/wp\/v2\/comments?post=2515"}],"version-history":[{"count":16,"href":"https:\/\/www.greenpeace.org\/denmark\/wp-json\/wp\/v2\/posts\/2515\/revisions"}],"predecessor-version":[{"id":58280,"href":"https:\/\/www.greenpeace.org\/denmark\/wp-json\/wp\/v2\/posts\/2515\/revisions\/58280"}],"wp:featuredmedia":[{"embeddable":true,"href":"https:\/\/www.greenpeace.org\/denmark\/wp-json\/wp\/v2\/media\/2546"}],"wp:attachment":[{"href":"https:\/\/www.greenpeace.org\/denmark\/wp-json\/wp\/v2\/media?parent=2515"}],"wp:term":[{"taxonomy":"category","embeddable":true,"href":"https:\/\/www.greenpeace.org\/denmark\/wp-json\/wp\/v2\/categories?post=2515"},{"taxonomy":"post_tag","embeddable":true,"href":"https:\/\/www.greenpeace.org\/denmark\/wp-json\/wp\/v2\/tags?post=2515"},{"taxonomy":"p4-page-type","embeddable":true,"href":"https:\/\/www.greenpeace.org\/denmark\/wp-json\/wp\/v2\/p4-page-type?post=2515"}],"curies":[{"name":"wp","href":"https:\/\/api.w.org\/{rel}","templated":true}]}}