{"id":3271,"date":"2019-08-29T17:20:16","date_gmt":"2019-08-29T15:20:16","guid":{"rendered":"https:\/\/www.greenpeace.org\/denmark\/?p=3271"},"modified":"2023-01-12T17:39:16","modified_gmt":"2023-01-12T16:39:16","slug":"organisationer-til-mette-frederiksen-landbruget-har-medansvar-for-skovrydningen-i-amazonas","status":"publish","type":"post","link":"https:\/\/www.greenpeace.org\/denmark\/pressemeddelelse\/klimaforandringer\/organisationer-til-mette-frederiksen-landbruget-har-medansvar-for-skovrydningen-i-amazonas\/","title":{"rendered":"Organisationer til Mette Frederiksen: Europa har medansvar for skovrydningen i Amazonas"},"content":{"rendered":"<p><img loading=\"lazy\" decoding=\"async\" class=\"aligncenter wp-image-3232 size-full\" src=\"https:\/\/www.greenpeace.org\/static\/planet4-denmark-stateless\/2019\/08\/2aa74090-amazon_1.jpg\" alt=\"Skovbrande i Amazonas\" width=\"800\" height=\"533\" srcset=\"https:\/\/www.greenpeace.org\/static\/planet4-denmark-stateless\/2019\/08\/2aa74090-amazon_1.jpg 800w, https:\/\/www.greenpeace.org\/static\/planet4-denmark-stateless\/2019\/08\/2aa74090-amazon_1-300x200.jpg 300w, https:\/\/www.greenpeace.org\/static\/planet4-denmark-stateless\/2019\/08\/2aa74090-amazon_1-768x512.jpg 768w, https:\/\/www.greenpeace.org\/static\/planet4-denmark-stateless\/2019\/08\/2aa74090-amazon_1-510x340.jpg 510w\" sizes=\"auto, (max-width: 800px) 100vw, 800px\" \/><\/p>\n<p>Greenpeace har sammen med en r\u00e6kke gr\u00f8nne organisationer netop sendt <a href=\"http:\/\/icm-tracking.meltwater.com\/link.php?DynEngagement=true&amp;H=3ZUQjNycMu7D%2Fe%2Bm%2FOmi3Qi1eTNrfRb0HcFplK3KYerw%2B6SfjwwI9ufGnvDBhsz7qklF0BzKC2o3dtAMkUTSb7PWDmef8VrWBChmuzm2VcTJZybPY6EQoWGRhL63%2FKZb&amp;G=0&amp;R=https%3A%2F%2Fwww.fern.org%2Ffileadmin%2Fuploads%2Ffern%2FDocuments%2F2019%2FJoint-letter-end-European-complicity-in-the_-Amazon-fires.pdf&amp;I=20190829144638.0000047241c6%40mail6-53-ussnn1&amp;X=MHwxMDQ2NzU4OjVkNjdlNTRiODE2NmRhY2YxZmU5YmU0MTsxfDEwNDY3NTk6dHJ1ZTs%3D&amp;S=Hg0rsBktss5sC3sgPg5aSihDo0Iuwf-2oxTl3TJWk9A\" data-saferedirecturl=\"https:\/\/www.google.com\/url?q=http:\/\/icm-tracking.meltwater.com\/link.php?DynEngagement%3Dtrue%26H%3D3ZUQjNycMu7D%252Fe%252Bm%252FOmi3Qi1eTNrfRb0HcFplK3KYerw%252B6SfjwwI9ufGnvDBhsz7qklF0BzKC2o3dtAMkUTSb7PWDmef8VrWBChmuzm2VcTJZybPY6EQoWGRhL63%252FKZb%26G%3D0%26R%3Dhttps%253A%252F%252Fwww.fern.org%252Ffileadmin%252Fuploads%252Ffern%252FDocuments%252F2019%252FJoint-letter-end-European-complicity-in-the_-Amazon-fires.pdf%26I%3D20190829144638.0000047241c6%2540mail6-53-ussnn1%26X%3DMHwxMDQ2NzU4OjVkNjdlNTRiODE2NmRhY2YxZmU5YmU0MTsxfDEwNDY3NTk6dHJ1ZTs%253D%26S%3DHg0rsBktss5sC3sgPg5aSihDo0Iuwf-2oxTl3TJWk9A&amp;source=gmail&amp;ust=1567177625401000&amp;usg=AFQjCNHDHwo1Ua9tAMdoKkPftLdHKbSGKA\">et brev<\/a>\u00a0til statsminister Mette Frederiksen og andre europ\u00e6iske regeringsleder samt EU-chefer for at rette opm\u00e6rksomhed p\u00e5 Europas medansvar i den igangv\u00e6rende afskovning af bl.a. Amazonas.<\/p>\n<p><strong><em>Mads Flarup Christensen (tlf. 28 10 90 22), generalsekret\u00e6r, Greenpeace Norden, siger:<\/em><\/strong><em>\u00a0<\/em><\/p>\n<p>\u201cTrods det kan virke fristende at alene give Bolsonaro skylden for brandene, der h\u00e6rger Amazonas, og selvom vi m\u00e5 og skal \u00f8ge presset p\u00e5 ham, m\u00e5 vi med samme intensitet erkende et k\u00e6mpe europ\u00e6isk medansvar. N\u00e5r vi i stor stil importerer, producerer, forbruger og handler i Europa, er vi en drivkraft bag rydning og \u00f8del\u00e6ggelse af skove. Det er derfor, vi nu er med til at sende et brev med en meget klar opfordring til Mette Frederiksen og hendes kolleger.\u201d<\/p>\n<p>\u201cLige nu stiller man politisk &#8211; igennem blandt andet lovgivning &#8211; ikke de krav, der skal til, og dermed bliver EU-landene i kraft af vores forbrug og produktion en stor del af problemet. Et eksempel er st\u00f8rrelsen af Danmarks svineproduktion, som med en h\u00f8j import af soja til foder l\u00e6gger pres p\u00e5 brugen af jord i Sydamerika. Det giver et medansvar for den afskovning, der blandt andet sker i Amazonas, og det kan og skal b\u00e5de l\u00f8ses politisk og fra virksomhederne.\u201d<\/p>\n<p>\u201cHvis vi producerer mindre k\u00f8d i Danmark, har det den sidegevinst, at vi ganske hurtigt kan f\u00e5 stoppet en stor del af importen af soja til foder. Et af h\u00e5ndtagene, man her kan dreje p\u00e5, er den europ\u00e6iske landbrugsst\u00f8tte i kraft af den form for landbrug, man v\u00e6lger at pr\u00e6miere igennem den. Det er blandt andet andet s\u00e5danne redskaber, regeringscheferne m\u00e5 tage i brug.\u201d<\/p>\n<p>\u201cEuropa m\u00e5 og skal som minimum s\u00e6tte en handelsaftale p\u00e5 pause, n\u00e5r der er tvivl om, hvorvidt den vil bidrage til klimakrisen og underminere vores forpligtelser til at stoppe tabet af biodiversitet, som vil v\u00e6re resultatet, hvis ikke vi f\u00e5r bremset \u00f8del\u00e6ggelsen af Amazonas. Aftalen g\u00e5r grundl\u00e6ggende ud p\u00e5, at vi europ\u00e6ere skal producere biler og industriprodukter til Brasilien, mens de skal producere eksportafgr\u00f8der, k\u00f8d og biobr\u00e6ndstof til Europa. Er der noget, klimakrisen ikke har brug for, er det flere biler, mere biobr\u00e6ndstof og mere k\u00f8d.\u201d<\/p>\n<p>\u201cDet er r\u00e5varerne, der driver \u00f8del\u00e6ggelserne. Det er dem, der driver behovet for at konvertere skov til landbrugsjord. Danske virksomheder har derfor ogs\u00e5 en voldsom forpligtelse til at s\u00f8rge for, at de har styr p\u00e5 deres leverand\u00f8rk\u00e6de, hvad end det handler om soja til grise, t\u00f8mmer til m\u00f8bler, eller palmeolie til blandt andet biobr\u00e6ndstof. Samtidig har de politiske besluningstagere en mindst lige s\u00e5 stor forpligtelse til at sikre, at der lovgives, s\u00e5 selskaberne skal dokumentere, at man ikke har skovrydning og skov\u00f8del\u00e6ggelse p\u00e5 samvittigheden.\u201d<\/p>\n<p><strong>L\u00e6s her\u00a0<a href=\"http:\/\/icm-tracking.meltwater.com\/link.php?DynEngagement=true&amp;H=3ZUQjNycMu7D%2Fe%2Bm%2FOmi3Qi1eTNrfRb0HcFplK3KYerw%2B6SfjwwI9ufGnvDBhsz7qklF0BzKC2o3dtAMkUTSb7PWDmef8VrWBChmuzm2VcTJZybPY6EQoWGRhL63%2FKZb&amp;G=0&amp;R=https%3A%2F%2Fwww.fern.org%2Ffileadmin%2Fuploads%2Ffern%2FDocuments%2F2019%2FJoint-letter-end-European-complicity-in-the_-Amazon-fires.pdf&amp;I=20190829144638.0000047241c6%40mail6-53-ussnn1&amp;X=MHwxMDQ2NzU4OjVkNjdlNTRiODE2NmRhY2YxZmU5YmU0MTsxfDEwNDY3NTk6dHJ1ZTs%3D&amp;S=Hg0rsBktss5sC3sgPg5aSihDo0Iuwf-2oxTl3TJWk9A\" data-saferedirecturl=\"https:\/\/www.google.com\/url?q=http:\/\/icm-tracking.meltwater.com\/link.php?DynEngagement%3Dtrue%26H%3D3ZUQjNycMu7D%252Fe%252Bm%252FOmi3Qi1eTNrfRb0HcFplK3KYerw%252B6SfjwwI9ufGnvDBhsz7qklF0BzKC2o3dtAMkUTSb7PWDmef8VrWBChmuzm2VcTJZybPY6EQoWGRhL63%252FKZb%26G%3D0%26R%3Dhttps%253A%252F%252Fwww.fern.org%252Ffileadmin%252Fuploads%252Ffern%252FDocuments%252F2019%252FJoint-letter-end-European-complicity-in-the_-Amazon-fires.pdf%26I%3D20190829144638.0000047241c6%2540mail6-53-ussnn1%26X%3DMHwxMDQ2NzU4OjVkNjdlNTRiODE2NmRhY2YxZmU5YmU0MTsxfDEwNDY3NTk6dHJ1ZTs%253D%26S%3DHg0rsBktss5sC3sgPg5aSihDo0Iuwf-2oxTl3TJWk9A&amp;source=gmail&amp;ust=1567177625402000&amp;usg=AFQjCNGkjNKdLa9ykslTmFuNsWW_Mm6AVg\">brevet<\/a>\u00a0med krav og opfordringer til statsledere og EU-chefer.<\/strong><\/p>\n<p><strong>OBS:<\/strong>\u00a0Greenpeace, Fridays For Future, Mellemfolkeligt Samvirke og Extinction Rebellion inviterer i morgen kl. 12 til\u00a0<a href=\"http:\/\/icm-tracking.meltwater.com\/link.php?DynEngagement=true&amp;H=3ZUQjNycMu7D%2Fe%2Bm%2FOmi3Qi1eTNrfRb0HcFplK3KYerw%2B6SfjwwI9ufGnvDBhsz7qklF0BzKC2o3dtAMkUTSb7PWDmef8VrWBChmuzm2VcTJZybPY6EQoWGRhL63%2FKZb&amp;G=0&amp;R=https%3A%2F%2Fwww.facebook.com%2Fevents%2F2100056543637581%2F&amp;I=20190829144638.0000047241c6%40mail6-53-ussnn1&amp;X=MHwxMDQ2NzU4OjVkNjdlNTRiODE2NmRhY2YxZmU5YmU0MTsxfDEwNDY3NTk6dHJ1ZTs%3D&amp;S=eEaMcA2Md9nSGp7fO-JdviPW2GFPJzYzcNwNAtzRuF0\" data-saferedirecturl=\"https:\/\/www.google.com\/url?q=http:\/\/icm-tracking.meltwater.com\/link.php?DynEngagement%3Dtrue%26H%3D3ZUQjNycMu7D%252Fe%252Bm%252FOmi3Qi1eTNrfRb0HcFplK3KYerw%252B6SfjwwI9ufGnvDBhsz7qklF0BzKC2o3dtAMkUTSb7PWDmef8VrWBChmuzm2VcTJZybPY6EQoWGRhL63%252FKZb%26G%3D0%26R%3Dhttps%253A%252F%252Fwww.facebook.com%252Fevents%252F2100056543637581%252F%26I%3D20190829144638.0000047241c6%2540mail6-53-ussnn1%26X%3DMHwxMDQ2NzU4OjVkNjdlNTRiODE2NmRhY2YxZmU5YmU0MTsxfDEwNDY3NTk6dHJ1ZTs%253D%26S%3DeEaMcA2Md9nSGp7fO-JdviPW2GFPJzYzcNwNAtzRuF0&amp;source=gmail&amp;ust=1567177625402000&amp;usg=AFQjCNEOz9cPjWXYGKVt42r0EYs85o9aig\">demonstration foran den brasilianske ambassade<\/a>.<\/p>\n<p>Europ\u00e6iske udenrigsministre blev tidligere i dag budt velkommen til Helsinki med budskabet om at beskytte Amazonas. Fotos\u00a0<a href=\"http:\/\/icm-tracking.meltwater.com\/link.php?DynEngagement=true&amp;H=3ZUQjNycMu7D%2Fe%2Bm%2FOmi3Qi1eTNrfRb0HcFplK3KYerw%2B6SfjwwI9ufGnvDBhsz7qklF0BzKC2o3dtAMkUTSb7PWDmef8VrWBChmuzm2VcTJZybPY6EQoWGRhL63%2FKZb&amp;G=0&amp;R=https%3A%2F%2Fdrive.google.com%2Fopen%3Fid%3D1hzYKutWpkOZElGxNQjVR5XVveofppmiA&amp;I=20190829144638.0000047241c6%40mail6-53-ussnn1&amp;X=MHwxMDQ2NzU4OjVkNjdlNTRiODE2NmRhY2YxZmU5YmU0MTsxfDEwNDY3NTk6dHJ1ZTs%3D&amp;S=iqo98pEshRhPvqrOArDEa7T2EJ7C8sWrCahRaa112Ag\" data-saferedirecturl=\"https:\/\/www.google.com\/url?q=http:\/\/icm-tracking.meltwater.com\/link.php?DynEngagement%3Dtrue%26H%3D3ZUQjNycMu7D%252Fe%252Bm%252FOmi3Qi1eTNrfRb0HcFplK3KYerw%252B6SfjwwI9ufGnvDBhsz7qklF0BzKC2o3dtAMkUTSb7PWDmef8VrWBChmuzm2VcTJZybPY6EQoWGRhL63%252FKZb%26G%3D0%26R%3Dhttps%253A%252F%252Fdrive.google.com%252Fopen%253Fid%253D1hzYKutWpkOZElGxNQjVR5XVveofppmiA%26I%3D20190829144638.0000047241c6%2540mail6-53-ussnn1%26X%3DMHwxMDQ2NzU4OjVkNjdlNTRiODE2NmRhY2YxZmU5YmU0MTsxfDEwNDY3NTk6dHJ1ZTs%253D%26S%3Diqo98pEshRhPvqrOArDEa7T2EJ7C8sWrCahRaa112Ag&amp;source=gmail&amp;ust=1567177625402000&amp;usg=AFQjCNG5HYDNwLtpDFVKVgeYj2ZOMnKqlA\">tilg\u00e6ngelige her<\/a>. Her desuden\u00a0<a href=\"http:\/\/icm-tracking.meltwater.com\/link.php?DynEngagement=true&amp;H=3ZUQjNycMu7D%2Fe%2Bm%2FOmi3Qi1eTNrfRb0HcFplK3KYerw%2B6SfjwwI9ufGnvDBhsz7qklF0BzKC2o3dtAMkUTSb7PWDmef8VrWBChmuzm2VcTJZybPY6EQoWGRhL63%2FKZb&amp;G=0&amp;R=https%3A%2F%2Fmedia.greenpeace.org%2Fshoot%2F27MZIFJ8UG5SW%3F_ga%3D2.153921213.488978846.1566811299-1975627421.1540808644&amp;I=20190829144638.0000047241c6%40mail6-53-ussnn1&amp;X=MHwxMDQ2NzU4OjVkNjdlNTRiODE2NmRhY2YxZmU5YmU0MTsxfDEwNDY3NTk6dHJ1ZTs%3D&amp;S=HB0CPC5xXVAC1TAfZihnGTDEe2fodR3Cq1TUPzkxaNM\" data-saferedirecturl=\"https:\/\/www.google.com\/url?q=http:\/\/icm-tracking.meltwater.com\/link.php?DynEngagement%3Dtrue%26H%3D3ZUQjNycMu7D%252Fe%252Bm%252FOmi3Qi1eTNrfRb0HcFplK3KYerw%252B6SfjwwI9ufGnvDBhsz7qklF0BzKC2o3dtAMkUTSb7PWDmef8VrWBChmuzm2VcTJZybPY6EQoWGRhL63%252FKZb%26G%3D0%26R%3Dhttps%253A%252F%252Fmedia.greenpeace.org%252Fshoot%252F27MZIFJ8UG5SW%253F_ga%253D2.153921213.488978846.1566811299-1975627421.1540808644%26I%3D20190829144638.0000047241c6%2540mail6-53-ussnn1%26X%3DMHwxMDQ2NzU4OjVkNjdlNTRiODE2NmRhY2YxZmU5YmU0MTsxfDEwNDY3NTk6dHJ1ZTs%253D%26S%3DHB0CPC5xXVAC1TAfZihnGTDEe2fodR3Cq1TUPzkxaNM&amp;source=gmail&amp;ust=1567177625402000&amp;usg=AFQjCNHbp9upzZyKP9L3wZmwE3QTwcVaSg\">fotos<\/a>\u00a0fra Greenpeace Brasiliens overflyvninger i weekenden, ligeledes til frit brug mod kreditering<\/p>\n","protected":false},"excerpt":{"rendered":"<p>Greenpeace har sammen med en r\u00e6kke gr\u00f8nne organisationer netop sendt et brev\u00a0til statsminister Mette Frederiksen og andre europ\u00e6iske regeringsleder samt EU-chefer for at rette opm\u00e6rksomhed p\u00e5 Europas medansvar i den&hellip;<\/p>\n","protected":false},"author":21,"featured_media":3232,"comment_status":"open","ping_status":"open","sticky":false,"template":"","format":"standard","meta":{"ep_exclude_from_search":false,"p4_og_title":"","p4_og_description":"","p4_og_image":"","p4_og_image_id":"","p4_seo_canonical_url":"","p4_campaign_name":"","p4_local_project":"","p4_basket_name":"","p4_department":"","footnotes":""},"categories":[1,3],"tags":[26,28],"p4-page-type":[14],"class_list":["post-3271","post","type-post","status-publish","format-standard","has-post-thumbnail","hentry","category-klimaforandringer","category-landbrug","tag-koedproduktion","tag-skovrydning","p4-page-type-pressemeddelelse"],"_links":{"self":[{"href":"https:\/\/www.greenpeace.org\/denmark\/wp-json\/wp\/v2\/posts\/3271","targetHints":{"allow":["GET"]}}],"collection":[{"href":"https:\/\/www.greenpeace.org\/denmark\/wp-json\/wp\/v2\/posts"}],"about":[{"href":"https:\/\/www.greenpeace.org\/denmark\/wp-json\/wp\/v2\/types\/post"}],"author":[{"embeddable":true,"href":"https:\/\/www.greenpeace.org\/denmark\/wp-json\/wp\/v2\/users\/21"}],"replies":[{"embeddable":true,"href":"https:\/\/www.greenpeace.org\/denmark\/wp-json\/wp\/v2\/comments?post=3271"}],"version-history":[{"count":3,"href":"https:\/\/www.greenpeace.org\/denmark\/wp-json\/wp\/v2\/posts\/3271\/revisions"}],"predecessor-version":[{"id":3274,"href":"https:\/\/www.greenpeace.org\/denmark\/wp-json\/wp\/v2\/posts\/3271\/revisions\/3274"}],"wp:featuredmedia":[{"embeddable":true,"href":"https:\/\/www.greenpeace.org\/denmark\/wp-json\/wp\/v2\/media\/3232"}],"wp:attachment":[{"href":"https:\/\/www.greenpeace.org\/denmark\/wp-json\/wp\/v2\/media?parent=3271"}],"wp:term":[{"taxonomy":"category","embeddable":true,"href":"https:\/\/www.greenpeace.org\/denmark\/wp-json\/wp\/v2\/categories?post=3271"},{"taxonomy":"post_tag","embeddable":true,"href":"https:\/\/www.greenpeace.org\/denmark\/wp-json\/wp\/v2\/tags?post=3271"},{"taxonomy":"p4-page-type","embeddable":true,"href":"https:\/\/www.greenpeace.org\/denmark\/wp-json\/wp\/v2\/p4-page-type?post=3271"}],"curies":[{"name":"wp","href":"https:\/\/api.w.org\/{rel}","templated":true}]}}