{"id":3432,"date":"2019-10-15T11:00:19","date_gmt":"2019-10-15T09:00:19","guid":{"rendered":"https:\/\/www.greenpeace.org\/denmark\/?p=3432"},"modified":"2024-02-09T14:51:16","modified_gmt":"2024-02-09T13:51:16","slug":"danmarks-foedevareminister-gaar-imod-biologernes-anbefalinger-og-prioriterer-hurtig-gevinst-over-end-oestersoeens-oekosystemer","status":"publish","type":"post","link":"https:\/\/www.greenpeace.org\/denmark\/pressemeddelelse\/natur\/danmarks-foedevareminister-gaar-imod-biologernes-anbefalinger-og-prioriterer-hurtig-gevinst-over-end-oestersoeens-oekosystemer\/","title":{"rendered":"EU\u2019s fiskeriministre misser oplagt mulighed for at vende udviklingen for \u00d8sters\u00f8ens pressede fiskebestande"},"content":{"rendered":"<p><em>Luxembourg, 15. oktober 2019: <\/em>EU\u2019s fiskeriministre blev i nat enige om n\u00e6ste \u00e5rs fiskekvoter for \u00d8sters\u00f8en[1]. Samtidig inviterer ministeren til dialog. Her er Greenpeace\u2019s kommentarer p\u00e5 resultatet af forhandlingerne.<\/p>\n<h5><strong>Sune Scheller, projektleder hos Greenpeace Danmark siger:<\/strong><\/h5>\n<p dir=\"ltr\">Mogens Jensen l\u00e6ser den biologiske r\u00e5dgivning som Fanden l\u00e6ser Biblen og ministerens holdning til b\u00e6redygtigheden i dansk fiskeri er et klart og tydeligt ekko fra de seneste \u00e5rs fiskeripolitik. Regeringsskiftet er tydeligvis ikke indtruffet i F\u00f8devareministeriet. \u00d8sters\u00f8en er i en dyb \u00f8kologisk krise og at lade det ub\u00e6redygtige fiskeri forts\u00e6tte, er et politisk svigt, der vil g\u00f8re ondt v\u00e6rre.<\/p>\n<p dir=\"ltr\">S\u00e6rligt slemt er det med kvoten p\u00e5 sild i den vestlige \u00d8sters\u00f8, hvor Mogens Jensen kort inden forhandlingerne h\u00e6vdede, at den \u201c[&#8230;] holder sig inden for den biologiske r\u00e5dgivning vi har f\u00e5et&#8230;\u201d[2]. Denne udtalelse st\u00e5r i sk\u00e6rende kontrast til r\u00e5dgivningen fra ICES, hvor det for andet \u00e5r i tr\u00e6k klart og tydeligt fastsl\u00e5s, at \u201cICES advises that when the MSY approach is applied, there should be zero catch in 2020[3].\u201d<\/p>\n<p dir=\"ltr\">Senest har Det Internationale Havunders\u00f8gelsesr\u00e5d (ICES), der bl.a. r\u00e5dgiver om kvotemulighederne, i en s\u00e6rrapport til EU fremh\u00e6vet den enormt d\u00e5rlige tilstand i \u00d8sters\u00f8en. Foruden fangst af for mange fisk, s\u00e5 blev brugen af bundsl\u00e6bende redskaber, udledning af n\u00e6ringsstoffer, iltsvind, klimaforandringer, mangel p\u00e5 f\u00f8de og torsk inficeret med parasitter fremh\u00e6vet som nogle af de centrale presfaktorer[4].<\/p>\n<p dir=\"ltr\">Mogens Jensen har annonceret \u00f8nsket om en bred dialog om behovet for en langsigtet tilgang til \u00d8sters\u00f8en, hvilke vi naturligvis gerne vil deltage i. Men det er sv\u00e6rt ikke at tolke det som andet end et fors\u00f8g p\u00e5 at fjerne opm\u00e6rksomheden fra det faktum, at ved den f\u00f8rste mulighed for konkrete tiltag, der kan skubbe i den rigtige retning, v\u00e6lger f\u00f8devareministeren at st\u00e6kke konkrete forslag til forbedringer og ignorere den videnskabelige r\u00e5dgivning. Opgaven med at genoprette \u00d8sters\u00f8en er ikke blevet mindre efter nattens forhandlinger.<\/p>\n<p><strong>Kontakt<\/strong><\/p>\n<p>Sune Scheller, projektleder, Greenpeace, tlf. 2714 4257.<\/p>\n<p>Sussi Lillelund, kommunikationsansvarlig, Greenpeace. tlf. 2493 1813.<\/p>\n<p>&nbsp;<\/p>\n<h5><strong>Resultater fra forhandlingerne<\/strong><\/h5>\n<p dir=\"ltr\">EU\u2019s fiskeriministre forhandlede p\u00e5 baggrund af den videnskabelige r\u00e5dgivning fra Det Internationale Havunders\u00f8gelsesr\u00e5d (ICES) samt EU-Kommissionens forslag[5] til kvoternes st\u00f8rrelse og andre initiativer. Regeringens holdning er beskrevet i Milj\u00f8- og F\u00f8devareministeriets samlenotat forud for R\u00e5dsm\u00f8det.[6]<\/p>\n<p dir=\"ltr\">En r\u00e6kke udvalgte nedslagspunkter, hvor den danske regering med Mogens Jensen aktivt har modarbejdet tiltag til mere b\u00e6redygtigt fiskeri:<\/p>\n<ul>\n<li dir=\"ltr\"><strong><span style=\"text-decoration: underline;\">Sild i vestlig \u00d8sters\u00f8<\/span><\/strong><\/li>\n<\/ul>\n<p dir=\"ltr\">For andet \u00e5r i tr\u00e6k anbefalede ICES en 0-kvote.<\/p>\n<p dir=\"ltr\">Kommissionen har anbefalet en kvote p\u00e5 2.651 tons.<\/p>\n<p dir=\"ltr\">EU\u2019s fiskeriministre blev enige om en kvote p\u00e5 3.150 tons for 2020. Kvoten er i direkte strid med EU\u2019s regler og deadline for b\u00e6redygtige kvoter i 2020.[7]<br \/>\nMogens Jensen havde p\u00e5 forh\u00e5nd afvist Kommissionens forslag og p\u00e5 m\u00f8det med fiskere forsikret om, at han sammen med Tyskland ville arbejde for en h\u00f8jere kvote.[8]<\/p>\n<p dir=\"ltr\">Kvoten vurderes p\u00e5 sigt at f\u00f8re til en h\u00f8jere bestand, men chancerne er minimeret.<\/p>\n<ul>\n<li dir=\"ltr\"><strong><span style=\"text-decoration: underline;\">Torsk i \u00f8stlig \u00d8sters\u00f8<\/span><\/strong><\/li>\n<\/ul>\n<p dir=\"ltr\">ICES anbefaler en 0-kvote. ICES-r\u00e5dgivningen h\u00e6fter sig ved, at det siden 2015 har v\u00e6ret et forbud mod udsmid af torsk, men at det vurderes fortsat at v\u00e6re et h\u00f8jt udsmid p\u00e5 ca. 16% af fangsten. De 16% vurderes at v\u00e6re lavt sat, og at der samtidig er formodninger om, at fiskerne bevidst manipulerer med redskabernes selektivitet (redskabets evne til at minimere bifangst u\u00f8nskede torsk).[9]<\/p>\n<p dir=\"ltr\">Kommissionen anbefaler, at intet direkte fiskeri kan finde sted, men kun bifangst tillades p\u00e5 2.000 tons.<\/p>\n<p dir=\"ltr\">Derudover anbefaler Kommissionen en lukkeperiode i fire m\u00e5neder (maj &#8211; august) i underomr\u00e5de 25 og 26. Fart\u00f8jer under 12 meter, der fisker med passive redskaber p\u00e5 vanddybder under 20 meter, og som har installeret VMS eller anden elektronisk overv\u00e5gning, er fritaget for lukkeperioden.<\/p>\n<p dir=\"ltr\">EU\u2019s fiskeriministre fulgte Kommissionens forslag. Der vedtages ingen foranstaltninger mod det fortsatte ulovlige udsmid.<\/p>\n<p dir=\"ltr\">Danmark har arbejdet for at begr\u00e6nse lukkeperioden. I Milj\u00f8- og F\u00f8devareministeriets samlenotat indeholdende den danske holdning, bliver det ulovlige udsmid ikke n\u00e6vnt.<\/p>\n<ul>\n<li dir=\"ltr\"><strong><span style=\"text-decoration: underline;\">Torsk i vestlig \u00d8sters\u00f8<\/span><\/strong><\/li>\n<\/ul>\n<p dir=\"ltr\">ICES\u2019 modeller fremh\u00e6ver en kvote mellem 3.065 og 8.866 tons, men ICES anbefaler, at kvoten s\u00e6ttes p\u00e5 3.065 tons, eftersom bestanden kun beror sig p\u00e5 en us\u00e6dvanlig st\u00e6rk fremgang i 2016. B\u00e5de 2015, 2017 og 2018 resulterede i historisk lave tilgange til bestanden[10].<\/p>\n<p dir=\"ltr\">Kommissionen fulgte den videnskabelige r\u00e5dgivning, og foreslog en kvote p\u00e5 3.065 tons. Kommissionen havde foresl\u00e5et en tre m\u00e5neders lukkeperiode for fiskeriet under torskens gydeperiode. Derudover foreslog Kommissionen kun en bifangstkvote i underomr\u00e5de 24. Fart\u00f8jer under 12 meter, der fisker med passive redskaber p\u00e5 vanddybder under 20 meter, og som har installeret VMS eller anden elektronisk overv\u00e5gning, er fritaget for lukkeperioden og kravet om bifangst.<\/p>\n<p dir=\"ltr\">EU\u2019s fiskeriministre blev enige om en kvote p\u00e5 3.806 tons for 2020 og indf\u00f8rer en lukkeperiode p\u00e5 to m\u00e5neder (februar og marts). I underomr\u00e5de 24 indf\u00f8res en lukkeperiode i to m\u00e5neder (juni og juli). Fart\u00f8jer under 12 meter, der fisker med passive redskaber p\u00e5 vanddybder under 20 meter, og som har installeret VMS eller anden elektronisk overv\u00e5gning, er fritaget for lukkeperioderne.<\/p>\n<p dir=\"ltr\">Mogens Jensen havde p\u00e5 forh\u00e5nd afvist Kommissionens forslag og p\u00e5 m\u00f8det med fiskere forsikret om, at han sammen med Tyskland ville arbejde for en h\u00f8jere kvote[8]. Derudover har Danmark arbejdet for at begr\u00e6nse lukkeperioden.<\/p>\n<ul>\n<li dir=\"ltr\"><strong><span style=\"text-decoration: underline;\">Brisling<\/span><\/strong><\/li>\n<\/ul>\n<p dir=\"ltr\">ICES\u2019 modeller fremh\u00e6ver en kvote mellem 169.965 og 233.704 tons, men anbefaler samtidig at fiskeriet efter brisling ikke overlapper med vigtige omr\u00e5der for den kritisk truede torsk i den \u00f8stlige \u00d8sters\u00f8 (SD 25-26), da brisling er en vigtig f\u00f8dekilde for torsken[11].<\/p>\n<p dir=\"ltr\">Kommissionens foreslog en kvote p\u00e5 203.027 tons. Det er imidlertid vigtigt at bem\u00e6rke, at anbefalingen fra ICES inkluderer b\u00e5de europ\u00e6iske og russiske fangster, og Kommissionens forslag kun omfatter Unionen. Forel\u00f8bige tal viser, at Rusland i 2018 fangede 41.374 tons.<\/p>\n<p dir=\"ltr\">Derudover skal det understreges, at ICES r\u00e5dgivning for brisling for 2020 blev publiceret i maj 2019, og Kommissionens forslag blev publiceret i august 2020. Men i september har en kombineret dansk-svensk kontrolindsats afsl\u00f8ret, at der for silde- og brislingefiskeriet foreg\u00e5r systematisk fusk med opg\u00f8relser over fangsten[12]. Kontrollen har bl.a. vist, at de 19 kontroller af store fart\u00f8jer fandt, at der blev fanget omkring 50% flere brisling end opgivet. ICES er afh\u00e6ngig af korrekte fangstdata, n\u00e5r de udarbejder r\u00e5dgivning af kvoterne, og derfor skaber det ulovlige fiskeri usikkerhed.<\/p>\n<p dir=\"ltr\">EU\u2019s fiskeriministre blev enige om en kvote p\u00e5 210.147 tons for 2020. Ingen lukkeperiode i den \u00f8stlige torsks centrale leveomr\u00e5de vedtages.<\/p>\n<p dir=\"ltr\">I Milj\u00f8- og F\u00f8devareministeriets samlenotat indeholdende den danske holdning, bliver det ulovlige fiskeri og dets indvirkning p\u00e5 brislingebestanden ikke n\u00e6vnt. Det samme g\u00e6lder muligheden for en lukkeperiode i den \u00f8stlige torsks centrale leveomr\u00e5de.<\/p>\n<h5><strong>Noter<\/strong><\/h5>\n<p dir=\"ltr\">[1] Resultat fra R\u00e5dsm\u00f8det: <a href=\"https:\/\/www.consilium.europa.eu\/media\/41053\/191014-15-baltic-tacs_table.pdf\">https:\/\/www.consilium.europa.eu\/media\/41053\/191014-15-baltic-tacs_table.pdf<\/a><\/p>\n<p dir=\"ltr\">[2] S\u00e5kaldt \u2018door step\u2019 forud for dagens forhandlinger: <a href=\"https:\/\/newsroom.consilium.europa.eu\/events\/20191014-agriculture-and-fisheries-council-october-2019\/1\">https:\/\/newsroom.consilium.europa.eu\/events\/20191014-agriculture-and-fisheries-council-october-2019\/1<\/a><\/p>\n<p dir=\"ltr\">[3] ICES biologiske r\u00e5dgivning for sild i vestlig \u00d8sters\u00f8 i 2020: <a href=\"http:\/\/ices.dk\/sites\/pub\/Publication%20Reports\/Advice\/2019\/2019\/her.27.20-24.pdf\">http:\/\/ices.dk\/sites\/pub\/Publication%20Reports\/Advice\/2019\/2019\/her.27.20-24.pdf<\/a><\/p>\n<p dir=\"ltr\">[4] ICES Special Request Advice. 27. juni 2019: <a href=\"https:\/\/www.ices.dk\/sites\/pub\/Publication%20Reports\/Advice\/2019\/Special_Requests\/eu.2019.15.pdf\">https:\/\/www.ices.dk\/sites\/pub\/Publication%20Reports\/Advice\/2019\/Special_Requests\/eu.2019.15.pdf<\/a><\/p>\n<p dir=\"ltr\">[5] EU Kommissionen 2019\/124: <a href=\"https:\/\/eur-lex.europa.eu\/legal-content\/EN\/TXT\/?uri=COM:2019:380:FIN\">https:\/\/eur-lex.europa.eu\/legal-content\/EN\/TXT\/?uri=COM:2019:380:FIN<\/a><\/p>\n<p dir=\"ltr\">[6] Samlenotat. R\u00e5dsm\u00f8de (landbrug og fiskeri) den 14.-15. oktober 2019. Milj\u00f8- og F\u00f8devareministeriet. 2. oktober 2019. s. 56: <a href=\"https:\/\/www.ft.dk\/samling\/20191\/almdel\/MOF\/bilag\/4\/2084567.pdf\">https:\/\/www.ft.dk\/samling\/20191\/almdel\/MOF\/bilag\/4\/2084567.pdf<\/a><\/p>\n<p dir=\"ltr\">[7] If\u00f8lge den f\u00e6lles fiskeripolitik artikel 2. stk. 2, skal samtlige kvoter s\u00e6ttes p\u00e5 b\u00e6redygtigt niveau i senest 2020.<\/p>\n<p dir=\"ltr\">[8] Fiskeritidende 5. oktober nr. 23\/2019 26. \u00e5rgang, s. 8-11<\/p>\n<p dir=\"ltr\">[9] ICES biologiske r\u00e5dgivning for torsk i \u00f8stlige \u00d8sters\u00f8 i 2020: <a href=\"http:\/\/ices.dk\/sites\/pub\/Publication%20Reports\/Advice\/2019\/2019\/cod.27.24-32.pdf\">http:\/\/ices.dk\/sites\/pub\/Publication%20Reports\/Advice\/2019\/2019\/cod.27.24-32.pdf<\/a><\/p>\n<p dir=\"ltr\">[10] ICES biologiske r\u00e5dgivning for torsk i vestlig \u00d8sters\u00f8 i 2020: <a href=\"http:\/\/ices.dk\/sites\/pub\/Publication%20Reports\/Advice\/2019\/2019\/cod.27.22-24.pdf\">http:\/\/ices.dk\/sites\/pub\/Publication%20Reports\/Advice\/2019\/2019\/cod.27.22-24.pdf<\/a><\/p>\n<p dir=\"ltr\">[11] ICES biologiske r\u00e5dgivning for brisling i \u00d8sters\u00f8en i 2020: <a href=\"http:\/\/ices.dk\/sites\/pub\/Publication%20Reports\/Advice\/2019\/2019\/spr.27.22-32.pdf\">http:\/\/ices.dk\/sites\/pub\/Publication%20Reports\/Advice\/2019\/2019\/spr.27.22-32.pdf<\/a><\/p>\n<p dir=\"ltr\">[12] Omtalt i Sveriges Radio P1 program Kaliber 16. september 2019: <a href=\"https:\/\/sverigesradio.se\/sida\/artikel.aspx?programid=1316&amp;artikel=7299143\">https:\/\/sverigesradio.se\/sida\/artikel.aspx?programid=1316&amp;artikel=7299143<\/a><\/p>\n","protected":false},"excerpt":{"rendered":"<p>EU\u2019s fiskeriministre blev i nat enige om n\u00e6ste \u00e5rs fiskekvoter for \u00d8sters\u00f8en. Samtidig inviterer ministeren til dialog. Her er Greenpeace\u2019s kommentarer p\u00e5 resultatet af forhandlingerne.<\/p>\n","protected":false},"author":43,"featured_media":3454,"comment_status":"open","ping_status":"open","sticky":false,"template":"","format":"standard","meta":{"ep_exclude_from_search":false,"p4_og_title":"","p4_og_description":"<em>Luxembourg, 15. oktober 2019: <\/em>EU\u2019s fiskeriministre blev i nat enige om n\u00e6ste \u00e5rs fiskekvoter for \u00d8sters\u00f8en. Samtidig inviterer ministeren til dialog.","p4_og_image":"","p4_og_image_id":"","p4_seo_canonical_url":"","p4_campaign_name":"Local Campaign","p4_local_project":"","p4_basket_name":"Oceans","p4_department":"","footnotes":""},"categories":[18],"tags":[23,20],"p4-page-type":[14],"class_list":["post-3432","post","type-post","status-publish","format-standard","has-post-thumbnail","hentry","category-natur","tag-redhavet","tag-fiskeri","p4-page-type-pressemeddelelse"],"_links":{"self":[{"href":"https:\/\/www.greenpeace.org\/denmark\/wp-json\/wp\/v2\/posts\/3432","targetHints":{"allow":["GET"]}}],"collection":[{"href":"https:\/\/www.greenpeace.org\/denmark\/wp-json\/wp\/v2\/posts"}],"about":[{"href":"https:\/\/www.greenpeace.org\/denmark\/wp-json\/wp\/v2\/types\/post"}],"author":[{"embeddable":true,"href":"https:\/\/www.greenpeace.org\/denmark\/wp-json\/wp\/v2\/users\/43"}],"replies":[{"embeddable":true,"href":"https:\/\/www.greenpeace.org\/denmark\/wp-json\/wp\/v2\/comments?post=3432"}],"version-history":[{"count":8,"href":"https:\/\/www.greenpeace.org\/denmark\/wp-json\/wp\/v2\/posts\/3432\/revisions"}],"predecessor-version":[{"id":3457,"href":"https:\/\/www.greenpeace.org\/denmark\/wp-json\/wp\/v2\/posts\/3432\/revisions\/3457"}],"wp:featuredmedia":[{"embeddable":true,"href":"https:\/\/www.greenpeace.org\/denmark\/wp-json\/wp\/v2\/media\/3454"}],"wp:attachment":[{"href":"https:\/\/www.greenpeace.org\/denmark\/wp-json\/wp\/v2\/media?parent=3432"}],"wp:term":[{"taxonomy":"category","embeddable":true,"href":"https:\/\/www.greenpeace.org\/denmark\/wp-json\/wp\/v2\/categories?post=3432"},{"taxonomy":"post_tag","embeddable":true,"href":"https:\/\/www.greenpeace.org\/denmark\/wp-json\/wp\/v2\/tags?post=3432"},{"taxonomy":"p4-page-type","embeddable":true,"href":"https:\/\/www.greenpeace.org\/denmark\/wp-json\/wp\/v2\/p4-page-type?post=3432"}],"curies":[{"name":"wp","href":"https:\/\/api.w.org\/{rel}","templated":true}]}}