{"id":4202,"date":"2019-12-06T13:12:56","date_gmt":"2019-12-06T12:12:56","guid":{"rendered":"https:\/\/www.greenpeace.org\/denmark\/?p=4202"},"modified":"2024-06-04T14:24:59","modified_gmt":"2024-06-04T12:24:59","slug":"8-tips-til-groennere-juleindkoeb","status":"publish","type":"post","link":"https:\/\/www.greenpeace.org\/denmark\/tips\/natur\/8-tips-til-groennere-juleindkoeb\/","title":{"rendered":"8 tips til gr\u00f8nnere juleindk\u00f8b"},"content":{"rendered":"\n<figure class=\"wp-block-image size-large caption-style-medium caption-alignment-center\"><img loading=\"lazy\" decoding=\"async\" width=\"799\" height=\"532\" src=\"https:\/\/www.greenpeace.org\/static\/planet4-denmark-stateless\/2019\/12\/0b1b4c6d-gp0strca3_web_size-1.jpg\" alt=\"\" class=\"wp-image-4204\" srcset=\"https:\/\/www.greenpeace.org\/static\/planet4-denmark-stateless\/2019\/12\/0b1b4c6d-gp0strca3_web_size-1.jpg 799w, https:\/\/www.greenpeace.org\/static\/planet4-denmark-stateless\/2019\/12\/0b1b4c6d-gp0strca3_web_size-1-300x200.jpg 300w, https:\/\/www.greenpeace.org\/static\/planet4-denmark-stateless\/2019\/12\/0b1b4c6d-gp0strca3_web_size-1-768x511.jpg 768w, https:\/\/www.greenpeace.org\/static\/planet4-denmark-stateless\/2019\/12\/0b1b4c6d-gp0strca3_web_size-1-510x340.jpg 510w\" sizes=\"auto, (max-width: 799px) 100vw, 799px\" \/><\/figure>\n\n<p>Det er ikke overraskende, at juletiden g\u00e5r h\u00e5nd i h\u00e5nd med stigninger i vores forbrugsvaner: Vi spiser mere, drikker mere, forbruger mere og giver mere. Al den overflod g\u00f8r m\u00e5ske julen s\u00f8d, men kigger man p\u00e5 konsekvenserne af december m\u00e5neds overforbrug, er det sv\u00e6rt ikke at f\u00e5 lidt ondt i maven.<\/p>\n\n<p>En million ton CO2. S\u00e5 meget udleder produktionen af danskernes julegaver hvert \u00e5r. Det svarer if\u00f8lge <a href=\"https:\/\/concito.dk\/\" target=\"_blank\" rel=\"noreferrer noopener\">den gr\u00f8nne t\u00e6nketank Concito<\/a> til 200 kg pr. dansker.<\/p>\n\n<p>Som tallene indikerer, er julen og den vestlige verdens overforbrug med til at \u00f8del\u00e6gge planetens klima og milj\u00f8. Der er brug for forandring og handling nu. F\u00f8rst og fremmest p\u00e5 politisk plan. Men som borgere og forbrugere har vi faktisk en stor indflydelse og mulighed for at p\u00e5virke politiske beslutninger gennem vores livsstilsvalg og forbrugsm\u00f8nstre. Her f\u00e5r du 9 tips til at handle mere klimavenligt i julen.<\/p>\n\n<p><em>L\u00e6s mere: <\/em><a href=\"https:\/\/www.greenpeace.org\/denmark\/div\/den-sande-omkostning-ved-vores-indkoeb\/\" target=\"_blank\" rel=\"noreferrer noopener\"><em>Den sande omkostning ved vores indk\u00f8b\u2026<\/em><\/a><\/p>\n\n<p><strong>1. Hvad har du egentlig brug for?<\/strong><\/p>\n\n<p>&#8211; Planl\u00e6g dine indk\u00f8b og hold dig til planen, s\u00e5 du ikke kommer til at k\u00f8be ting impulsivt, som du ender med ikke at bruge.&nbsp;<\/p>\n\n<p>&#8211; Hold dig til \u00f8nskelisten. Nogle synes m\u00e5ske, det er lidt kedeligt at k\u00f8be noget fra en \u00f8nskeliste, men i forhold til en klimavenlig jul, er det en god id\u00e9. Derved giver du gaver, som modtageren har et \u00f8nske om at bruge, og derved mindsker du risikoen for, at gaven ender bagerst i et skab og aldrig bliver brugt. <\/p>\n\n<p><\/p>\n\n<figure class=\"wp-block-image size-large caption-style-medium caption-alignment-center\"><img loading=\"lazy\" decoding=\"async\" width=\"1024\" height=\"576\" src=\"https:\/\/www.greenpeace.org\/static\/planet4-denmark-stateless\/2019\/12\/36d3d38e-gugs-1024x576.jpeg\" alt=\"\" class=\"wp-image-4206\" srcset=\"https:\/\/www.greenpeace.org\/static\/planet4-denmark-stateless\/2019\/12\/36d3d38e-gugs-1024x576.jpeg 1024w, https:\/\/www.greenpeace.org\/static\/planet4-denmark-stateless\/2019\/12\/36d3d38e-gugs-300x169.jpeg 300w, https:\/\/www.greenpeace.org\/static\/planet4-denmark-stateless\/2019\/12\/36d3d38e-gugs-768x432.jpeg 768w, https:\/\/www.greenpeace.org\/static\/planet4-denmark-stateless\/2019\/12\/36d3d38e-gugs-510x287.jpeg 510w, https:\/\/www.greenpeace.org\/static\/planet4-denmark-stateless\/2019\/12\/36d3d38e-gugs.jpeg 1152w\" sizes=\"auto, (max-width: 1024px) 100vw, 1024px\" \/><figcaption class=\"wp-element-caption\"> Greenpeace deltog i klimastrejken under Black Friday, fredag d. 29. november med budskabet om at stoppe overforbruget, der \u00f8del\u00e6gger vores planet. <\/figcaption><\/figure>\n\n<p><strong>2. K\u00f8b smart<\/strong><\/p>\n\n<p>&#8211; Drop brug-og-smid-v\u00e6k-mentaliteten, som mest af alt gavner de virksomheder, der producerer varerne. G\u00e5 i stedet efter at k\u00f8be f\u00e6rre ting af h\u00f8j kvalitet, der holder l\u00e6ngere. <\/p>\n\n<p>&#8211; Hvis der er flere muligheder, og du har r\u00e5d til det, b\u00f8r du v\u00e6lge den vare, der er produceret p\u00e5 den mest b\u00e6redygtige m\u00e5de.&nbsp;<\/p>\n\n<p>&#8211; Drop eller begr\u00e6ns gaverne. Aftal for eksempel, at I kun giver \u00e9n gave til \u00e9n anden person juleaften, i stedet for at alle giver til alle. P\u00e5 den m\u00e5de bliver gaverne ogs\u00e5 mere velovervejede, og indk\u00f8bet mindre stressende.&nbsp;<\/p>\n\n<p>&#8211; For\u00e6r oplevelser i stedet for fysiske gaver. Eller lav selv julegaverne, evt sammen med familiens b\u00f8rn. Det er b\u00e5de en hyggelig aktivitet og en m\u00e5de at l\u00e6re de yngste om alternativer til indk\u00f8bte, materielle gaver. <\/p>\n\n<p>&#8211; <a href=\"https:\/\/stoet.greenpeace.org\/julegave\/~min-donation?_cv=1\" target=\"_blank\" rel=\"noreferrer noopener\"><strong>Du kan ogs\u00e5 bestille Greenpeaces julegave her.<\/strong><\/a> \ud835\uddda\ud835\uddf6\ud835\ude03 \ud835\uddf2\ud835\uddfb \ud835\uddf7\ud835\ude02\ud835\uddf9\ud835\uddf2\ud835\uddf4\ud835\uddee\ud835\ude03\ud835\uddf2, \ud835\ude00\ud835\uddfc\ud835\uddfa \ud835\uddef\ud835\uddf2\ud835\ude03\ud835\uddee\ud835\uddff\ud835\uddf2\ud835\uddff \ud835\ude03\ud835\uddfc\ud835\uddff\ud835\uddf2\ud835\ude00 \ud835\uddfd\ud835\uddf9\ud835\uddee\ud835\uddfb\ud835\uddf2\ud835\ude01 &#8211; \ud835\uddf4\ud835\uddf6\ud835\ude03 \ud835\uddf2\ud835\ude01 \ud835\uddf4\ud835\uddee\ud835\ude03\ud835\uddf2\ud835\uddf8\ud835\uddfc\ud835\uddff\ud835\ude01 \ud835\uddf3\ud835\uddff\ud835\uddee \ud835\uddda\ud835\uddff\ud835\uddf2\ud835\uddf2\ud835\uddfb\ud835\uddfd\ud835\uddf2\ud835\uddee\ud835\uddf0\ud835\uddf2. I \u00e5r kan du v\u00e6lge mellem tre gavekort og tre oplevelser til fremtidige generationer.<\/p>\n\n<p><strong>3. Undg\u00e5 un\u00f8dvendig indpakning<\/strong><\/p>\n\n<p>Det kan se flot ud, men alene tanken om de 800 ton gavepapir, vi bruger hvert \u00e5r i Danmark, er skr\u00e6mmende. Som alternativ kan du lave dit eget indpakningspapir ud af gamle tryksager og stofduge eller k\u00f8be genbrugeligt gavepapir (og huske at genbruge det).&nbsp;<\/p>\n\n<p><strong>4. G\u00e5 efter genbrugsguldet&nbsp;<\/strong><\/p>\n\n<p>M\u00e5ske kan du opst\u00f8ve det, du mangler, second hand. G\u00f8r det til en skattejagt at lede efter genbrugsguldet i genbrugsbutikker eller via forskellige apps.&nbsp;<\/p>\n\n<p><strong>5. Kalendergaver, adventsgaver, pakkeleg<\/strong><\/p>\n\n<p>Det kan hurtigt blive til en stor m\u00e6ngde un\u00f8dvendige plastikdimser, produceret p\u00e5 den anden side af Jorden, n\u00e5r du skal finde sm\u00e5 gaver til b\u00f8rnenes julekalender og familiens pakkeleg. K\u00f8b hellere \u201clidt men godt\u201d, eller for\u00e6r et \u201cgavekort\u201d til eksempelvis morgenmad p\u00e5 sengen. Du kan ogs\u00e5 pakke noget ind, du allerede har, og som en anden vil blive glad for.&nbsp;<\/p>\n\n<p><strong>6. Spis \u00e5rstidens gr\u00f8ntsager og mindsk madspild<\/strong><\/p>\n\n<p>S\u00e6t mere plantemad p\u00e5 bordet &#8211; ogs\u00e5 i december m\u00e5ned. Det er sundt, l\u00e6kkert og meget bedre for klimaet.&nbsp;<strong><a href=\"https:\/\/www.greenpeace.org\/denmark\/hjemmelavede-julegaveideer-og-juleopskrifter\/\" target=\"_blank\" rel=\"noreferrer noopener\">Her p\u00e5 siden<\/a>,<\/strong> kan du downloade forskellige l\u00e6kre jule-opskrifter til et mere klimavenligt julebord, som b\u00e5de indeholder de klassiske favoritter og mere til i \u00e6gte vegansk stil.<\/p>\n\n<p><strong>7. Rejs milj\u00f8venligt i juletiden<\/strong><\/p>\n\n<p>&#8211; V\u00e6lg altid tog frem for fly, n\u00e5r du har muligheden. P\u00e5 indenrigsrejser i Danmark kan det endda g\u00e5 lige s\u00e5 hurtigt med tog fra d\u00f8r til d\u00f8r. Ellers er samk\u00f8rsel ogs\u00e5 en mere klimavenlig id\u00e9, s\u00e5 tag en delebil eller tilbyd andre et lift.<\/p>\n\n<p>&#8211; Hold juleferie i Danmark. Vinterhygge i Danmark er meget mere klimavenligt end en ferie til Thailand.&nbsp;&nbsp;<\/p>\n\n<p><strong>8. Skab ringe i vandet<\/strong><\/p>\n\n<p>Vi er heldigvis ikke kun forbrugere af ting og sager; vi er ogs\u00e5 borgere, venner og familiemedlemmer. I alle de relationer, vi indg\u00e5r i, kan vi fors\u00f8ge at forandre verden ved at snakke med andre om klima- og milj\u00f8venlige alternativer til blindt masseforbrug.&nbsp;<\/p>\n\n<p><strong>Gl\u00e6delig, klimavenlig jul!<\/strong><br><\/p>\n","protected":false},"excerpt":{"rendered":"<p>Det er ikke overraskende, at juletiden g\u00e5r h\u00e5nd i h\u00e5nd med stigninger i vores forbrugsvaner: Vi spiser mere, drikker mere, forbruger mere og giver mere. Al den overflod g\u00f8r m\u00e5ske julen s\u00f8d, men kigger man p\u00e5 konsekvenserne af december m\u00e5neds overforbrug, er det sv\u00e6rt ikke at f\u00e5 lidt ondt i maven.<\/p>\n","protected":false},"author":39,"featured_media":4204,"comment_status":"open","ping_status":"open","sticky":false,"template":"","format":"standard","meta":{"ep_exclude_from_search":false,"p4_og_title":"","p4_og_description":"Det er ikke overraskende, at juletiden g\u00e5r h\u00e5nd i h\u00e5nd med stigninger i vores forbrugsvaner: Vi spiser mere, drikker mere, forbruger mere og giver mere. Al den overflod g\u00f8r m\u00e5ske julen s\u00f8d, men kigger man p\u00e5 konsekvenserne af december m\u00e5neds overforbrug, er det sv\u00e6rt ikke at f\u00e5 lidt ondt i maven.","p4_og_image":"","p4_og_image_id":"","p4_seo_canonical_url":"https:\/\/www.greenpeace.org\/denmark\/nyhed\/natur\/8-tips-til-groennere-juleindkoeb\/","p4_campaign_name":"not set","p4_local_project":"not set","p4_basket_name":"not set","p4_department":"","footnotes":""},"categories":[18],"tags":[59],"p4-page-type":[71],"class_list":["post-4202","post","type-post","status-publish","format-standard","has-post-thumbnail","hentry","category-natur","tag-gronnetips","p4-page-type-tips"],"_links":{"self":[{"href":"https:\/\/www.greenpeace.org\/denmark\/wp-json\/wp\/v2\/posts\/4202","targetHints":{"allow":["GET"]}}],"collection":[{"href":"https:\/\/www.greenpeace.org\/denmark\/wp-json\/wp\/v2\/posts"}],"about":[{"href":"https:\/\/www.greenpeace.org\/denmark\/wp-json\/wp\/v2\/types\/post"}],"author":[{"embeddable":true,"href":"https:\/\/www.greenpeace.org\/denmark\/wp-json\/wp\/v2\/users\/39"}],"replies":[{"embeddable":true,"href":"https:\/\/www.greenpeace.org\/denmark\/wp-json\/wp\/v2\/comments?post=4202"}],"version-history":[{"count":20,"href":"https:\/\/www.greenpeace.org\/denmark\/wp-json\/wp\/v2\/posts\/4202\/revisions"}],"predecessor-version":[{"id":61410,"href":"https:\/\/www.greenpeace.org\/denmark\/wp-json\/wp\/v2\/posts\/4202\/revisions\/61410"}],"wp:featuredmedia":[{"embeddable":true,"href":"https:\/\/www.greenpeace.org\/denmark\/wp-json\/wp\/v2\/media\/4204"}],"wp:attachment":[{"href":"https:\/\/www.greenpeace.org\/denmark\/wp-json\/wp\/v2\/media?parent=4202"}],"wp:term":[{"taxonomy":"category","embeddable":true,"href":"https:\/\/www.greenpeace.org\/denmark\/wp-json\/wp\/v2\/categories?post=4202"},{"taxonomy":"post_tag","embeddable":true,"href":"https:\/\/www.greenpeace.org\/denmark\/wp-json\/wp\/v2\/tags?post=4202"},{"taxonomy":"p4-page-type","embeddable":true,"href":"https:\/\/www.greenpeace.org\/denmark\/wp-json\/wp\/v2\/p4-page-type?post=4202"}],"curies":[{"name":"wp","href":"https:\/\/api.w.org\/{rel}","templated":true}]}}