{"id":4406,"date":"2019-12-20T08:19:00","date_gmt":"2019-12-20T07:19:00","guid":{"rendered":"https:\/\/www.greenpeace.org\/denmark\/?p=4406"},"modified":"2023-01-20T10:43:19","modified_gmt":"2023-01-20T09:43:19","slug":"greenpeace-henter-ny-klimapolitisk-leder-pa-christiansborg","status":"publish","type":"post","link":"https:\/\/www.greenpeace.org\/denmark\/pressemeddelelse\/greenpeace\/greenpeace-henter-ny-klimapolitisk-leder-pa-christiansborg\/","title":{"rendered":"Greenpeace henter ny klimapolitisk leder p\u00e5 Christiansborg"},"content":{"rendered":"\n<p><em>K\u00f8benhavn, 20. december, 2019<\/em><\/p>\n\n<p><em> <\/em>I begyndelsen af det nye \u00e5r tiltr\u00e6der Helene Hagel hos Greenpeace efter i fire \u00e5r at have bidraget st\u00e6rkt til at l\u00f8fte den gr\u00f8nne dagsorden i Danmark som klima- og milj\u00f8politisk r\u00e5dgiver i Alternativet. <br><br>I Greenpeace afl\u00f8ser hun Jens Mattias Clausen, der fra 1. december skiftede rollen som klimapolitisk leder i Greenpeace ud med en nyoprettet stilling som chefkonsulent i Klimaministeriets Center for Vision og Strategi.\u00a0<\/p>\n\n<figure class=\"wp-block-image aligncenter size-large  caption-style-blue-overlay caption-alignment-center\"><img loading=\"lazy\" decoding=\"async\" width=\"1024\" height=\"684\" src=\"https:\/\/www.greenpeace.org\/static\/planet4-denmark-stateless\/2019\/12\/9f481de6-helene-hagel-1024x684.jpg\" alt=\"\" class=\"wp-image-4407\" srcset=\"https:\/\/www.greenpeace.org\/static\/planet4-denmark-stateless\/2019\/12\/9f481de6-helene-hagel-1024x684.jpg 1024w, https:\/\/www.greenpeace.org\/static\/planet4-denmark-stateless\/2019\/12\/9f481de6-helene-hagel-300x200.jpg 300w, https:\/\/www.greenpeace.org\/static\/planet4-denmark-stateless\/2019\/12\/9f481de6-helene-hagel-768x513.jpg 768w, https:\/\/www.greenpeace.org\/static\/planet4-denmark-stateless\/2019\/12\/9f481de6-helene-hagel-510x340.jpg 510w, https:\/\/www.greenpeace.org\/static\/planet4-denmark-stateless\/2019\/12\/9f481de6-helene-hagel.jpg 1444w\" sizes=\"auto, (max-width: 1024px) 100vw, 1024px\" \/><figcaption class=\"wp-element-caption\">Efter fire \u00e5r hos Alternativet bliver Helene Hagel ny klima- og milj\u00f8politisk leder hos Greenpeace. Her vil hun k\u00e6mpe for, at alle sektorer leverer det n\u00f8dvendige for at opfylde klimaloven, og at Danmark viser vej til et klimaneutralt samfund i verden. Foto: Ole Vilhelm Wagner<\/figcaption><\/figure>\n\n<p><strong>Helene Hagel, der fra 15. januar er klima- og milj\u00f8politisk leder hos Greenpeace siger:&nbsp;<\/strong><\/p>\n\n<p>\u201cMin vigtigste opgave i Alternativet har v\u00e6ret at f\u00e5 klimakrisen p\u00e5 dagsordenen og g\u00f8re videnskabens krav om handling til udgangspunkt for politikken. Sammen med andre gr\u00f8nne ildsj\u00e6le og p\u00e5 tv\u00e6rs af partier synes jeg, at vi har bidraget til en ny offentlig samtale og rykket pr\u00e6missen for politikken, s\u00e5 der nu er et reelt, gr\u00f8nt flertal p\u00e5 Christiansborg for at g\u00f8re noget for at stoppe klimakrisen &#8211; selvom det langt fra er <em>nok<\/em>.\u201d<br><br>\u201cOpgaven bliver nu at sikre, at politikernes flotte ord og rammerne i den danske klimalov manifesterer sig i en egentlig omstilling af Danmark med vores fair bidrag til den globale omstilling. Alle sektorer skal levere, og Danmark kan blive det land i verden, der viser resten, hvordan man bliver et klimaneutralt samfund p\u00e5 en retf\u00e6rdig m\u00e5de. Greenpeace spiller som milj\u00f8- og klimaorganisation en vigtig rolle b\u00e5de ude og hjemme, og jeg kan ikke forestille mig et bedre sted at forts\u00e6tte kampen fra.\u201d <\/p>\n\n<p><strong>Fungerende kampagnechef i Greenpeace i Danmark, Sune Scheller, siger:&nbsp;<\/strong><\/p>\n\n<p>&#8220;Vi er begejstrede over, at Helene har sagt ja til at kaste sine evner ind i vores klimapolitiske kampagnearbejde i Danmark. Hun har kolossal politisk t\u00e6ft, faglig indsigt og er den helt rette til katapultere kravet fra videnskaben og en voksende del af befolkningen om klimahandling til de magthavere, som ultimativt har ansvaret for at gennemf\u00f8re den gr\u00f8nne omstilling.\u201d<\/p>\n\n<p>\u201cVi siger en k\u00e6mpe tak til Jens, som har haft en afg\u00f8rende rolle p\u00e5 vejen mod en ny klimalov fra udarbejdelse af borgerforslag til at sikre bred politisk anerkendelse af n\u00f8dvendigheden af 70%-m\u00e5let. Han har v\u00e6ret international delegationsleder for Greenpeace til klimatopm\u00f8der og er en trov\u00e6rdig og dr\u00f8nskarp analytiker med en aktivist i hjertet. Vi \u00f8nsker Jens al mulig held og lykke og gl\u00e6der os over, at han forts\u00e6tter sin klimakamp inden for murene i ministeriet.\u201d<\/p>\n\n<p>31-\u00e5rige Helene Hagel er cand.scient.pol fra K\u00f8benhavns Universitet og har f\u00f8r Alternativet v\u00e6ret ansat hos 92-gruppen og Dagbladet Information.<\/p>\n\n<p><strong>Kontakt<\/strong><br>Helene Hagel, klima- og milj\u00f8politisk leder, Greenpeace. Mobil: 6162 4534&nbsp;<\/p>\n\n<p>Sune Scheller, fungerende kampagnechef, Greenpeace. Mobil: 2714 4257<br> <\/p>\n\n<p><\/p>\n","protected":false},"excerpt":{"rendered":"<p>K\u00f8benhavn, 20. december, 2019 &#8211; I begyndelsen af det nye \u00e5r tiltr\u00e6der Helene Hagel hos Greenpeace efter i fire \u00e5r at have bidraget st\u00e6rkt til at l\u00f8fte den gr\u00f8nne dagsorden&hellip;<\/p>\n","protected":false},"author":21,"featured_media":4407,"comment_status":"open","ping_status":"open","sticky":false,"template":"","format":"standard","meta":{"ep_exclude_from_search":false,"p4_og_title":"","p4_og_description":"","p4_og_image":"","p4_og_image_id":"","p4_seo_canonical_url":"","p4_campaign_name":"not set","p4_local_project":"not set","p4_basket_name":"not set","p4_department":"","footnotes":""},"categories":[4],"tags":[13],"p4-page-type":[14],"class_list":["post-4406","post","type-post","status-publish","format-standard","has-post-thumbnail","hentry","category-greenpeace","tag-omgreenpeace","p4-page-type-pressemeddelelse"],"_links":{"self":[{"href":"https:\/\/www.greenpeace.org\/denmark\/wp-json\/wp\/v2\/posts\/4406","targetHints":{"allow":["GET"]}}],"collection":[{"href":"https:\/\/www.greenpeace.org\/denmark\/wp-json\/wp\/v2\/posts"}],"about":[{"href":"https:\/\/www.greenpeace.org\/denmark\/wp-json\/wp\/v2\/types\/post"}],"author":[{"embeddable":true,"href":"https:\/\/www.greenpeace.org\/denmark\/wp-json\/wp\/v2\/users\/21"}],"replies":[{"embeddable":true,"href":"https:\/\/www.greenpeace.org\/denmark\/wp-json\/wp\/v2\/comments?post=4406"}],"version-history":[{"count":13,"href":"https:\/\/www.greenpeace.org\/denmark\/wp-json\/wp\/v2\/posts\/4406\/revisions"}],"predecessor-version":[{"id":55059,"href":"https:\/\/www.greenpeace.org\/denmark\/wp-json\/wp\/v2\/posts\/4406\/revisions\/55059"}],"wp:featuredmedia":[{"embeddable":true,"href":"https:\/\/www.greenpeace.org\/denmark\/wp-json\/wp\/v2\/media\/4407"}],"wp:attachment":[{"href":"https:\/\/www.greenpeace.org\/denmark\/wp-json\/wp\/v2\/media?parent=4406"}],"wp:term":[{"taxonomy":"category","embeddable":true,"href":"https:\/\/www.greenpeace.org\/denmark\/wp-json\/wp\/v2\/categories?post=4406"},{"taxonomy":"post_tag","embeddable":true,"href":"https:\/\/www.greenpeace.org\/denmark\/wp-json\/wp\/v2\/tags?post=4406"},{"taxonomy":"p4-page-type","embeddable":true,"href":"https:\/\/www.greenpeace.org\/denmark\/wp-json\/wp\/v2\/p4-page-type?post=4406"}],"curies":[{"name":"wp","href":"https:\/\/api.w.org\/{rel}","templated":true}]}}