{"id":49359,"date":"2021-10-30T09:10:33","date_gmt":"2021-10-30T07:10:33","guid":{"rendered":"https:\/\/www.greenpeace.org\/denmark\/?p=49359"},"modified":"2023-01-20T11:07:52","modified_gmt":"2023-01-20T10:07:52","slug":"hvad-skal-der-til-paa-fns-klimatopmoede-cop26-i-glasgow","status":"publish","type":"post","link":"https:\/\/www.greenpeace.org\/denmark\/nyhed\/klimaforandringer\/hvad-skal-der-til-paa-fns-klimatopmoede-cop26-i-glasgow\/","title":{"rendered":"Hvad skal der til p\u00e5 FN\u2019s klimatopm\u00f8de COP26 i Glasgow?"},"content":{"rendered":"\n<p>Verden befinder sig i et skels\u00e6ttende \u00f8jeblik: Hvis vi skal undg\u00e5 de v\u00e6rste konsekvenser af klimakrisen, skal verdens lande levere \u00f8jeblikkelige og markante reduktioner i udledningen af drivhusgasser.<\/p>\n\n<p>Det ved vi fra den seneste opg\u00f8relse over klimavidenskaben (<a href=\"https:\/\/www.berlingske.dk\/videnskab\/advarsel-i-verdens-vigtigste-klimarapport-klimaforandringerne-er-uden\">IPCC rapporten fra august<\/a>), og vi ved det, fordi vi allerede oplever klimaforandringernes destruktive kr\u00e6fter rundt omkring os.<\/p>\n\n<figure class=\"wp-block-image alignright size-full is-resized\"><img loading=\"lazy\" decoding=\"async\" src=\"https:\/\/www.greenpeace.org\/static\/planet4-denmark-stateless\/2018\/11\/9e43bb16-paris-aktion.jpg\" alt=\"\" class=\"wp-image-1971\" width=\"319\" height=\"239\" srcset=\"https:\/\/www.greenpeace.org\/static\/planet4-denmark-stateless\/2018\/11\/9e43bb16-paris-aktion.jpg 800w, https:\/\/www.greenpeace.org\/static\/planet4-denmark-stateless\/2018\/11\/9e43bb16-paris-aktion-300x225.jpg 300w, https:\/\/www.greenpeace.org\/static\/planet4-denmark-stateless\/2018\/11\/9e43bb16-paris-aktion-768x576.jpg 768w, https:\/\/www.greenpeace.org\/static\/planet4-denmark-stateless\/2018\/11\/9e43bb16-paris-aktion-453x340.jpg 453w\" sizes=\"auto, (max-width: 319px) 100vw, 319px\" \/><figcaption class=\"wp-element-caption\">Milj\u00f8venlig farve og biltrafik skaber en sol omkring Triumfbuen i Paris forud for klimatopm\u00f8det i 2015<\/figcaption><\/figure>\n\n<p>FN\u2019s klimatopm\u00f8der &#8211; ogs\u00e5 kaldet COP\u2019en (<em>Conference of the Parties<\/em>) &#8211; er der, hvor verdens regeringer m\u00f8des for at dr\u00f8fte klimaforandringerne, og hvad de vil g\u00f8re ved dem. Planer pr\u00e6senteres og dr\u00f8ftes, og nogle gange indg\u00e5s aftaler. N\u00e6sten alle lande er repr\u00e6senteret. Side om side diskuterer sm\u00e5 \u00f8stater, der har udsigt til at forsvinde fra landkortet inden udgangen af \u00e5rhundredet, med store og st\u00e6rkt forurenende lande. Nogle regeringer kommer i god tro, mens andre kommer for at stikke en k\u00e6p i hjulet og forhindre fremskridt.<\/p>\n\n<p>Klimatopm\u00f8det i K\u00f8benhavn i 2009 var et eksempel p\u00e5, hvor skidt det kan g\u00e5. Omvendt er COP21 i Paris med indg\u00e5elsen af Parisaftalen i 2015 et eksempel p\u00e5, hvor godt det kan g\u00e5. En helt central del af Parisaftalen er den vedtagne m\u00e5ls\u00e6tning om, at den gennemsnitlige globale temperaturstigning skal fors\u00f8ges begr\u00e6nses til 1,5 og godt under 2 grader.<\/p>\n\n<p>Hver COP er vigtig og forskellig, men enkelte klimatopm\u00f8der f\u00e5r mere opm\u00e6rksomhed end andre, og det er ikke uden grund, at verdens \u00f8jne hviler p\u00e5 det forest\u00e5ende m\u00f8de i Glasgow. I Paris vedtog verdens regeringer de m\u00e5ls\u00e6tninger, der skal f\u00e5 os ud af klimakrisen. I Glasgow skal vi se planerne for, hvordan vi kommer frem til m\u00e5lstregen.<\/p>\n\n<h2 class=\"wp-block-heading\"><strong>Hvordan ser succes i Glasgow ud?<\/strong><\/h2>\n\n<p>Vi kan ikke pakke tingene ind l\u00e6ngere taget den alvorlige situation i betragtning: Succes i Glasgow vil kr\u00e6ve enorme fremskridt. Kort fortalt er der fire afg\u00f8rende kriterier:<\/p>\n\n<ol class=\"wp-block-list\">\n<li>Vi skal se en utvetydig erkl\u00e6ring fra verdens regeringer om, at den fossile \u00e6ra er slut. Fra den dag klimatopm\u00f8det afsluttes skal det v\u00e6re slut med nye kul-, olie- og gasprojekter.<\/li>\n\n\n\n<li>Verdens regeringer skal forpligte hinanden p\u00e5 at halvere udledningen af drivhusgasser i 2030.<\/li>\n\n\n\n<li>Verdens regeringer skal afvise planerne om et globalt marked for CO2-kreditter (kreditterne er ofte fusk, greenwashing og de virker ikke).<\/li>\n\n\n\n<li>Det skal sikres, at 100 milliarder dollars \u00e5rligt gives fra de rige lande til mindre udviklede lande, der kan hj\u00e6lpe med at financiere tilpasning til klimaforandringerne, udbyning af vedvarende energi og udfasning af fossile br\u00e6ndsler. Derudover skal der en pose penge oveni som godtg\u00f8relse for den skade, som klimaforandringerne allerede har forvoldt.<\/li>\n<\/ol>\n\n<p>Lad os tage et dybere dyk ned i hvert kriterie.<\/p>\n\n<h2 class=\"wp-block-heading\"><strong>Enden p\u00e5 den fossile \u00e6re<\/strong><\/h2>\n\n<figure class=\"wp-block-image alignright size-large is-resized\"><img loading=\"lazy\" decoding=\"async\" src=\"https:\/\/www.greenpeace.org\/static\/planet4-denmark-stateless\/2020\/11\/a372137c-lukketid-for-nords\u00f8olien-1-1024x683.jpg\" alt=\"\" class=\"wp-image-11456\" width=\"343\" height=\"228\" srcset=\"https:\/\/www.greenpeace.org\/static\/planet4-denmark-stateless\/2020\/11\/a372137c-lukketid-for-nords\u00f8olien-1-1024x683.jpg 1024w, https:\/\/www.greenpeace.org\/static\/planet4-denmark-stateless\/2020\/11\/a372137c-lukketid-for-nords\u00f8olien-1-300x200.jpg 300w, https:\/\/www.greenpeace.org\/static\/planet4-denmark-stateless\/2020\/11\/a372137c-lukketid-for-nords\u00f8olien-1-768x512.jpg 768w, https:\/\/www.greenpeace.org\/static\/planet4-denmark-stateless\/2020\/11\/a372137c-lukketid-for-nords\u00f8olien-1-1536x1024.jpg 1536w, https:\/\/www.greenpeace.org\/static\/planet4-denmark-stateless\/2020\/11\/a372137c-lukketid-for-nords\u00f8olien-1-2048x1366.jpg 2048w, https:\/\/www.greenpeace.org\/static\/planet4-denmark-stateless\/2020\/11\/a372137c-lukketid-for-nords\u00f8olien-1-510x340.jpg 510w\" sizes=\"auto, (max-width: 343px) 100vw, 343px\" \/><figcaption class=\"wp-element-caption\">Aktivister fra Greenpeace projekterer budskabet \u201cLUKKETID\u201d p\u00e5 boreriggen Maersk Resolute i Esbjerg Havn.<\/figcaption><\/figure>\n\n<p>Klimaforandringernes st\u00f8rste synder er de fossile br\u00e6ndsler. Kul, olie og gas indeholder kulstof, der, n\u00e5r det afbr\u00e6ndes i kraftv\u00e6rker, biler, fly osv., udleder kuldioxid (CO2) til atmosf\u00e6ren, der opvarmer vores atmosf\u00e6re og oceaner. Derfor er det absolut n\u00f8dvendigt, at verden beslutter sig for, at nye kul-, olie- og gasprojekter h\u00f8rer fortiden til. Det betyder ingen nye tilladelser til oliefterforskning, ingen nye kulkraftv\u00e6rker og ikke flere gasledninger (hverken til Lolland eller Rusland).<\/p>\n\n<p>Selv Det Internationale Energiagentur, som i en uheldig kombination af b\u00e5de at v\u00e6re fodsl\u00e6bende og en af de mest toneangivende organisationer p\u00e5 energiomr\u00e5det, kom med en <a href=\"https:\/\/www.information.dk\/udland\/2021\/05\/vilje-naar-15-gradersmaalet-stoerste-udfordring-nogensinde\">afg\u00f8rende rapport<\/a> i maj tidligere i \u00e5r, hvor agenturet anviste et scenarie for, hvordan verden kan indfri Parisaftalens 1,5 grads m\u00e5ls\u00e6tning. En af de helt centrale pointer i den rapport er, at den m\u00e5ls\u00e6tning foruds\u00e6tter, at der \u201c&#8230; fra i dag ikke foretages nogle nye investeringer i fossile energiprojekter\u2026\u201d.<\/p>\n\n<h2 class=\"wp-block-heading\"><strong>Halvering af drivhusgasserne i 2030<\/strong><\/h2>\n\n<p>De sidste fem \u00e5r (2016-2020) har v\u00e6ret de varmest \u00e5r (hvilket vil sige siden 1850 mindst). De sidste 15 \u00e5r har v\u00e6ret de 15 \u00e5r, hvor <a href=\"https:\/\/nsidc.org\/arcticseaicenews\/2021\/10\/september-turning\/\">havisen i Arktis har v\u00e6re mindst<\/a>. Hedeb\u00f8lge og skovbrande i Nordamerika, kraftige overssv\u00f8mmelser i Kina og Europa, Madagaskar advarer om, at de st\u00e5r p\u00e5 t\u00e6rsklen til en klimarelateret hungersn\u00f8d. Intet kontinent g\u00e5r i dag fri.<\/p>\n\n<p>If\u00f8lge forskerne skal der t\u00e6t p\u00e5 en halvering af drivhusgasser til, for at 1,5 grads m\u00e5let i Parisaftalen forbliver inden for r\u00e6kkevidde. Men if\u00f8lge den seneste <a href=\"https:\/\/politiken.dk\/klima\/art8437261\/Verden-er-milevidt-fra-klimam%C3%A5l\">opg\u00f8relse fra FN<\/a>, der udkom for f\u00e5 dage siden, s\u00e5 har verden med de politiske l\u00f8fter, der lige nu er p\u00e5 bordet, retning mod en gennemsnitlig temperaturstigning p\u00e5 2,7 grader.<\/p>\n\n<p>Ser man tilbage p\u00e5 en <a href=\"https:\/\/climateactiontracker.org\/publications\/analysis-current-greenhouse-gas-emission-trends\/\">lignende opg\u00f8relse<\/a> forud for klimatopm\u00f8det i Paris i 2015, var verden p\u00e5 dette tidspunkt p\u00e5 vej mod en 3,7 grader varmere verden.<\/p>\n\n<p>I betragtning af at drivhusgasserne forventes at stige de kommende \u00e5r, er opgaven foran verden monumental. P\u00e5 den anden side fort\u00e6ller de seneste \u00e5rs fremskridt fra Parisaftalen og frem, at store forbedringer er muligt. Dette endda i en periode med en amerikansk pr\u00e6sident der stak en kniv i ryggen p\u00e5 klimavidenskaben og fremtidige generationer, samt en brasiliansk president, der er g\u00e5et amok med motorsaven i egen baghave.<\/p>\n\n<p>Derfor er det absolut n\u00f8dvendigt, at vi i Glasgow ser nye og markant forbedrede l\u00f8fter om reduktioner af drivhusgasserne. Det er is\u00e6r de rige lande, der skal g\u00e5 i front, men der skal ogs\u00e5 komme v\u00e6sentlig mere handling fra G20 landene, der st\u00e5r for 80 procent af de globale udledninger, inklusive Indien, Kina, Australien, Saudi Arabien, Rusland og Brasilien.<\/p>\n\n<h2 class=\"wp-block-heading\"><strong>CO2-kreditter &#8211; en bombe under Parisaftalen<\/strong><\/h2>\n\n<p>Siden Parisaftalen er m\u00e6ngden af l\u00f8fter fra b\u00e5de lande og store virksomheder om \u201cnetto-nul\u201d og \u201cklimaneutral\u201d eksploderet.<\/p>\n\n<p>I alt for mange tilf\u00e6lde er grundprincippet at i stedet for at introducere planer for markante reduktioner i egen butik p\u00e5 den korte bane, s\u00e5 f\u00e5r man et dyrt marketingsbureau til at lave en gr\u00f8n indpakning af et budskab om netto-nul eller klimaneutral et sted langt ude i fremtiden (typisk om 30 \u00e5rs tid s\u00e5 virksomheden kan sige, at den er Paris-kompatibel). P\u00e5 sidelinjen tilk\u00f8ber store udledere nogle CO2-kreditter (der ofte er <a href=\"https:\/\/unearthed.greenpeace.org\/2021\/10\/25\/shell-oil-carbon-neutral-offsetting\/\">udokumenteret<\/a> hvis ikke <a href=\"https:\/\/politiken.dk\/tag\/main\/Klimabedraget\">direkte fusk<\/a>), som de kan tr\u00e6kke fra deres egne udledninger).<\/p>\n\n<p>Overordnet set er netto-0 m\u00e5ls\u00e6tninger og klimaneutralitet i 2050 et r\u00f8gsl\u00f8r, der i bund og grund fors\u00f8ger at fjerne opm\u00e6rksomheden fra stater og virksomheders manglende drivhusgasreduktioner her og nu. Trods den gr\u00f8nne indpakning var og er det stadig den dag i dag den egentlige hensigt at beskytte <em>business as usual<\/em> og ikke klimaet eller vores f\u00e6lles velf\u00e6rd. I nogle tilf\u00e6lde benyttes \u201cnet-zero commitments\u201d endda til at udvide den eksisterende fossile produktion.<\/p>\n\n<p>En af de ting, der skal forhandles p\u00e5 plads i Glasgow, er de mere detaljerede regler under Parisaftalen. Det kan umiddelbart lyde en anelse kedeligt og ubetydeligt, men dj\u00e6vlen gemmer sig som bekendt ofte i detaljen.<\/p>\n\n<p>Under Parisaftalens artikel 6 \u00f8jner mange store virksomheder og lande en mulighed for, at der i Glasgow vedtages en mekanisme for, hvordan der kan skabes et globalt marked for CO2-kreditter. Dette m\u00e5 ikke ske.<\/p>\n\n<p>Artikel 6 skal udstikke reglerne for internationalt klimasamarbejde omkring finansiering, teknologioverf\u00f8rsel til mindre udviklede lande, vidensdeling og kapacitetsopbygning &#8211; ikke v\u00e6reet v\u00e6rkt\u00f8j til at slippe for de n\u00f8dvendige reduktioner her og nu.<\/p>\n\n<h2 class=\"wp-block-heading\"><strong>Klimabistand<\/strong><\/h2>\n\n<p>P\u00e5 klimatopm\u00f8det i K\u00f8benhavn i 2009 lovede verdens rige lande, at de i 2020 ville give 100 milliarder dollars om \u00e5ret i klimbistand til de mindre udviklede lande. L\u00f8ftet blev gentaget i Paris i 2015 og forl\u00e6nget til 2025.<\/p>\n\n<p>Men l\u00f8ftet er ikke blevet indfriet, og <a href=\"https:\/\/www.oecd.org\/newsroom\/statement-by-the-oecd-secretary-general-on-future-levels-of-climate-finance.htm\">if\u00f8lge OECD<\/a> forventes det f\u00f8rst indfriet i 2023. Det er alt for sent. Det er f\u00f8rst og fremmeste de rige lande, der b\u00e6rer det historiske ansvar for klimakrisen. Derudover rammer konsekvenserne af klimaforandringerne socialt sk\u00e6vt, og g\u00e5r h\u00e5rdest ud over det globale syd.<\/p>\n\n<p>Her har Danmark intet at prale af. Vores andel af de 100 milliarder dollars svarer til 5 milliarder kr, men p\u00e5 nuv\u00e6rende tidspunkt har vi kun leveret omkring det halve af det lovede. Hvad der m\u00e5ske er endnu v\u00e6rre er, at <a href=\"https:\/\/www.information.dk\/debat\/2021\/09\/ingen-klimahandling-uden-nye-klimapenge\">Danmark siden 2016 i stigende grad har taget de lovede penge fra den almindelige udviklingsbistand<\/a>, stik imod l\u00f8ftet fra klimatopm\u00f8det i K\u00f8benhavn og Paris. Det er ganske enkelt dybt usympatisk.<\/p>\n\n<p>I Glasgow skal de rige lande til lommerne, og dybere end de har v\u00e6ret indtil videre.<\/p>\n\n<p>Om de n\u00e6ste to uger vil bringe alt det ovenst\u00e5ende er tvivlsomt, men det eneste, der st\u00e5r i vejen er manglen p\u00e5 politisk vilje.<\/p>\n\t\t\t<section\n\t\t\tclass=\"boxout post-5141 \"\n\t\t\t\n\t\t>\n\t\t\t<a\n\t\t\t\tdata-ga-category=\"Take Action Boxout\"\n\t\t\t\tdata-ga-action=\"Image\"\n\t\t\t\tdata-ga-label=\"n\/a\"\n\t\t\t\tclass=\"cover-card-overlay\"\n\t\t\t\thref=\"https:\/\/www.greenpeace.org\/denmark\/vaer-med\/klimakrise-er-her-nu\/\" \n\t\t\t><\/a>\n\t\t\t\t\t\t\t<img\n\t\t\t\t\t\tsrc=\"https:\/\/www.greenpeace.org\/static\/planet4-denmark-stateless\/2021\/08\/d0757f13-gettyimages-1234407019-1024x681.jpg\"\n\t\t\t\t\t\tsrcset=\"https:\/\/www.greenpeace.org\/static\/planet4-denmark-stateless\/2021\/08\/d0757f13-gettyimages-1234407019-300x200.jpg 300w, https:\/\/www.greenpeace.org\/static\/planet4-denmark-stateless\/2021\/08\/d0757f13-gettyimages-1234407019-1024x681.jpg 1024w, https:\/\/www.greenpeace.org\/static\/planet4-denmark-stateless\/2021\/08\/d0757f13-gettyimages-1234407019-768x511.jpg 768w, https:\/\/www.greenpeace.org\/static\/planet4-denmark-stateless\/2021\/08\/d0757f13-gettyimages-1234407019-510x340.jpg 510w, https:\/\/www.greenpeace.org\/static\/planet4-denmark-stateless\/2021\/08\/d0757f13-gettyimages-1234407019.jpg 1048w\"\n\t\t\t\t\t\tsizes=\"(min-width: 1000px) 358px, (min-width: 780px) 313px, 88px\"\n\t\t\t\t\t\talt=\"Klimaforandringer for\u00e5rsager brande\" title=\"Klimaforandringer for\u00e5rsager brande\"\n\t\t\t\t\/>\n            \t\t\t<div class=\"boxout-content\">\n\t\t\t\t\t\t\t\t\t<a\n\t\t\t\t\t\tclass=\"boxout-heading medium\"\n\t\t\t\t\t\tdata-ga-category=\"Take Action Boxout\"\n\t\t\t\t\t\tdata-ga-action=\"Title\"\n\t\t\t\t\t\tdata-ga-label=\"n\/a\"\n\t\t\t\t\t\thref=\"https:\/\/www.greenpeace.org\/denmark\/vaer-med\/klimakrise-er-her-nu\/\"\n\t\t\t\t\t\t\n\t\t\t\t\t>\n\t\t\t\t\t\tStop klimakrisen\n\t\t\t\t\t<\/a>\n\t\t\t\t\t\t\t\t\t\t\t\t\t<p class=\"boxout-excerpt\">Ny klimarapport afsl\u00f8rer, klimakrisen rammer os hurtigere og h\u00e5rdere, end hidtil troet. L\u00e6s mere om hvad der skal til for at bremse klimaforandringer.<\/p>\n\t\t\t\t                                    <a\n                        class=\"btn btn-primary\"\n                        data-ga-category=\"Take Action Boxout\"\n                        data-ga-action=\"Call to Action\"\n                        data-ga-label=\"n\/a\"\n                        href=\"https:\/\/www.greenpeace.org\/denmark\/vaer-med\/klimakrise-er-her-nu\/\"\n                        \n                    >\n                        V\u00e6r med\n                    <\/a>\n                \t\t\t<\/div>\n\t\t\t\t\t<\/section>\n\t","protected":false},"excerpt":{"rendered":"<p>Verden befinder sig i et skels\u00e6ttende \u00f8jeblik: Hvis vi skal undg\u00e5 de v\u00e6rste konsekvenser af klimakrisen, skal verdens lande levere \u00f8jeblikkelige og markante reduktioner i udledningen af drivhusgasser.<\/p>\n","protected":false},"author":27,"featured_media":5188,"comment_status":"open","ping_status":"open","sticky":false,"template":"","format":"standard","meta":{"ep_exclude_from_search":false,"p4_og_title":"","p4_og_description":"","p4_og_image":"","p4_og_image_id":"","p4_seo_canonical_url":"","p4_campaign_name":"not set","p4_local_project":"not set","p4_basket_name":"not set","p4_department":"","footnotes":""},"categories":[1],"tags":[19,24,25],"p4-page-type":[16],"class_list":["post-49359","post","type-post","status-publish","format-standard","has-post-thumbnail","hentry","category-klimaforandringer","tag-fossilenergi","tag-klima","tag-klimalosninger","p4-page-type-nyhed"],"_links":{"self":[{"href":"https:\/\/www.greenpeace.org\/denmark\/wp-json\/wp\/v2\/posts\/49359","targetHints":{"allow":["GET"]}}],"collection":[{"href":"https:\/\/www.greenpeace.org\/denmark\/wp-json\/wp\/v2\/posts"}],"about":[{"href":"https:\/\/www.greenpeace.org\/denmark\/wp-json\/wp\/v2\/types\/post"}],"author":[{"embeddable":true,"href":"https:\/\/www.greenpeace.org\/denmark\/wp-json\/wp\/v2\/users\/27"}],"replies":[{"embeddable":true,"href":"https:\/\/www.greenpeace.org\/denmark\/wp-json\/wp\/v2\/comments?post=49359"}],"version-history":[{"count":5,"href":"https:\/\/www.greenpeace.org\/denmark\/wp-json\/wp\/v2\/posts\/49359\/revisions"}],"predecessor-version":[{"id":55116,"href":"https:\/\/www.greenpeace.org\/denmark\/wp-json\/wp\/v2\/posts\/49359\/revisions\/55116"}],"wp:featuredmedia":[{"embeddable":true,"href":"https:\/\/www.greenpeace.org\/denmark\/wp-json\/wp\/v2\/media\/5188"}],"wp:attachment":[{"href":"https:\/\/www.greenpeace.org\/denmark\/wp-json\/wp\/v2\/media?parent=49359"}],"wp:term":[{"taxonomy":"category","embeddable":true,"href":"https:\/\/www.greenpeace.org\/denmark\/wp-json\/wp\/v2\/categories?post=49359"},{"taxonomy":"post_tag","embeddable":true,"href":"https:\/\/www.greenpeace.org\/denmark\/wp-json\/wp\/v2\/tags?post=49359"},{"taxonomy":"p4-page-type","embeddable":true,"href":"https:\/\/www.greenpeace.org\/denmark\/wp-json\/wp\/v2\/p4-page-type?post=49359"}],"curies":[{"name":"wp","href":"https:\/\/api.w.org\/{rel}","templated":true}]}}