{"id":49948,"date":"2021-12-03T10:49:25","date_gmt":"2021-12-03T09:49:25","guid":{"rendered":"https:\/\/www.greenpeace.org\/denmark\/?p=49948"},"modified":"2023-01-17T15:32:21","modified_gmt":"2023-01-17T14:32:21","slug":"intet-er-umuligt-det-umulige-kraever-bare-lidt-mere-tid-og-nogen-gange-lidt-civil-ulydighed-gustav-martner","status":"publish","type":"post","link":"https:\/\/www.greenpeace.org\/denmark\/nyhed\/greenpeace\/intet-er-umuligt-det-umulige-kraever-bare-lidt-mere-tid-og-nogen-gange-lidt-civil-ulydighed-gustav-martner\/","title":{"rendered":"\u201cIntet er umuligt, det umulige kr\u00e6ver bare lidt mere tid. Og nogen gange lidt civil ulydighed\u201d &#8211; Gustav Martner"},"content":{"rendered":"\n<p><em>Gustav Martner er head of creative for Greenpeace Norden baseret i Stockholm, men han er ogs\u00e5 en aktivist. F\u00f8rhen arbejdede han inden for den digitale branche og medieindustrien, og han drev mange succesfulde virksomheder. Han var overbevist om muligheden for at skabe forandring indefra. Men efter mange skuffelser besluttede han sig for at skifte taktik. Jeg har stillet ham nogle sp\u00f8rgsm\u00e5l om <a href=\"https:\/\/www.greenpeace.org\/denmark\/om-os\/aktioner\/\"><em>civil ulydighed<\/em><\/a> og om kampagnen for at forbyde fossile reklamer.<\/em><\/p>\n\n<figure class=\"wp-block-image size-full\"><img loading=\"lazy\" decoding=\"async\" width=\"1024\" height=\"768\" src=\"https:\/\/www.greenpeace.org\/static\/planet4-denmark-stateless\/2021\/12\/8402a05e-gustav1.jpg\" alt=\"\" class=\"wp-image-49949\" srcset=\"https:\/\/www.greenpeace.org\/static\/planet4-denmark-stateless\/2021\/12\/8402a05e-gustav1.jpg 1024w, https:\/\/www.greenpeace.org\/static\/planet4-denmark-stateless\/2021\/12\/8402a05e-gustav1-300x225.jpg 300w, https:\/\/www.greenpeace.org\/static\/planet4-denmark-stateless\/2021\/12\/8402a05e-gustav1-768x576.jpg 768w, https:\/\/www.greenpeace.org\/static\/planet4-denmark-stateless\/2021\/12\/8402a05e-gustav1-453x340.jpg 453w\" sizes=\"auto, (max-width: 1024px) 100vw, 1024px\" \/><\/figure>\n\n<p><strong>Hvordan gik det til, at du begyndte at arbejde i Greenpeace?<\/strong><\/p>\n\n<p>Jeg har altid v\u00e6ret engageret i milj\u00f8sp\u00f8rgsm\u00e5l men ogs\u00e5 i andre retf\u00e6rdighedssp\u00f8rgsm\u00e5l. Da jeg voksede op, var der en forventning om, at man skulle have et vell\u00f8nnet job, og jeg ville vel bevise, at jeg kunne fors\u00f8rge mig selv. For mig blev det ved at drive virksomheder. Jeg har altid v\u00e6ret kreativ og nydt at skabe, og det at drive de her virksomheder var en m\u00e5de for mig at blive betalt for det, jeg br\u00e6nder for. Jeg var overbevist om, at den bedste m\u00e5de at skabe forandring var ved at agere indefra og komme med b\u00e6redygtige forretningsideer.&nbsp; Men med \u00e5rene blev jeg skuffet, fordi de mest b\u00e6redygtige ideer ofte blev lagt til side til fordel for mere kortsigtede ideer. Jeg f\u00f8lte s\u00e5 sm\u00e5t, at jeg m\u00e5tte forlade forretningsverdenen og fors\u00f8ge at p\u00e5virke mere politisk.<\/p>\n\n<p><strong>Fort\u00e6l om kampagnen for at f\u00e5 fossile reklamer forbudt.&nbsp;<\/strong><\/p>\n\n<p>Alle brancher g\u00f8r nu, hvad de kan for at omstille sig og tage ansvar i den sv\u00e6re situation, vi befinder os i. Jordens ressourcer forbruges alt for hurtigt, og vi har enorme emissioner. Jeg oplever, at reklame- og medielandskabet er en blind plet. Jeg og andre kolleger hos Greenpeace lavede en analyse af, hvordan vi kunne bruge markedsf\u00f8ringslovgivningen til at \u00f8ge branchens ansvar. S\u00e5dan blev ideen om et forbud mod fossile reklamer p\u00e5 EU-plan f\u00f8dt.&nbsp;<br>Siden har vi arbejdet sammen med mere end 20 andre organisationer for at forf\u00f8lge dette sp\u00f8rgsm\u00e5l. Den store indsats nu er at indsamle den million underskrifter, der kr\u00e6ves, for at politikerne <em>skal<\/em> behandle forslaget.&nbsp; For at \u00f8ge chancerne for at det g\u00e5r igennem, haster det meget med at vise gode eksempler p\u00e5, at det faktisk kan gennemf\u00f8res. Derfor har vi en t\u00e6t dialog med mediebranchen og arbejder med opinionsdannelse og politisk pres for at f\u00e5 politikerne til at indf\u00f8re forbud mod fossile reklamer.<\/p>\n\n<p><strong>Vil du fort\u00e6lle lidt om, hvad vi har gjort i kampagnen hidtil og de aktioner, der har v\u00e6ret?&nbsp;<\/strong><\/p>\n\n<p>Det er en kampagne, der er f\u00f8rt an af de frivillige. Vi har uddannet og mobiliseret en lang r\u00e6kke mennesker, som har mulighed for at forf\u00f8lge disse problemstillinger lokalt, men ogs\u00e5 p\u00e5 andre typer platforme. Det de har bedrevet indtil videre er fantastiskt! I Sverige har de for eksempel ringet og snakket med hver eneste politiker i Stockholm, og de har uddelt den rapport, som Greenpeace har lavet, i forbindelse med mediebranchens store konferencer. Det er en ambiti\u00f8s rapport, som forklarer hvilke afgr\u00e6nsninger, det er muligt at g\u00f8re:<\/p>\n\n<p>Noget, som Greenpeace er kendt for og som g\u00f8r os unikke, er aktioner. Og det har vi ogs\u00e5 gjort brug af i denne kampagne. Vi har fors\u00f8gt at skabe opm\u00e6rksomhed om denne problemstilling ved at s\u00e6tte \u201cIngen fossile reklamer, tak\u201d-m\u00e6rkater p\u00e5 b\u00e5de store og sm\u00e5 skadelige annoncer.<\/p>\n\n<figure class=\"wp-block-image size-full\"><img loading=\"lazy\" decoding=\"async\" width=\"1024\" height=\"768\" src=\"https:\/\/www.greenpeace.org\/static\/planet4-denmark-stateless\/2021\/12\/39cd49dc-adban1.jpg\" alt=\"\" class=\"wp-image-49950\" srcset=\"https:\/\/www.greenpeace.org\/static\/planet4-denmark-stateless\/2021\/12\/39cd49dc-adban1.jpg 1024w, https:\/\/www.greenpeace.org\/static\/planet4-denmark-stateless\/2021\/12\/39cd49dc-adban1-300x225.jpg 300w, https:\/\/www.greenpeace.org\/static\/planet4-denmark-stateless\/2021\/12\/39cd49dc-adban1-768x576.jpg 768w, https:\/\/www.greenpeace.org\/static\/planet4-denmark-stateless\/2021\/12\/39cd49dc-adban1-453x340.jpg 453w\" sizes=\"auto, (max-width: 1024px) 100vw, 1024px\" \/><\/figure>\n\n<p>M\u00e6rkaterne har et design, som ligner advarselsteksterne p\u00e5 tobaksemballage. Det er en bevidst kobling, vi har lavet, da forbuddet mod tobaksreklamer er et inspirerende eksempel, eftersom det har givet mange positive effekter p\u00e5 folkesundheden. P\u00e5 samme m\u00e5de skulle et forbud mod fossile reklamer have en positiv effekt for b\u00e5de planeten og luftkvaliteten i byerne.<\/p>\n\n<p>Tidligere p\u00e5 efter\u00e5ret satte vi et 13 meter langt banner med advarselstekst p\u00e5 Finnairs enorme billboard for flyvninger lige overfor Helsinki hovedbaneg\u00e5rd. Det banner gav en masse omtale og gode visuelle billeder, som hyppigt&nbsp; bliver brugt, n\u00e5r emnet bliver diskuteret. Det var ogs\u00e5 en god aktion p\u00e5 den m\u00e5de, at det mediebureau, som ejer billboardet, vi klatrede p\u00e5, som respons meldte ud, at de ville benytte anledningen til at tjekke deres policies. Den aktion havde jeg privilegiet af selv at v\u00e6re en del af.<\/p>\n\n<p>Over 100.000 personer har allerede skrevet under p\u00e5 underskriftsindsamlingen for at f\u00e5 europ\u00e6iske politikere til at s\u00e6tte forbuddet mod fossile reklamer p\u00e5 dagsordenen. Uden menneskelig engagement &#8211; b\u00e5de fra frivillige og donorer &#8211; ville intet af dette v\u00e6re muligt. Sammen skaber vi kampagnen og det n\u00f8dvendige pres p\u00e5 vores politikere.<\/p>\n\n<p><strong>Hvordan er det at v\u00e6re med i s\u00e5 stor en aktion, og hvad giver dig modet?&nbsp;<\/strong><\/p>\n\n<p>For mig handler det meget om at bruge de privilegier, man har f\u00e5et her i livet. Det er ikke alle, der har mulighed for at g\u00f8re dette. Jeg har helbredet og muligheden, og forh\u00e5bentlig p\u00e5virker jeg positivt.<\/p>\n\n<p>At lave en aktion er s\u00e5 meget mere end selve aktionen, der er s\u00e5 meget arbejde bagved. I min rolle hos Greenpeace tager jeg ofte del i udformningen af aktionen. N\u00e5r vi har bestemt os for, hvad vi vil lave, kan jeg m\u00e5ske blive bedt om at deltage, i s\u00e5 fald forlader jeg skrivebordet og g\u00e5r ind i en aktivistrolle.<\/p>\n\n<p>Sikkerheden er det absolut vigtigste. Der bliver brugt meget tid p\u00e5 planl\u00e6gning, og vi tr\u00e6ner en hel del. Nogle af de ting, vi g\u00f8r, kan se ekstreme ud, men vi kan gennemf\u00f8re dem p\u00e5 grund af et erfarent team og omhyggelige risikovurderinger.<\/p>\n\n<p>Netop i Helsinki var et stort antal mennesker under os p\u00e5 vej til skole eller arbejde. Flere stoppede op og kiggede, gav tommel op, tog fotos med deres mobiler og vinkede. Det er en dejlig f\u00f8lelse. Man m\u00e6rker, at mange synes, at det, vi g\u00f8r, er rigtigt og inspirerende. Jeg tror ikke bare, de kan lide budskabet, men at de m\u00e5ske ogs\u00e5 bliver inspireret af, at nogle mennesker faktisk er parate til at udf\u00f8re civil ulydighed i deres kamp for milj\u00f8et. Jeg tror, at v\u00e6ldig mange, specielt unge mennesker, f\u00f8ler sig styrket af, at der findes mennesker som er parate til for alvor at g\u00f8re noget for at skabe en forandring, der er god for n\u00e6ste generation.<\/p>\n\n<figure class=\"wp-block-image size-full\"><img loading=\"lazy\" decoding=\"async\" width=\"1024\" height=\"683\" src=\"https:\/\/www.greenpeace.org\/static\/planet4-denmark-stateless\/2021\/12\/04e3c123-adban2.jpg\" alt=\"\" class=\"wp-image-49951\" srcset=\"https:\/\/www.greenpeace.org\/static\/planet4-denmark-stateless\/2021\/12\/04e3c123-adban2.jpg 1024w, https:\/\/www.greenpeace.org\/static\/planet4-denmark-stateless\/2021\/12\/04e3c123-adban2-300x200.jpg 300w, https:\/\/www.greenpeace.org\/static\/planet4-denmark-stateless\/2021\/12\/04e3c123-adban2-768x512.jpg 768w, https:\/\/www.greenpeace.org\/static\/planet4-denmark-stateless\/2021\/12\/04e3c123-adban2-510x340.jpg 510w\" sizes=\"auto, (max-width: 1024px) 100vw, 1024px\" \/><\/figure>\n\n<p><strong>Hvorfor ser du civil ulydighed som et vigtigt og effektivt redskab?<\/strong>&nbsp; &nbsp; &nbsp; &nbsp;<br>Jeg har jo en baggrund som programm\u00f8r og ser vores retssystem som en slags kode, som styrer samfundet.&nbsp; Og i alle komplekse systemer findes der fejl. Det er jo godt, hvis \u201cvenligt sindede hackere\u201d afsl\u00f8rer fejlene, s\u00e5 de, der har ansvaret for at rette dette system, indser, hvor der findes alvorlige fejl i programmeringskoden s\u00e5 at sige.<\/p>\n\n<p>Vi har en klimalov, generationsm\u00e5l og b\u00e6redygtighedsm\u00e5l, som er en del af retssystemet. Men med samme retssystem kan vi helt uden begr\u00e6nsninger have reklamer for ting, som vi ikke burde have. Vi burde ikke have un\u00f8dvendig flyvning. Der er en fejl i systemet.<\/p>\n\n<p>Civil ulydighed handler meget om at bidrage til det juridiske. Det er ikke s\u00e5dan, at vi er anarkister, som mener, at love er forkerte. Men vi siger: det her system fungerer ikke, og fordi I ikke g\u00f8r noget ved det, g\u00f8r vi det. Vi er parate til at tage konsekvenserne af det, og vi g\u00f8r det ikke for at \u00f8del\u00e6gge noget, men for at bygge noget bedre.<\/p>\n\n<p><strong>Er der et s\u00e6rligt \u00f8jeblik i dit arbejde for Greenpeace, som du er ekstra stolt over?<\/strong><\/p>\n\n<p>Da vi begyndte at arbejde med at stoppe Preems ekspansion, var der mange, som syntes, det var spild af tid. Det g\u00e5r jo ikke at stoppe mastodonten, Preem, sagde de. Preem havde lykkedes s\u00e5 godt med deres propaganda, lobbyisme og manipulation, at mange faktisk syntes, at det var en god id\u00e9 at udbygge raffinaderiet.<\/p>\n\n<p>Vi lavede en kortl\u00e6gning af Preems PR-arbejde, og det blev opfanget af STV med et langt indslag. Folk fik \u00f8jnene op for l\u00f8gnene, og da den svenske forbrugerstyrelse \u00e5bnede en tilsynssag, var det en v\u00e6ldig sk\u00f8n f\u00f8lelse. Sidenhen blev Preems planer stoppet, hvilket jo var fantastisk. Men for mig var de der sm\u00e5 sejre i begyndelse n\u00e6sten endnu bedre en den store sejr; for det viser, at demokratiet fungerer. Vi havde lavet en lille spr\u00e6kke i deres facade, og jeg f\u00f8lte et h\u00e5b om, at opinionsdannelse var muligt. Ingeting er umuligt; det umulige tager bare lidt l\u00e6ngere tid.<\/p>\n\n<p>Endnu en gang var det dejligt at se alt det engagement og st\u00f8tte, vi fik fra donorer og frivillige.<br><\/p>\n\n<figure class=\"wp-block-embed is-type-video is-provider-youtube wp-block-embed-youtube wp-embed-aspect-16-9 wp-has-aspect-ratio\"><div class=\"wp-block-embed__wrapper\">\n<lite-youtube style=\"background-image: url('https:\/\/i.ytimg.com\/vi\/rVu8RBijAt4\/hqdefault.jpg');\" videoid=\"rVu8RBijAt4\" params=\"rel=0\"><\/lite-youtube>\n<\/div><figcaption class=\"wp-element-caption\">Gustav fort\u00e6ller om kampagnen for at f\u00e5 fossile reklamer forbudt og civil ulydighed.<\/figcaption><\/figure>\n\n<p><strong>Hvorfor tror du, at et forbud mod fossile reklamer er effektivt?<\/strong><\/p>\n\n<p>Hvis vi hurtigt skal kunne komme ud af vores katastrofale fossilafh\u00e6ngighed, s\u00e5 kan vi ikke bare g\u00e5 efter de individuelle fossile virksomheder, for den tid har vi ikke. S\u00e5 derfor har vi ledt efter strategier og modeller for at begr\u00e6nse deres mulighed for at ekspandere og opretholde deres storskala virksomhed.<\/p>\n\n<p>Et forbud mod fossile reklamer er en typisk \u201chorisontal\u201d id\u00e9, som virker mod flere skadelige virksomheder samtidigt. Det er bedre at underminere en hel industri, som er skadelig, i stedet for bare at g\u00e5 efter den, der for \u00f8jeblikket er v\u00e6rst. Hvis vi bruger al vor tid og vore donorers penge p\u00e5 at g\u00e5 efter f.eks. Lundin-familiens olieselskab, er der jo en risiko for, at vi samtidig giver Equinor, Total eller Preem frit spil.<\/p>\n\n<p><strong>Hvad vil du sige til dem, som st\u00f8tter kampagnen og Greenpeaces arbejde?<\/strong><\/p>\n\n<p>F\u00f8rst og fremmest vil jeg sige TAK! Uden vore donorers st\u00f8tte ville vi ikke v\u00e6re istand til at g\u00f8re, det vi g\u00f8r. Der g\u00e5r ikke en dag, hvor vi ikke sender taknemmelige tanker til vore donorer.<\/p>\n\n<p>Enhver, som giver et bidrag til Greenpeace, viser, at de har forst\u00e5et, at verden ikke er perfekt, at systemet ikke er perfekt, at politikerne ikke altid g\u00f8r alt, hvad de b\u00f8r for v\u00e6lgerne. Industriens lobbyister er utroligt st\u00e6rke og skal bek\u00e6mpes af almindelige d\u00f8delige.<\/p>\n\n<p>De, som st\u00f8tter \u00f8konomisk, arbejder frivilligt eller p\u00e5 anden m\u00e5de engagerer sig, viser, at de har en forst\u00e5else af, at en system\u00e6ndring ikke kommer af sig selv, og at der findes m\u00e5der at skabe forandring p\u00e5. At f\u00e5 rettet systemet kr\u00e6ver mere end at udfylde en stemmeseddel hvert fjerde \u00e5r. Enhver, der st\u00f8tter Greenpeaces arbejder forst\u00e5r dette.<\/p>\n\n<p>Det giver os styrke i det, vi g\u00f8r, at vide, at vi har mange med os. N\u00e5r jeg taler med donorer,&nbsp; p\u00e5peger de ofte, at der er behov for organisationer som Greenpeace. De understreger, at der er behov for en uafh\u00e6ngig kritisk stemme, som f\u00e5r sat vigtige emner p\u00e5 dagsordenen, som tager aff\u00e6re, og som er parat til yde personlige ofre, n\u00e5r det er n\u00f8dvendigt. Det er kun takket v\u00e6re st\u00f8tte fra privatpersoner, at vi kan v\u00e6re d\u00e9n uafh\u00e6ngige stemme.<\/p>\n<div class=\"EmptyMessage\">Block content is empty. Check the block&#8217;s settings or remove it.<\/div>","protected":false},"excerpt":{"rendered":"<p>Gustav Martner er head of creative for Greenpeace Norden baseret i Stockholm, men han er ogs\u00e5 en aktivist. F\u00f8rhen arbejdede han inden for den digitale branche og medieindustrien, og han&hellip;<\/p>\n","protected":false},"author":47,"featured_media":49949,"comment_status":"open","ping_status":"open","sticky":false,"template":"","format":"standard","meta":{"ep_exclude_from_search":false,"p4_og_title":"","p4_og_description":"","p4_og_image":"","p4_og_image_id":"","p4_seo_canonical_url":"","p4_campaign_name":"not set","p4_local_project":"not set","p4_basket_name":"not set","p4_department":"","footnotes":""},"categories":[4],"tags":[43,30],"p4-page-type":[16],"class_list":["post-49948","post","type-post","status-publish","format-standard","has-post-thumbnail","hentry","category-greenpeace","tag-falskmarkedsfoering","tag-aktivisme","p4-page-type-nyhed"],"_links":{"self":[{"href":"https:\/\/www.greenpeace.org\/denmark\/wp-json\/wp\/v2\/posts\/49948","targetHints":{"allow":["GET"]}}],"collection":[{"href":"https:\/\/www.greenpeace.org\/denmark\/wp-json\/wp\/v2\/posts"}],"about":[{"href":"https:\/\/www.greenpeace.org\/denmark\/wp-json\/wp\/v2\/types\/post"}],"author":[{"embeddable":true,"href":"https:\/\/www.greenpeace.org\/denmark\/wp-json\/wp\/v2\/users\/47"}],"replies":[{"embeddable":true,"href":"https:\/\/www.greenpeace.org\/denmark\/wp-json\/wp\/v2\/comments?post=49948"}],"version-history":[{"count":4,"href":"https:\/\/www.greenpeace.org\/denmark\/wp-json\/wp\/v2\/posts\/49948\/revisions"}],"predecessor-version":[{"id":54570,"href":"https:\/\/www.greenpeace.org\/denmark\/wp-json\/wp\/v2\/posts\/49948\/revisions\/54570"}],"wp:featuredmedia":[{"embeddable":true,"href":"https:\/\/www.greenpeace.org\/denmark\/wp-json\/wp\/v2\/media\/49949"}],"wp:attachment":[{"href":"https:\/\/www.greenpeace.org\/denmark\/wp-json\/wp\/v2\/media?parent=49948"}],"wp:term":[{"taxonomy":"category","embeddable":true,"href":"https:\/\/www.greenpeace.org\/denmark\/wp-json\/wp\/v2\/categories?post=49948"},{"taxonomy":"post_tag","embeddable":true,"href":"https:\/\/www.greenpeace.org\/denmark\/wp-json\/wp\/v2\/tags?post=49948"},{"taxonomy":"p4-page-type","embeddable":true,"href":"https:\/\/www.greenpeace.org\/denmark\/wp-json\/wp\/v2\/p4-page-type?post=49948"}],"curies":[{"name":"wp","href":"https:\/\/api.w.org\/{rel}","templated":true}]}}