{"id":50030,"date":"2021-12-16T17:17:55","date_gmt":"2021-12-16T16:17:55","guid":{"rendered":"https:\/\/www.greenpeace.org\/denmark\/?p=50030"},"modified":"2023-03-31T14:46:06","modified_gmt":"2023-03-31T12:46:06","slug":"aabent-brev-fra-danske-politikere-er-med-til-at-bremse-skovrydnings-love-i-brasilien","status":"publish","type":"post","link":"https:\/\/www.greenpeace.org\/denmark\/nyhed\/natur\/aabent-brev-fra-danske-politikere-er-med-til-at-bremse-skovrydnings-love-i-brasilien\/","title":{"rendered":"\u00c5bent brev fra danske politikere er med til at bremse skovrydnings-love i Brasilien"},"content":{"rendered":"\n<p><strong>Brasiliens Senat aflyste i denne uge afstemningen om to lovforslag, der vil \u00f8ge skovrydningen i Amazonas efter bl.a. et \u00e5bent brev fra 31 danske politikere fra fem partier<\/strong>.<\/p>\n\n<figure class=\"wp-block-image size-large\"><img loading=\"lazy\" decoding=\"async\" width=\"1024\" height=\"682\" src=\"https:\/\/www.greenpeace.org\/static\/planet4-denmark-stateless\/2021\/07\/c814b07c-gp0gaw-1024x682.jpg\" title=\"Amazon Tour Arctic Sunrise in Brazil. \u00a9 Greenpeace \/ Daniel Beltr\u00e1\" alt=\"Amazon Tour Arctic Sunrise in Brazil. \u00a9 Greenpeace \/ Daniel Beltr\u00e1\" class=\"wp-image-48633\" srcset=\"https:\/\/www.greenpeace.org\/static\/planet4-denmark-stateless\/2021\/07\/c814b07c-gp0gaw-1024x682.jpg 1024w, https:\/\/www.greenpeace.org\/static\/planet4-denmark-stateless\/2021\/07\/c814b07c-gp0gaw-300x200.jpg 300w, https:\/\/www.greenpeace.org\/static\/planet4-denmark-stateless\/2021\/07\/c814b07c-gp0gaw-768x511.jpg 768w, https:\/\/www.greenpeace.org\/static\/planet4-denmark-stateless\/2021\/07\/c814b07c-gp0gaw-510x340.jpg 510w, https:\/\/www.greenpeace.org\/static\/planet4-denmark-stateless\/2021\/07\/c814b07c-gp0gaw.jpg 1199w\" sizes=\"auto, (max-width: 1024px) 100vw, 1024px\" \/><figcaption class=\"wp-element-caption\">Greenpeace-aktivister har afsl\u00f8ret ulovlig afskovning i Amazonas. <div class=\"credit icon-left\"> \u00a9 Greenpeace \/ Daniel Beltr\u00e1<\/div><\/figcaption><\/figure>\n\n<p>Bekymringen over to lovforslag, der vil \u00f8ge den eskalerende skovrydning i Amazonas yderligere, fik i denne uge 31 danske politikere fra fem partier til at g\u00e5 sammen om <a href=\"https:\/\/www.venstre.dk\/_Resources\/Persistent\/e\/1\/b\/2\/e1b2cc54abad17c38759c423abc7e5b8167ed364\/AN%20OPEN%20LETTER%20TO%20THE%20PRESIDENT%20OF%20THE%20BRAZILIAN%20SENATE.pdf\">et \u00e5bent brev til formanden for Brasiliens senat<\/a>.<\/p>\n\n<p>De to lovforslag handler om at sv\u00e6kke Brasiliens milj\u00f8lovgivning og om at give landrettigheder til kriminelle, der har ryddet offentlig skov ulovligt. <a href=\"https:\/\/imazon.org.br\/wp-content\/uploads\/2020\/03\/Nota_Tecnica_MP910_2019_Imazon.pdf\">Uafh\u00e6ngige forskere<\/a> ansl\u00e5r, at skovrydningen vil \u00f8ges med et omr\u00e5de svarende til det dobbelte af Sj\u00e6llands areal frem mod 2027 alene som konsekvens af det forslag, der handler om at give jord til skovkriminelle.<\/p>\n\n<figure class=\"wp-block-image size-full is-resized\"><img decoding=\"async\" src=\"https:\/\/www.greenpeace.org\/static\/planet4-denmark-stateless\/2021\/12\/c9080c8a-image.png\" alt=\"\" class=\"wp-image-50032\" width=\"-35\" height=\"-8\" srcset=\"https:\/\/www.greenpeace.org\/static\/planet4-denmark-stateless\/2021\/12\/c9080c8a-image.png 972w, https:\/\/www.greenpeace.org\/static\/planet4-denmark-stateless\/2021\/12\/c9080c8a-image-300x66.png 300w, https:\/\/www.greenpeace.org\/static\/planet4-denmark-stateless\/2021\/12\/c9080c8a-image-768x170.png 768w, https:\/\/www.greenpeace.org\/static\/planet4-denmark-stateless\/2021\/12\/c9080c8a-image-510x113.png 510w\" sizes=\"(max-width: 972px) 100vw, 972px\" \/><figcaption class=\"wp-element-caption\">Starten p\u00e5 det \u00e5bne brev til formanden for det brasilianske senat, Rodrigo Pacheco.<\/figcaption><\/figure>\n\n<p>Lovforslagene var sat til afstemning i Brasiliens Senat onsdag i denne uge, men <a href=\"https:\/\/congressoemfoco.uol.com.br\/area\/congresso-nacional\/senado-empurra-pl-da-regularizacao-fundiaria-para-2022\/\">blev taget af bordet igen<\/a>, efter at to \u00e5bne breve landede p\u00e5 Senatformandens skrivebord og skabte opm\u00e6rksomhed i landet medier &#8211; f\u00f8rst fra Europa Parlamentets viceformand for relationer til Brasilien og derefter fra de 31 danske politikere.<\/p>\n\n<p><strong>Internationalt pres virker<\/strong><\/p>\n\n<p>Brasiliens pr\u00e6sident Bolsonaro har siden sin tiltr\u00e6delse skridt for skridt arbejdet m\u00e5lrettet for at afmontere landets milj\u00f8lovgivning og beskyttelsen af landets skove, natur og oprindelige folks rettigheder. International opm\u00e6rksomhed og protester fra politikere, virksomheder og investorer har dog f\u00f8rt til, at nogle af Bolsonaros mest katastrofale politiske projekter flere gange er blevet skudt til hj\u00f8rne.<\/p>\n\n<p>Brevet fra de 31 danske politikere skriver sig nu ind i den historie.&nbsp;<\/p>\n\n<p>Brevet er blevet til p\u00e5 initiativ af fire medlemmer af Venstres folketingsgruppe, Bertel Haarder, Jan E. J\u00f8rgensen, Kim Valentin og Peter Juel-Jensen, efter Greenpeace og Verdens Skove i sidste uge kontaktede alle medlemmer af Folketingets Europaudvalg og gjorde dem opm\u00e6rksom p\u00e5, at Brasilien igen var p\u00e5 vej til at sv\u00e6kke beskyttelsen af Amazonas-regnskoven.<\/p>\n\n<p>Blandt afsenderne er medlemmer af b\u00e5de Folketinget og Europa Parlamentet fra Venstre, Radikale Venstre, Frie Gr\u00f8nne, SF og Enhedslisten&nbsp;<\/p>\n\n<figure class=\"wp-block-embed is-type-rich is-provider-twitter wp-block-embed-twitter\"><div class=\"wp-block-embed__wrapper\">\n<blockquote class=\"twitter-tweet\" data-width=\"500\" data-dnt=\"true\"><p lang=\"da\" dir=\"ltr\">Brasilien er p\u00e5 vej mod at s\u00e6tte yderligere fart p\u00e5 \u00f8del\u00e6ggelsen af <a href=\"https:\/\/twitter.com\/hashtag\/Amazonas?src=hash&amp;ref_src=twsrc%5Etfw\">#Amazonas<\/a>: Det skal stoppes nu!<br><br>Med flere dk-politikere og <a href=\"https:\/\/twitter.com\/greenpeacedk?ref_src=twsrc%5Etfw\">@Greenpeacedk<\/a> har jeg  sendt brev til det brasilianske senats pr\u00e6sident med klar besked: Skovrydning skal stoppes, og l\u00f8fterne fra COP26 holdes! <a href=\"https:\/\/twitter.com\/hashtag\/dkpol?src=hash&amp;ref_src=twsrc%5Etfw\">#dkpol<\/a><\/p>&mdash; Margrete Auken (@MargreteAuken) <a href=\"https:\/\/twitter.com\/MargreteAuken\/status\/1471435554269110273?ref_src=twsrc%5Etfw\">December 16, 2021<\/a><\/blockquote><script async src=\"https:\/\/platform.twitter.com\/widgets.js\" charset=\"utf-8\"><\/script>\n<\/div><\/figure>\n\n<p>Brevet fik straks opm\u00e6rksomhed i Brasilien, hvor <a href=\"https:\/\/www.acritica.com\/channels\/cotidiano\/news\/parlamento-dinamarques-cobra-rodrigo-pacheco-por-maior-compromisso-climatico\">nyhedsmediet A Cr\u00edtica<\/a> tirsdag rapporterede om, at de danske politikere opfordrede Brasilien til at leve op til sine klimal\u00f8fter og beskytte Amazonas. I artiklen advarede en talsperson for Greenpeace i Brasilien om, at Brasilien risikerer yderligere at isolere sig selv internationalt, hvis de to lovforslag vedtages.<\/p>\n\n<p>Behandlingen af lovforslagene er dog desv\u00e6rre ikke helt aflyst, men er indtil videre blevet udskudt til for\u00e5ret 2022, s\u00e5 der er fortsat brug for internationalt pres p\u00e5 Brasilien.<\/p>\n\n<p><strong>Det b\u00f8r v\u00e6re slut med, at danske regering bare ser passivt til<\/strong><\/p>\n\n<p>Greenpeace skrev i sidste uge sammen med 13 andre organisationer, der repr\u00e6senterer klima, milj\u00f8, natur, menneskerettigheder og retf\u00e6rdig udvikling, et <a href=\"https:\/\/www.greenpeace.org\/static\/planet4-denmark-stateless\/2021\/12\/20211206-Aabent-brev-til-udenrigsministeren-fra-14-organisationer-om-oedelaeggelsespakken-i-Brasilien-1.pdf\" target=\"_blank\" rel=\"noreferrer noopener\">\u00e5bent brev til udenrigsminister Jeppe Kofod<\/a> og opfordrede den danske regering og ambassaden i Brasilien til at kontakte formanden for det brasilianske Senat om de to lovforslag og den akutte trussel mod Amazonas.<\/p>\n\n<p>Udenrigsministeren er dog stadig ikke vendt tilbage med et svar.<\/p>\n\n<figure class=\"wp-block-embed is-type-rich is-provider-twitter wp-block-embed-twitter\"><div class=\"wp-block-embed__wrapper\">\n<blockquote class=\"twitter-tweet\" data-width=\"500\" data-dnt=\"true\"><p lang=\"da\" dir=\"ltr\">Vigtigt at danske politikere siger fra over for Bolsonaros krig mod Amazonas og hans lovforslag, der vil sv\u00e6kke Brasiliens milj\u00f8love og give landrettigheder til kriminelle, der har ryddet offentlig skov ulovligt. Vi savner dog stadig <a href=\"https:\/\/twitter.com\/JeppeKofod?ref_src=twsrc%5Etfw\">@JeppeKofod<\/a> <a href=\"https:\/\/twitter.com\/hashtag\/dkgreen?src=hash&amp;ref_src=twsrc%5Etfw\">#dkgreen<\/a><a href=\"https:\/\/t.co\/groTkV7WIA\">https:\/\/t.co\/groTkV7WIA<\/a><\/p>&mdash; Greenpeace i Danmark (@greenpeacedk) <a href=\"https:\/\/twitter.com\/greenpeacedk\/status\/1471114397561012228?ref_src=twsrc%5Etfw\">December 15, 2021<\/a><\/blockquote><script async src=\"https:\/\/platform.twitter.com\/widgets.js\" charset=\"utf-8\"><\/script>\n<\/div><\/figure>\n\n<p>Forskere advarer om, at Amazonas-regnskoven inden for de n\u00e6ste ti \u00e5r kan ramme et <em>tipping point, <\/em>hvor \u00f8del\u00e6ggelserne bliver s\u00e5 massive, at regnskoven udt\u00f8rrer og d\u00f8r. Det vil ikke alene have katastrofale konsekvensen for de oprindelige folk og naturen i Amazonas, det vil ogs\u00e5 betyde, at vi kan vinke farvel til ethvert h\u00e5b om at n\u00e5 klimam\u00e5lene fra Paris-aftalen.<\/p>\n\n<p>Danmarks regering b\u00f8r arbejde for at stoppe \u00f8del\u00e6ggelsen af vigtige \u00f8kosystemer med h\u00f8j biodiversitet og for at holde vigtige lande som Brasilien fast p\u00e5 deres klimal\u00f8fter. Det er dybt skuffende, at regeringen tilsyneladende sidder p\u00e5 h\u00e6nderne, mens den overlader det til andre partier at tr\u00e6de frem og tage internationalt klimaansvar.<\/p>\n\n<p>Nu hvor afstemningen om skovrydningslovene er blevet udskudt, h\u00e5ber vi, at udenrigsminister Jeppe Kofod snart v\u00e5gner op og tager kontakt til Brasiliens Senat med en officiel opfordring fra den danske regering til en gang for alle at l\u00e6gge lovforslagene p\u00e5 hylden.<\/p>\n","protected":false},"excerpt":{"rendered":"<p>Greenpeace og Verdens Skove gjorde Folketingets Europaudvalg opm\u00e6rksom p\u00e5 udviklingen i Brasilien, og det f\u00f8rte til det \u00e5bne brev fra 31 danske politikere til det brasilianske senat. <\/p>\n","protected":false},"author":29,"featured_media":10743,"comment_status":"open","ping_status":"open","sticky":false,"template":"","format":"standard","meta":{"ep_exclude_from_search":false,"p4_og_title":"","p4_og_description":"","p4_og_image":"","p4_og_image_id":"","p4_seo_canonical_url":"","p4_campaign_name":"not set","p4_local_project":"not set","p4_basket_name":"not set","p4_department":"","footnotes":""},"categories":[18],"tags":[28],"p4-page-type":[16],"class_list":["post-50030","post","type-post","status-publish","format-standard","has-post-thumbnail","hentry","category-natur","tag-skovrydning","p4-page-type-nyhed"],"_links":{"self":[{"href":"https:\/\/www.greenpeace.org\/denmark\/wp-json\/wp\/v2\/posts\/50030","targetHints":{"allow":["GET"]}}],"collection":[{"href":"https:\/\/www.greenpeace.org\/denmark\/wp-json\/wp\/v2\/posts"}],"about":[{"href":"https:\/\/www.greenpeace.org\/denmark\/wp-json\/wp\/v2\/types\/post"}],"author":[{"embeddable":true,"href":"https:\/\/www.greenpeace.org\/denmark\/wp-json\/wp\/v2\/users\/29"}],"replies":[{"embeddable":true,"href":"https:\/\/www.greenpeace.org\/denmark\/wp-json\/wp\/v2\/comments?post=50030"}],"version-history":[{"count":6,"href":"https:\/\/www.greenpeace.org\/denmark\/wp-json\/wp\/v2\/posts\/50030\/revisions"}],"predecessor-version":[{"id":55977,"href":"https:\/\/www.greenpeace.org\/denmark\/wp-json\/wp\/v2\/posts\/50030\/revisions\/55977"}],"wp:featuredmedia":[{"embeddable":true,"href":"https:\/\/www.greenpeace.org\/denmark\/wp-json\/wp\/v2\/media\/10743"}],"wp:attachment":[{"href":"https:\/\/www.greenpeace.org\/denmark\/wp-json\/wp\/v2\/media?parent=50030"}],"wp:term":[{"taxonomy":"category","embeddable":true,"href":"https:\/\/www.greenpeace.org\/denmark\/wp-json\/wp\/v2\/categories?post=50030"},{"taxonomy":"post_tag","embeddable":true,"href":"https:\/\/www.greenpeace.org\/denmark\/wp-json\/wp\/v2\/tags?post=50030"},{"taxonomy":"p4-page-type","embeddable":true,"href":"https:\/\/www.greenpeace.org\/denmark\/wp-json\/wp\/v2\/p4-page-type?post=50030"}],"curies":[{"name":"wp","href":"https:\/\/api.w.org\/{rel}","templated":true}]}}