{"id":50079,"date":"2022-01-19T11:11:48","date_gmt":"2022-01-19T10:11:48","guid":{"rendered":"https:\/\/www.greenpeace.org\/denmark\/?p=50079"},"modified":"2023-11-21T14:20:18","modified_gmt":"2023-11-21T13:20:18","slug":"hoejdepunkter-fra-2021","status":"publish","type":"post","link":"https:\/\/www.greenpeace.org\/denmark\/nyhed\/klimaforandringer\/hoejdepunkter-fra-2021\/","title":{"rendered":"H\u00f8jdepunkter fra 2021"},"content":{"rendered":"\n<p>Takket v\u00e6re st\u00f8tten fra alle vores donorer kunne vi igen i 2021 sikre en masse sejre for vores elskede natur. Vi er ekstremt taknemmelige for jeres engagement, gavmildhed og tillid.<\/p>\n\n<p>Nedenfor har vi samlet nogle af 2021s h\u00f8jdepunkter og sejre, der giver os h\u00e5b og lyst til at arbejde endnu h\u00e5rdere for gr\u00f8nne forandringer i 2022.<\/p>\n\n<figure class=\"wp-block-image size-large\"><img loading=\"lazy\" decoding=\"async\" width=\"1024\" height=\"683\" src=\"https:\/\/www.greenpeace.org\/static\/planet4-denmark-stateless\/2021\/12\/7e171df6-gp014jk-1024x683.jpg\" title=\"Humpback Whale Documentation (Kingdom of Tonga: 2003-2006). \u00a9 Scott Portelli \/ Greenpeace\" alt=\"Humpback Whale Documentation (Kingdom of Tonga: 2003-2006). \u00a9 Scott Portelli \/ Greenpeace\" class=\"wp-image-50080\" srcset=\"https:\/\/www.greenpeace.org\/static\/planet4-denmark-stateless\/2021\/12\/7e171df6-gp014jk-1024x683.jpg 1024w, https:\/\/www.greenpeace.org\/static\/planet4-denmark-stateless\/2021\/12\/7e171df6-gp014jk-300x200.jpg 300w, https:\/\/www.greenpeace.org\/static\/planet4-denmark-stateless\/2021\/12\/7e171df6-gp014jk-768x512.jpg 768w, https:\/\/www.greenpeace.org\/static\/planet4-denmark-stateless\/2021\/12\/7e171df6-gp014jk-510x340.jpg 510w, https:\/\/www.greenpeace.org\/static\/planet4-denmark-stateless\/2021\/12\/7e171df6-gp014jk.jpg 1200w\" sizes=\"auto, (max-width: 1024px) 100vw, 1024px\" \/><figcaption><div class=\"credit icon-left\"> \u00a9 Scott Portelli \/ Greenpeace<\/div><\/figcaption><\/figure>\n\n<p><strong>Stor sejr for livet p\u00e5 havbunden<\/strong><\/p>\n\n<p>New Zealands h\u00f8jesteret har stoppet planerne om et k\u00e6mpe offshore-mineprojekt. Hvis minen var blevet godkendt, ville det have \u00e5bnet d\u00f8ren for endnu mere destruktiv minedrift p\u00e5 havbunden andre steder i verden. I n\u00e6sten et \u00e5rti nu har Greenpeace og andre organisationer arbejdet sammen for at beskytte havet fra denne nye trussel. Det her viser igen, at vi kan vinde, n\u00e5r vi sammen siger fra.<\/p>\n\n<figure class=\"wp-block-image size-large\"><img loading=\"lazy\" decoding=\"async\" width=\"1024\" height=\"669\" src=\"https:\/\/www.greenpeace.org\/static\/planet4-denmark-stateless\/2021\/12\/89c54365-gp0318y-1024x669.jpg\" alt=\"\" class=\"wp-image-50081\" srcset=\"https:\/\/www.greenpeace.org\/static\/planet4-denmark-stateless\/2021\/12\/89c54365-gp0318y-1024x669.jpg 1024w, https:\/\/www.greenpeace.org\/static\/planet4-denmark-stateless\/2021\/12\/89c54365-gp0318y-300x196.jpg 300w, https:\/\/www.greenpeace.org\/static\/planet4-denmark-stateless\/2021\/12\/89c54365-gp0318y-768x502.jpg 768w, https:\/\/www.greenpeace.org\/static\/planet4-denmark-stateless\/2021\/12\/89c54365-gp0318y-510x333.jpg 510w, https:\/\/www.greenpeace.org\/static\/planet4-denmark-stateless\/2021\/12\/89c54365-gp0318y.jpg 1200w\" sizes=\"auto, (max-width: 1024px) 100vw, 1024px\" \/><figcaption><div class=\"credit icon-left\"> \u00a9 Christian Kaiser \/ Greenpeace<\/div><\/figcaption><\/figure>\n\n<p><strong>Godt nyt for regnskoven i Congo<\/strong><\/p>\n\n<p>Tidligere p\u00e5 efter\u00e5ret gennemf\u00f8rte Greenpeace i Afrika nogle unders\u00f8gelser af ulovlig skovhugst, der omfatter millioner af hektar tropisk skov. Som et resultat af unders\u00f8gelsen meddelte Congos pr\u00e6sident, at alle tilladelser til skovhugst vil blive suspenderet og revurderede. En k\u00e6mpe gevinst for Congo-regnskoven og dens enest\u00e5ende dyreliv.<\/p>\n\n<figure class=\"wp-block-image size-large\"><img decoding=\"async\" src=\"https:\/\/www.<div class=\"credit icon-left\"> \u00a9 Leandro Cagiano \/ Greenpeace<\/div>greenpeace.<div class=\"credit icon-left\"> \u00a9 Leandro Cagiano \/ Greenpeace<\/div>org\/static\/planet4-denmark-stateless\/2021\/12\/073032bf-gp1suehs-1024&#215;683.<div class=\"credit icon-left\"> \u00a9 Leandro Cagiano \/ Greenpeace<\/div>jpg&#8221; title=&#8221;Toucan &#8211; Toco (Ramphastos toco) in Pantanal, Brazil.<div class=\"credit icon-left\"> \u00a9 Leandro Cagiano \/ Greenpeace<\/div> \u00a9 Leandro Cagiano \/ Greenpeace&#8221; alt=&#8221;Toucan &#8211; Toco (Ramphastos toco) in Pantanal, Brazil.<div class=\"credit icon-left\"> \u00a9 Leandro Cagiano \/ Greenpeace<\/div> \u00a9 Leandro Cagiano \/ Greenpeace&#8221; class=&#8221;wp-image-50082&#8243;\/><figcaption class=\"wp-element-caption\">.<div class=\"credit icon-left\"> \u00a9 Leandro Cagiano \/ Greenpeace<\/div><\/figcaption><\/figure>\n\n<p><strong>En h\u00e5ndsr\u00e6kning til Amazonas fra Danmark<\/strong><\/p>\n\n<p>Et \u00e5bent brev fra 31 danske politikere fra fem partier har v\u00e6ret medvirkende til at bremse skovrydnings-love i Brasilien. <a href=\"https:\/\/imazon.org.br\/wp-content\/uploads\/2020\/03\/Nota_Tecnica_MP910_2019_Imazon.pdf\">Uafh\u00e6ngige forskere<\/a> har ansl\u00e5et, at skovrydningen ville \u00f8ges med et omr\u00e5de svarende til det dobbelte af Sj\u00e6llands areal frem mod 2027 alene som konsekvens af det ene af lovforslagene. Internationale protester fra politikere, virksomheder og investorer virker og har f\u00f8rt til, at nogle af pr\u00e6sident Bolsonaros fors\u00f8g p\u00e5 at f\u00e5 vedtaget love, der vil \u00f8ge skovrydningen, flere gange er blevet udsat.<\/p>\n\n<figure class=\"wp-block-image size-large\"><img loading=\"lazy\" decoding=\"async\" width=\"1024\" height=\"683\" src=\"https:\/\/www.greenpeace.org\/static\/planet4-denmark-stateless\/2021\/12\/a61119d0-gp1sut9w-1024x683.jpg\" alt=\"\" class=\"wp-image-50083\" srcset=\"https:\/\/www.greenpeace.org\/static\/planet4-denmark-stateless\/2021\/12\/a61119d0-gp1sut9w-1024x683.jpg 1024w, https:\/\/www.greenpeace.org\/static\/planet4-denmark-stateless\/2021\/12\/a61119d0-gp1sut9w-300x200.jpg 300w, https:\/\/www.greenpeace.org\/static\/planet4-denmark-stateless\/2021\/12\/a61119d0-gp1sut9w-768x512.jpg 768w, https:\/\/www.greenpeace.org\/static\/planet4-denmark-stateless\/2021\/12\/a61119d0-gp1sut9w-510x340.jpg 510w, https:\/\/www.greenpeace.org\/static\/planet4-denmark-stateless\/2021\/12\/a61119d0-gp1sut9w.jpg 1200w\" sizes=\"auto, (max-width: 1024px) 100vw, 1024px\" \/><figcaption><div class=\"credit icon-left\"> \u00a9 Emeric Fohlen \/ L&#039;Affaire du Si\u00e8cle<\/div><\/figcaption><\/figure>\n\n<p><strong>Frankrig skal reducere CO2-udledningen<\/strong><\/p>\n\n<p>Den franske domstol har afgjort, at Frankrigs regering skal opfylde sit l\u00f8fte om at reducere udledningen af drivhusgasser med 40% inden 2030 m\u00e5lt i forhold til 1990-niveauet. Hvis regeringen ikke g\u00f8r mere for at n\u00e5 sine klimam\u00e5l inden udgangen af 2022, kan domstolen id\u00f8mme b\u00f8der. Sagen blev f\u00f8rt for retten af Greenpeace og tre andre organisationer. Vi l\u00e6gger fortsat pres mod verdens regeringer, s\u00e5 de holder deres l\u00f8fter om at beskytte planeten!<\/p>\n\n<figure class=\"wp-block-image size-full\"><img loading=\"lazy\" decoding=\"async\" width=\"800\" height=\"533\" src=\"https:\/\/www.greenpeace.org\/static\/planet4-denmark-stateless\/2021\/09\/c95654eb-greenpeace-aktion-5.jpg\" alt=\"\" class=\"wp-image-49145\" srcset=\"https:\/\/www.greenpeace.org\/static\/planet4-denmark-stateless\/2021\/09\/c95654eb-greenpeace-aktion-5.jpg 800w, https:\/\/www.greenpeace.org\/static\/planet4-denmark-stateless\/2021\/09\/c95654eb-greenpeace-aktion-5-300x200.jpg 300w, https:\/\/www.greenpeace.org\/static\/planet4-denmark-stateless\/2021\/09\/c95654eb-greenpeace-aktion-5-768x512.jpg 768w, https:\/\/www.greenpeace.org\/static\/planet4-denmark-stateless\/2021\/09\/c95654eb-greenpeace-aktion-5-510x340.jpg 510w\" sizes=\"auto, (max-width: 800px) 100vw, 800px\" \/><\/figure>\n\n<p><strong>Danish Crown stopper deres greenwashing<\/strong><\/p>\n\n<p>I oktober m\u00e5tte Danish Crown indstille m\u00e6rkningsordningen \u201cklimakontrolleret gris\u201d, som de havde brugt til at vildlede forbrugerne med. Supermarked efter supermarked meddelte, at de ikke ville forhandle svinek\u00f8d med m\u00e6rkningsordningen efter kritik fra Greenpeace og flere andre, hvor Greenpeace bl.a. anmeldte slagterigiganten til Forbrugerombudsmanden for deres vildledning. Senere bes\u00f8gte vores aktivister danske supermarkeder, hvor de satte mere \u00e6rlige m\u00e6rkater p\u00e5 Danish Crowns produkter.<\/p>\n\n<figure class=\"wp-block-image size-large\"><img loading=\"lazy\" decoding=\"async\" width=\"1024\" height=\"768\" src=\"https:\/\/www.greenpeace.org\/static\/planet4-denmark-stateless\/2021\/12\/286bc0a4-gp0stut9z-1024x768.jpg\" title=\"Forest and Reindeer Documentation in Muonio. \u00a9 Rasmus T\u00f6rnqvist \/ Greenpeace\" alt=\"Forest and Reindeer Documentation in Muonio. \u00a9 Rasmus T\u00f6rnqvist \/ Greenpeace\" class=\"wp-image-50084\" srcset=\"https:\/\/www.greenpeace.org\/static\/planet4-denmark-stateless\/2021\/12\/286bc0a4-gp0stut9z-1024x768.jpg 1024w, https:\/\/www.greenpeace.org\/static\/planet4-denmark-stateless\/2021\/12\/286bc0a4-gp0stut9z-300x225.jpg 300w, https:\/\/www.greenpeace.org\/static\/planet4-denmark-stateless\/2021\/12\/286bc0a4-gp0stut9z-768x576.jpg 768w, https:\/\/www.greenpeace.org\/static\/planet4-denmark-stateless\/2021\/12\/286bc0a4-gp0stut9z-453x340.jpg 453w, https:\/\/www.greenpeace.org\/static\/planet4-denmark-stateless\/2021\/12\/286bc0a4-gp0stut9z.jpg 1200w\" sizes=\"auto, (max-width: 1024px) 100vw, 1024px\" \/><figcaption><div class=\"credit icon-left\"> \u00a9 Rasmus T\u00f6rnqvist \/ Greenpeace<\/div><\/figcaption><\/figure>\n\n<p><strong>Sveaskog stopper med at finansiere skovindustriens greenwashing<\/strong><\/p>\n\n<p>Svenske statsejede Sveaskog har siden 2019 brugt 135 millioner svenske kroner p\u00e5 reklame og PR for skovhugst, hvilket er blevet kritiseret af flere milj\u00f8organisationer. Efter at D\u00e4gens Nyheter udsendte en unders\u00f8gelse, samme uge som Greenpeace udskiftede en af kampagnens billboards med en mere \u00e6rlig version, er Sveaskog kommet p\u00e5 bedre tanker og vil stoppe med at pumpe penge i skov-lobbyisme rettet mod sine egne ejere &#8211; det svenske folk.<\/p>\n\n<figure class=\"wp-block-image size-large\"><img loading=\"lazy\" decoding=\"async\" width=\"1024\" height=\"693\" src=\"https:\/\/www.greenpeace.org\/static\/planet4-denmark-stateless\/2021\/12\/1927f8f0-gp1swjx2-1024x693.jpg\" title=\"COP26 global day of Climate Action in Amsterdam. \u00a9 Marten  van Dijl \/ Greenpeace\" alt=\"COP26 global day of Climate Action in Amsterdam. \u00a9 Marten  van Dijl \/ Greenpeace\" class=\"wp-image-50085\" srcset=\"https:\/\/www.greenpeace.org\/static\/planet4-denmark-stateless\/2021\/12\/1927f8f0-gp1swjx2-1024x693.jpg 1024w, https:\/\/www.greenpeace.org\/static\/planet4-denmark-stateless\/2021\/12\/1927f8f0-gp1swjx2-300x203.jpg 300w, https:\/\/www.greenpeace.org\/static\/planet4-denmark-stateless\/2021\/12\/1927f8f0-gp1swjx2-768x520.jpg 768w, https:\/\/www.greenpeace.org\/static\/planet4-denmark-stateless\/2021\/12\/1927f8f0-gp1swjx2-502x340.jpg 502w, https:\/\/www.greenpeace.org\/static\/planet4-denmark-stateless\/2021\/12\/1927f8f0-gp1swjx2.jpg 1200w\" sizes=\"auto, (max-width: 1024px) 100vw, 1024px\" \/><figcaption><div class=\"credit icon-left\"> \u00a9 Marten  van Dijl \/ Greenpeace<\/div><\/figcaption><\/figure>\n\n<p><strong>Investeringer for 15 milliarder euro i sort energi droppes<\/strong><\/p>\n\n<p>Europas st\u00f8rste pensionsfond, hollandske ABP, har endelig besluttet at droppe deres investeringer for 15 milliarder euro i sort energi. Det er en vigtig sejr, der lander efter n\u00e6sten 10 \u00e5rs kampagner og aktivisme fra Greenpeace og andre organisationers side. Vi forts\u00e6tter kampen og s\u00f8rger for, at de holder deres l\u00f8fter.<\/p>\n\n<figure class=\"wp-block-image size-large\"><img loading=\"lazy\" decoding=\"async\" width=\"1024\" height=\"683\" src=\"https:\/\/www.greenpeace.org\/static\/planet4-denmark-stateless\/2022\/01\/e9e047eb-img_5349_thiese-small-1024x683.jpg\" alt=\"\" class=\"wp-image-50169\" srcset=\"https:\/\/www.greenpeace.org\/static\/planet4-denmark-stateless\/2022\/01\/e9e047eb-img_5349_thiese-small-1024x683.jpg 1024w, https:\/\/www.greenpeace.org\/static\/planet4-denmark-stateless\/2022\/01\/e9e047eb-img_5349_thiese-small-300x200.jpg 300w, https:\/\/www.greenpeace.org\/static\/planet4-denmark-stateless\/2022\/01\/e9e047eb-img_5349_thiese-small-768x512.jpg 768w, https:\/\/www.greenpeace.org\/static\/planet4-denmark-stateless\/2022\/01\/e9e047eb-img_5349_thiese-small-1536x1024.jpg 1536w, https:\/\/www.greenpeace.org\/static\/planet4-denmark-stateless\/2022\/01\/e9e047eb-img_5349_thiese-small-510x340.jpg 510w, https:\/\/www.greenpeace.org\/static\/planet4-denmark-stateless\/2022\/01\/e9e047eb-img_5349_thiese-small.jpg 1773w\" sizes=\"auto, (max-width: 1024px) 100vw, 1024px\" \/><\/figure>\n\n<p><strong>\u00d8kologer viser vejen for dansk landbrug<\/strong><\/p>\n\n<p>De \u00f8kologiske mejerier Thise, Naturm\u00e6lk og \u00d8llingegaard vil ikke s\u00e6lge m\u00e6lk med forbindelse til skovrydning, s\u00e5 nu har de sat m\u00e5l om at blive sojafri i 2022. Dansk landbrug importerer enorme m\u00e6ngder soja for at kunne fodre de mange dyr i det industrielle landbrug. Desv\u00e6rre kommer sojaen ofte fra skove som Amazonas, der f\u00e6ldes, for at der kan plantes sojamarker.<\/p>\n\n<p><\/p>\n\n<p><strong>Det vil din st\u00f8tte bidrage til i 2022<\/strong><\/p>\n\n<p>Der er g\u00e5et 50 \u00e5r siden, Greenpeace f\u00f8rste gang st\u00e6vnede ud, men missionen forbliver den samme: at sikre og sejle mod en gr\u00f8n og fredelig fremtid for alle.<\/p>\n\n<p>I 2022 vil vi sejle til Antarktis for at samle videnskabelige beviser for at underst\u00f8tte vores krav om at beskytte 30% af verdenshavene. Vi vil ogs\u00e5 forts\u00e6tte presset for en omstilling af det danske landbrug til en mere gr\u00f8n og b\u00e6redygtig produktion og arbejde for et forbud mod fossile reklamer.<\/p>\n\n<p>Tak, fordi du er med os p\u00e5 denne rejse!<\/p>\n","protected":false},"excerpt":{"rendered":"<p>Takket v\u00e6re st\u00f8tten fra alle vores donorer kunne vi igen i 2021 sikre en masse sejre for vores elskede natur. Se h\u00f8jdepunkterne fra 2021 her.<\/p>\n","protected":false},"author":44,"featured_media":50080,"comment_status":"open","ping_status":"open","sticky":false,"template":"","format":"standard","meta":{"ep_exclude_from_search":false,"p4_og_title":"","p4_og_description":"Takket v\u00e6re st\u00f8tten fra alle vores donorer kunne vi igen i 2021 sikre en masse sejre for vores elskede natur. Se h\u00f8jdepunkterne fra 2021 her.","p4_og_image":"","p4_og_image_id":"","p4_seo_canonical_url":"https:\/\/www.greenpeace.org\/denmark\/nyhed\/klimaforandringer\/hoejdepunkter-fra-2021\/","p4_campaign_name":"not set","p4_local_project":"not set","p4_basket_name":"not set","p4_department":"","footnotes":""},"categories":[1],"tags":[25,30,55,23,26,62],"p4-page-type":[16],"class_list":["post-50079","post","type-post","status-publish","format-standard","has-post-thumbnail","hentry","category-klimaforandringer","tag-klimalosninger","tag-aktivisme","tag-truededyrearter","tag-redhavet","tag-koedproduktion","tag-fremtidenslandbrug","p4-page-type-nyhed"],"_links":{"self":[{"href":"https:\/\/www.greenpeace.org\/denmark\/wp-json\/wp\/v2\/posts\/50079","targetHints":{"allow":["GET"]}}],"collection":[{"href":"https:\/\/www.greenpeace.org\/denmark\/wp-json\/wp\/v2\/posts"}],"about":[{"href":"https:\/\/www.greenpeace.org\/denmark\/wp-json\/wp\/v2\/types\/post"}],"author":[{"embeddable":true,"href":"https:\/\/www.greenpeace.org\/denmark\/wp-json\/wp\/v2\/users\/44"}],"replies":[{"embeddable":true,"href":"https:\/\/www.greenpeace.org\/denmark\/wp-json\/wp\/v2\/comments?post=50079"}],"version-history":[{"count":5,"href":"https:\/\/www.greenpeace.org\/denmark\/wp-json\/wp\/v2\/posts\/50079\/revisions"}],"predecessor-version":[{"id":58406,"href":"https:\/\/www.greenpeace.org\/denmark\/wp-json\/wp\/v2\/posts\/50079\/revisions\/58406"}],"wp:featuredmedia":[{"embeddable":true,"href":"https:\/\/www.greenpeace.org\/denmark\/wp-json\/wp\/v2\/media\/50080"}],"wp:attachment":[{"href":"https:\/\/www.greenpeace.org\/denmark\/wp-json\/wp\/v2\/media?parent=50079"}],"wp:term":[{"taxonomy":"category","embeddable":true,"href":"https:\/\/www.greenpeace.org\/denmark\/wp-json\/wp\/v2\/categories?post=50079"},{"taxonomy":"post_tag","embeddable":true,"href":"https:\/\/www.greenpeace.org\/denmark\/wp-json\/wp\/v2\/tags?post=50079"},{"taxonomy":"p4-page-type","embeddable":true,"href":"https:\/\/www.greenpeace.org\/denmark\/wp-json\/wp\/v2\/p4-page-type?post=50079"}],"curies":[{"name":"wp","href":"https:\/\/api.w.org\/{rel}","templated":true}]}}