{"id":50273,"date":"2022-01-29T15:04:00","date_gmt":"2022-01-29T14:04:00","guid":{"rendered":"https:\/\/www.greenpeace.org\/denmark\/?p=50273"},"modified":"2023-01-16T10:31:45","modified_gmt":"2023-01-16T09:31:45","slug":"greenpeace-anmelder-mercedes-benz-til-forbrugerombudsmanden-for-greenwashing","status":"publish","type":"post","link":"https:\/\/www.greenpeace.org\/denmark\/nyhed\/klimaforandringer\/greenpeace-anmelder-mercedes-benz-til-forbrugerombudsmanden-for-greenwashing\/","title":{"rendered":"Greenpeace anmelder Mercedes til Forbrugerombudsmanden for greenwashing"},"content":{"rendered":"\n<figure class=\"wp-block-image size-large\"><img loading=\"lazy\" decoding=\"async\" width=\"1024\" height=\"683\" src=\"https:\/\/www.greenpeace.org\/static\/planet4-denmark-stateless\/2022\/02\/5039d192-gp1swupw-1024x683.jpg\" title=\"Mercedes-Benz reklame p\u00e5 bygning\" alt=\"Greenpeace Denmark reports Mercedes-Benz campaign to the The Consumer Ombudsman. \u00a9 Michael Hedelain \/ Greenpeace\" class=\"wp-image-50283\" srcset=\"https:\/\/www.greenpeace.org\/static\/planet4-denmark-stateless\/2022\/02\/5039d192-gp1swupw-1024x683.jpg 1024w, https:\/\/www.greenpeace.org\/static\/planet4-denmark-stateless\/2022\/02\/5039d192-gp1swupw-300x200.jpg 300w, https:\/\/www.greenpeace.org\/static\/planet4-denmark-stateless\/2022\/02\/5039d192-gp1swupw-768x512.jpg 768w, https:\/\/www.greenpeace.org\/static\/planet4-denmark-stateless\/2022\/02\/5039d192-gp1swupw-510x340.jpg 510w, https:\/\/www.greenpeace.org\/static\/planet4-denmark-stateless\/2022\/02\/5039d192-gp1swupw.jpg 1200w\" sizes=\"auto, (max-width: 1024px) 100vw, 1024px\" \/><figcaption><div class=\"credit icon-left\"> \u00a9 Michael Hedelain \/ Greenpeace<\/div><\/figcaption><\/figure>\n\n<p>Sidste \u00e5r klagede vi i Greenpeace Danmark over Danish Crowns kampagne for &#8220;klimakontrolleret gris&#8221;, som vi mener er det rene greenwashing. <br>I dag har vi afsendt endnu en greenwashing-klage til Forbrugerombudsmanden.<br><br>I klagen argumenterer vi for, at Mercedes-Benz\u2019 kampagne af b\u00e6redygtighedsreklamer er i strid med Markedsf\u00f8ringsloven.<\/p>\n\n<p><strong>Hvis emnet er nyt for dig, kan du l\u00e6se denne artikel om,<\/strong><a href=\"https:\/\/www.greenpeace.org\/denmark\/vi-arbejder-med\/land\/saadan-genkender-du-greenwashing-og-undgaar-at-blive-snydt\/\"><strong> hvad greenwashing er, og hvordan du undg\u00e5r at blive snydt<\/strong><\/a><strong>.&nbsp;<\/strong><br><br>Nyt\u00e5rsaftensdag proklamerede Mercedes-Benz med hele tre helsides annoncer i Politiken, at &#8220;Fra i \u00e5r k\u00f8rer vores fabrikker p\u00e5 100% vedvarende energi&#8221;. Siden har de k\u00f8rt en landsd\u00e6kkende reklamekampagne med blandt andet stilladsreklamer i de st\u00f8rre byer, en helsides annonce i Jyllands-Postens og en stor annoncekampagne p\u00e5 sociale medier. P\u00e5 deres kampagneside skriver de, at deres biler er &#8220;certificerede milj\u00f8venlige&#8221;, de taler om \u201cb\u00e6redygtighed\u201d og deres reklamevideo er fuld af natur og vindm\u00f8ller.<br><br>Klagen omfatter ogs\u00e5 de led, der har medvirkenansvar for den vildledende markedsf\u00f8ringskampagne, herunder den advokat, der har r\u00e5dgivet om kampagnen; det reklamebureau, der har designet og eksekveret kampagnen; samt de medier, der har bragt den vildledende kampagne, herunder Politiken, Jyllandsposten, udlejeren af stilladsreklamerne og Facebook.<br><br>Du kan l\u00e6se klagen <a href=\"https:\/\/www.greenpeace.org\/static\/planet4-denmark-stateless\/2022\/01\/878bafc2-klage-til-forbrugerombudsmanden-2.pdf\">HER<\/a>.<\/p>\n\n<p>Vi h\u00e5ber, at klagen vil f\u00f8re til, at det bliver indsk\u00e6rpet over for Mercedes-Benz og alle andre virksomheder, der reklamerer i det offentlige rum i Danmark, at det er ulovligt at bruge reklamekampagner til at fastholde folk i et klimaskadeligt forbrug. Og s\u00e5 h\u00e5ber vi, at et \u00f8get fokus p\u00e5 omfanget af greenwashing i markedsf\u00f8ringen af fossile produkter, vil g\u00f8re det \u00e5benlyst for enhver, at der er behov for helt at forbyde fossile reklamer.&nbsp;<\/p>\n\n<p>DR d\u00e6kker i dag klagen i <a href=\"https:\/\/www.dr.dk\/nyheder\/viden\/klima\/mercedes-vildleder-forbrugerne-med-groen-kampagne-mener-flere-organisationer\">denne artikel<\/a>, hvor blandt andre R\u00e5det for Gr\u00f8n Omstilling og Forbrugerr\u00e5det T\u00e6nk giver os ret i, at Mercedes-Benz bedriver greenwashing.<br><br>Som optakt til klagen, gennemf\u00f8rte en gruppe Greenpeace-aktivister i g\u00e5r fredag en fredelig protest mod bilfabrikanten Mercedes&#8217; gigantreklame p\u00e5 R\u00e5dhuspladsen. <br><br><\/p>\n\n<figure class=\"wp-block-image size-large\"><img loading=\"lazy\" decoding=\"async\" width=\"1024\" height=\"683\" src=\"https:\/\/www.greenpeace.org\/static\/planet4-denmark-stateless\/2022\/02\/a287b1b7-img_4538-1024x683.jpg\" alt=\"\" class=\"wp-image-50284\" srcset=\"https:\/\/www.greenpeace.org\/static\/planet4-denmark-stateless\/2022\/02\/a287b1b7-img_4538-1024x683.jpg 1024w, https:\/\/www.greenpeace.org\/static\/planet4-denmark-stateless\/2022\/02\/a287b1b7-img_4538-300x200.jpg 300w, https:\/\/www.greenpeace.org\/static\/planet4-denmark-stateless\/2022\/02\/a287b1b7-img_4538-768x512.jpg 768w, https:\/\/www.greenpeace.org\/static\/planet4-denmark-stateless\/2022\/02\/a287b1b7-img_4538-1536x1024.jpg 1536w, https:\/\/www.greenpeace.org\/static\/planet4-denmark-stateless\/2022\/02\/a287b1b7-img_4538-2048x1366.jpg 2048w, https:\/\/www.greenpeace.org\/static\/planet4-denmark-stateless\/2022\/02\/a287b1b7-img_4538-510x340.jpg 510w\" sizes=\"auto, (max-width: 1024px) 100vw, 1024px\" \/><\/figure>\n\n<p>Aktivisterne projicerede budskaber og fakta om Mercedes\u2019 CO2-udledninger op p\u00e5 reklamen.<br>Blandt andet, at str\u00f8mforbruget p\u00e5 fabrikken udg\u00f8r omkring 0,5 procent af de samlede udledninger fra den Mercedes-Benz, reklamen vil have folk til at k\u00f8be.&nbsp;<br><br>Aktivisterne mener, at reklamen er med til at forv\u00e6rre klimakrisen, fordi dens form\u00e5l er at f\u00e5 folk til at tro, at de kan v\u00e6re en del af den gr\u00f8nne l\u00f8sning ved at k\u00f8be en fossilbil fra Mercedes.<br>Men alt forbrug af fossile br\u00e6ndsler skal v\u00e6re fortid hurtigst muligt, og derfor skal den slags reklamer skal v\u00e6re forbudt.<br><br>B\u00e5de klagen og protesten er en del af en europ\u00e6isk bev\u00e6gelse, hvor Greenpeace sammen med over 30 andre organisationer fors\u00f8ger at samle mindst 1 million underskrifter til et borgerforslag, der skal g\u00f8re det forbudt at reklamere for fossile produkter som biler, benzin og flyrejser i hele EU. <br><br><a href=\"https:\/\/www.greenpeace.org\/denmark\/vaer-med\/stop-fossilreklamer\/\">SKRIV UNDER HER<\/a><br><br>Afbr\u00e6ndingen af fossile br\u00e6ndsler er globalt set skyld i flere d\u00f8dsfald end tobaksrygning. Faktisk 8,7 millioner d\u00f8dsfald om \u00e5ret &#8211; 18 procent af alle verdens d\u00f8dsfald. Men imens tobaksreklamer l\u00e6nge har v\u00e6ret forbudt, m\u00e5 bil-, fly- og olieselskaber reklamere s\u00e5 tosset, de vil.&nbsp;<br><br><\/p>\n","protected":false},"excerpt":{"rendered":"<p>Sidste \u00e5r klagede vi i Greenpeace Danmark over Danish Crowns kampagne for &#8220;klimakontrolleret gris&#8221;, som vi mener er det rene greenwashing.<br \/>\nI dag har vi afsendt endnu en greenwashing-klage til Forbrugerombudsmanden.<\/p>\n","protected":false},"author":54,"featured_media":50283,"comment_status":"open","ping_status":"open","sticky":false,"template":"","format":"standard","meta":{"ep_exclude_from_search":false,"p4_og_title":"","p4_og_description":"","p4_og_image":"","p4_og_image_id":"","p4_seo_canonical_url":"","p4_campaign_name":"not set","p4_local_project":"not set","p4_basket_name":"not set","p4_department":"","footnotes":""},"categories":[1],"tags":[19,43],"p4-page-type":[16],"class_list":["post-50273","post","type-post","status-publish","format-standard","has-post-thumbnail","hentry","category-klimaforandringer","tag-fossilenergi","tag-falskmarkedsfoering","p4-page-type-nyhed"],"_links":{"self":[{"href":"https:\/\/www.greenpeace.org\/denmark\/wp-json\/wp\/v2\/posts\/50273","targetHints":{"allow":["GET"]}}],"collection":[{"href":"https:\/\/www.greenpeace.org\/denmark\/wp-json\/wp\/v2\/posts"}],"about":[{"href":"https:\/\/www.greenpeace.org\/denmark\/wp-json\/wp\/v2\/types\/post"}],"author":[{"embeddable":true,"href":"https:\/\/www.greenpeace.org\/denmark\/wp-json\/wp\/v2\/users\/54"}],"replies":[{"embeddable":true,"href":"https:\/\/www.greenpeace.org\/denmark\/wp-json\/wp\/v2\/comments?post=50273"}],"version-history":[{"count":5,"href":"https:\/\/www.greenpeace.org\/denmark\/wp-json\/wp\/v2\/posts\/50273\/revisions"}],"predecessor-version":[{"id":54320,"href":"https:\/\/www.greenpeace.org\/denmark\/wp-json\/wp\/v2\/posts\/50273\/revisions\/54320"}],"wp:featuredmedia":[{"embeddable":true,"href":"https:\/\/www.greenpeace.org\/denmark\/wp-json\/wp\/v2\/media\/50283"}],"wp:attachment":[{"href":"https:\/\/www.greenpeace.org\/denmark\/wp-json\/wp\/v2\/media?parent=50273"}],"wp:term":[{"taxonomy":"category","embeddable":true,"href":"https:\/\/www.greenpeace.org\/denmark\/wp-json\/wp\/v2\/categories?post=50273"},{"taxonomy":"post_tag","embeddable":true,"href":"https:\/\/www.greenpeace.org\/denmark\/wp-json\/wp\/v2\/tags?post=50273"},{"taxonomy":"p4-page-type","embeddable":true,"href":"https:\/\/www.greenpeace.org\/denmark\/wp-json\/wp\/v2\/p4-page-type?post=50273"}],"curies":[{"name":"wp","href":"https:\/\/api.w.org\/{rel}","templated":true}]}}