{"id":5034,"date":"2020-03-16T14:55:07","date_gmt":"2020-03-16T13:55:07","guid":{"rendered":"https:\/\/www.greenpeace.org\/denmark\/?p=5034"},"modified":"2023-11-21T14:43:48","modified_gmt":"2023-11-21T13:43:48","slug":"coronakrisen-viser-os-hvordan-et-samfund-boer-svare-paa-klimakrisen","status":"publish","type":"post","link":"https:\/\/www.greenpeace.org\/denmark\/nyhed\/klimaforandringer\/coronakrisen-viser-os-hvordan-et-samfund-boer-svare-paa-klimakrisen\/","title":{"rendered":"Coronakrisen viser os, hvordan et samfund b\u00f8r svare p\u00e5 klimakrisen"},"content":{"rendered":"\n<figure class=\"wp-block-image size-large is-resized  caption-style-medium caption-alignment-center\"><img loading=\"lazy\" decoding=\"async\" src=\"https:\/\/www.greenpeace.org\/static\/planet4-denmark-stateless\/2020\/03\/91472b87-gp0stqgrg_web_size.jpg\" alt=\"\" class=\"wp-image-5035\" width=\"800\" height=\"534\" srcset=\"https:\/\/www.greenpeace.org\/static\/planet4-denmark-stateless\/2020\/03\/91472b87-gp0stqgrg_web_size.jpg 800w, https:\/\/www.greenpeace.org\/static\/planet4-denmark-stateless\/2020\/03\/91472b87-gp0stqgrg_web_size-300x200.jpg 300w, https:\/\/www.greenpeace.org\/static\/planet4-denmark-stateless\/2020\/03\/91472b87-gp0stqgrg_web_size-768x513.jpg 768w, https:\/\/www.greenpeace.org\/static\/planet4-denmark-stateless\/2020\/03\/91472b87-gp0stqgrg_web_size-510x340.jpg 510w\" sizes=\"auto, (max-width: 800px) 100vw, 800px\" \/><figcaption class=\"wp-element-caption\">Corona-pandemien er et sk\u00e6bnens \u00f8jeblik. &#8220;\u00c5rtiers individualisme m\u00e5 og skal tabe til menneskers vilje til at \u00e6ndre vaner for at beskytte andre, der er mere s\u00e5rbare end dem selv. Pr\u00e6cis det, skal ogs\u00e5 redde os fra klimakrisen,&#8221; skriver Helene Hagel i Politiken.<\/figcaption><\/figure>\n\n<p>At f\u00f8lge regeringen og verdenssamfundets h\u00e5ndtering af corona-pandemien i disse dage, giver os h\u00e5b her i Greenpeace. For lige nu beviser mennesker p\u00e5 alle niveauer i samfundet, at de b\u00e5de kan og vil g\u00f8re det, der skal til, for at bremse en krise, der truer os alle. Som borgere sl\u00e5r vi ring om vores mest udsatte og hj\u00e6lper dem, der ikke kan klare det hele selv. <\/p>\n\n<p>Vi st\u00e5r i stort set hele verden over for s\u00e5 st\u00e6rk en ekstern trussel, at vi mange steder oph\u00e6ver de normale spilleregler og kaster alt, hvad vi har, ind i at komme igennem denne krise. Det g\u00e5r lige nu for alvor op for verdenslederne, at de ikke kan forhandle med naturens kr\u00e6fter, men er n\u00f8dt til at erkende dem og handle derefter. <\/p>\n\n<p>Vi befinder os i et sk\u00e6bnes\u00f8jeblik, hvor de seneste \u00e5rtiers individualisme m\u00e5 og skal tabe til almindelige menneskers vilje til at \u00e6ndre b\u00e5de fundamentale og komfortable vaner for at beskytte andre, der er mere s\u00e5rbare end dem selv. <\/p>\n\n<p>Det er lige pr\u00e6cis den slags erkendelser og handlinger, der ogs\u00e5 skal redde os fra klimakrisen. Hvis vi under den aktuelle krise viser, at vi er i stand til at agere anderledes for at passe p\u00e5 hinanden, er det forh\u00e5bentligt en mentalitet, vi kan tage med os videre over i klimakampen, som vi jo skal h\u00e5ndtere simultant med coronasmitten.    <\/p>\n\n<p>Greenpeace bakker naturligvis fuldst\u00e6ndig op om, at den danske stat er i fuld gang med at beskytte vores samfund mod corona-pandemien og dens skadevirkninger. For os er det dog helt afg\u00f8rende, at h\u00e5ndteringen af corona, blandt andet med hj\u00e6lpepakker til erhvervsliv, ikke undergraver indsatsen for at stoppe klimakrisen. <\/p>\n\n<p>Lige nu florerer en opfattelse af, at coronakrisen kan v\u00e6re godt nyt for klimaet. Det er den ogs\u00e5 nu og her &#8211; helt isoleret set. Kinas udledninger er for eksempel faldet s\u00e5 meget, at faldet over bare tre uger i februar svarede til hele delstaten New Yorks udledninger i et \u00e5r. Men en \u00f8konomisk-, sundheds-  og samfundsm\u00e6ssig krise i den her st\u00f8rrelsesorden g\u00f8r det n\u00e6ppe lettere at bek\u00e6mpe klimaforandringer. <\/p>\n\n<p>At d\u00f8mme efter tidligere situationer vil Kina eksempelvis pumpe sin produktion op i h\u00f8jeste gear, s\u00e5 snart coronavirus er under kontrol, og vil derfor hurtigt indhente de tabte udledninger. Som vi f\u00f8r har set det, kan Kinas gr\u00f8nne ambitioner ryge om p\u00e5 bags\u00e6det, n\u00e5r landet k\u00e6mper for at forhindre en \u00f8konomisk krise. I et fors\u00f8g p\u00e5 at skabe v\u00e6kst kan regeringen v\u00e6re tilb\u00f8jelig til at stimulere klimaskadelige industrier som st\u00e5l og cement eller til at forsinke udfasningen af kul.<\/p>\n\n<p>Med den virkelighed for \u00f8je opfordrer Greenpeace p\u00e5 det kraftigste til, at den danske regering t\u00e6nker den gr\u00f8nne omstilling ind i alle sine corona-tiltag. De \u00f8konomiske hj\u00e6lpepakker til danske virksomheder, som tre ministre lige nu samarbejder om at g\u00f8re klar, skal v\u00e6re et aktivt redskab i den gr\u00f8nne omstilling. De skal ikke bare sikre en sund \u00f8konomi, men ogs\u00e5 underst\u00f8tte en gr\u00f8n omstilling af \u00f8konomien.  <\/p>\n\n<p>Regeringens hj\u00e6lpepakker skal bidrage med at forme det samfund, vi gerne vil have, og ikke det, der er dikteret af prioriteter, som i forvejen er ved at underminere vores eksistensgrundlag.  <\/p>\n\n<p>Hvis den \u00f8konomiske krise bliver s\u00e5 stor, at vi f\u00e5r brug for at f\u00f8re en ekspansiv finanspolitik i Danmark ved at \u00f8ge de offentlige investeringer, b\u00f8r regeringen fremrykke gr\u00f8nne offentlige investeringer. Ikke flere motorveje, men nye havvindm\u00f8lleparker og investeringer i at udbygge infrastrukturen til elbiler. <\/p>\n\n<p>I hjertet af Greenpeace\u2019s arbejde er erkendelsen, at kampen for en gr\u00f8n og retf\u00e6rdig fremtid kr\u00e6ver fundamentale \u00e6ndringer i den m\u00e5de, vi forholder os til naturen og hinanden. Vi vil have grundl\u00e6ggende, dybe forandringer &#8211; ikke gradvise og beskedne \u00e6ndringer af status quo. Enhver krise er ogs\u00e5 en mulighed for at sadle om og forholde os kritisk til vores vaner og de strukturer vi har opbygget. <\/p>\n\n<p>Vi f\u00e5r nu helt ufrivilligt en forsmag p\u00e5 den fremtid, der uomg\u00e6ngeligt venter os. Mindre v\u00e6kst, en omstillet produktion, et lavere forbrug og f\u00e6rre flyrejser. Coronakrisen kr\u00e6ver p\u00e5 samme m\u00e5de som klimakrisen, at vi \u00e6ndrer vores vaner. M\u00e5ske den kan l\u00e6re os, at det ikke beh\u00f8ver at betyde tab og afsavn, men ogs\u00e5 gemmer p\u00e5 nye muligheder for at skabe mening. <\/p>\n\n<p><em>Indl\u00e6gget er bragt i Poltiken den 16. marts, 2020. <\/em><\/p>\n","protected":false},"excerpt":{"rendered":"<p>At f\u00f8lge regeringen og verdenssamfundets h\u00e5ndtering af corona-pandemien i disse dage, giver os h\u00e5b her i Greenpeace. For lige nu beviser mennesker p\u00e5 alle niveauer i samfundet, at de b\u00e5de kan og vil g\u00f8re det, der skal til, for at bremse en krise, der truer os alle. Som borgere sl\u00e5r vi ring om vores mest udsatte og hj\u00e6lper dem, der ikke kan klare det hele selv.  <\/p>\n","protected":false},"author":78,"featured_media":5035,"comment_status":"open","ping_status":"open","sticky":false,"template":"","format":"standard","meta":{"ep_exclude_from_search":false,"p4_og_title":"","p4_og_description":"","p4_og_image":"","p4_og_image_id":"","p4_seo_canonical_url":"","p4_campaign_name":"not set","p4_local_project":"not set","p4_basket_name":"not set","p4_department":"","footnotes":""},"categories":[1],"tags":[25],"p4-page-type":[16],"class_list":["post-5034","post","type-post","status-publish","format-standard","has-post-thumbnail","hentry","category-klimaforandringer","tag-klimalosninger","p4-page-type-nyhed"],"_links":{"self":[{"href":"https:\/\/www.greenpeace.org\/denmark\/wp-json\/wp\/v2\/posts\/5034","targetHints":{"allow":["GET"]}}],"collection":[{"href":"https:\/\/www.greenpeace.org\/denmark\/wp-json\/wp\/v2\/posts"}],"about":[{"href":"https:\/\/www.greenpeace.org\/denmark\/wp-json\/wp\/v2\/types\/post"}],"author":[{"embeddable":true,"href":"https:\/\/www.greenpeace.org\/denmark\/wp-json\/wp\/v2\/users\/78"}],"replies":[{"embeddable":true,"href":"https:\/\/www.greenpeace.org\/denmark\/wp-json\/wp\/v2\/comments?post=5034"}],"version-history":[{"count":7,"href":"https:\/\/www.greenpeace.org\/denmark\/wp-json\/wp\/v2\/posts\/5034\/revisions"}],"predecessor-version":[{"id":58500,"href":"https:\/\/www.greenpeace.org\/denmark\/wp-json\/wp\/v2\/posts\/5034\/revisions\/58500"}],"wp:featuredmedia":[{"embeddable":true,"href":"https:\/\/www.greenpeace.org\/denmark\/wp-json\/wp\/v2\/media\/5035"}],"wp:attachment":[{"href":"https:\/\/www.greenpeace.org\/denmark\/wp-json\/wp\/v2\/media?parent=5034"}],"wp:term":[{"taxonomy":"category","embeddable":true,"href":"https:\/\/www.greenpeace.org\/denmark\/wp-json\/wp\/v2\/categories?post=5034"},{"taxonomy":"post_tag","embeddable":true,"href":"https:\/\/www.greenpeace.org\/denmark\/wp-json\/wp\/v2\/tags?post=5034"},{"taxonomy":"p4-page-type","embeddable":true,"href":"https:\/\/www.greenpeace.org\/denmark\/wp-json\/wp\/v2\/p4-page-type?post=5034"}],"curies":[{"name":"wp","href":"https:\/\/api.w.org\/{rel}","templated":true}]}}