{"id":50546,"date":"2022-03-03T14:12:40","date_gmt":"2022-03-03T13:12:40","guid":{"rendered":"https:\/\/www.greenpeace.org\/denmark\/?p=50546"},"modified":"2024-02-09T11:29:09","modified_gmt":"2024-02-09T10:29:09","slug":"klimakrisen-fire-ting-du-kan-goere","status":"publish","type":"post","link":"https:\/\/www.greenpeace.org\/denmark\/tips\/klimaforandringer\/klimakrisen-fire-ting-du-kan-goere\/","title":{"rendered":"Klimakrisen: Fire ting du kan g\u00f8re"},"content":{"rendered":"\n<p><img loading=\"lazy\" decoding=\"async\" alt=\"Bilde fra en klimademonstrasjon i Bangkok \u00a9 Tadchakorn  Kitchaiphon \/ Greenpeace\" src=\"https:\/\/lh5.googleusercontent.com\/BVo2Ll9Zgsrkh5kBv60ycgz5RzUkPdN063EvXsChfAf4ZOm4e5Y0QtOE6PBrsK7CHu1WLACKawfW-LAMwLi-qHtAIxtqUZiZWA-Pn5duZwztTuxBxtFbbiMDdD3HGIO-GcaBfGKQ\" width=\"624\" height=\"416\"><\/p>\n\n<p class=\"has-normal-font-size\">Billedet er fra en klimademonstration i Bangkok. \u00a9 Tadchakorn Kitchaiphon \/ Greenpeace<\/p>\n\n<p><strong>Bliver du stresset hver gang du h\u00f8rer eller l\u00e6ser om klimaforandringer, klimakrisen eller naturkriser? Har du lyst til at g\u00f8re en forskel for klimaet og milj\u00f8et, men du ved ikke helt hvordan, eller hvad du skal foretage dig? Noget af det vigtigste, du kan g\u00f8re for at skabe forandring, er at v\u00e6re med til at l\u00e6gge pres p\u00e5 politikere og virksomheder. Hvordan sp\u00f8rg du? Her er fire konkrete tips fra os hos Greenpeace Danmark.<\/strong><\/p>\n\n<p>F\u00f8ler du dig magtesl\u00f8s n\u00e5r du h\u00f8rer om FN&#8217;s sidste klimarapport og udtryk som \u201ckode r\u00f8d for menneskeligheden\u201d?<\/p>\n\n<p>Det er der ikke noget at sige til. Det g\u00e5r sl\u00f8jt med den gr\u00f8nne omstilling, og politikerne handler ikke s\u00e5 hurtigt, som vores planet har brug for.<\/p>\n\n<p>Derfor vil vi gerne dele nogle tips med dig om, hvordan du kan g\u00f8re en forskel. I Greenpeace fokuserer vi normalt ikke p\u00e5 det enkelte ansvar som vi borgere har, forbrugeransvaret n\u00e5r det kommer til at tr\u00e6ffe milj\u00f8 &#8211;&nbsp; og klimavenlige valg, men vi fokuserer og arbejder prim\u00e6rt med det politiske ansvar og producent ansvaret. For det er normalt verdens politikere og ledere, der har magten til at foretage \u00e6ndringer, der virkelig g\u00f8r en forskel, der kan m\u00e6rkes, som for eksempel at regulere klimabelastende industrier og indf\u00f8re milj\u00f8 og klimavenlige tiltag og love.&nbsp;<\/p>\n\n<p>Men for at politikere og andre magthavere skal handle, er det vigtigt, at de m\u00e6rker presset fra enkeltpersoner, borgere, som du og jeg.<\/p>\n\n<p><em>Denne artikel fokuserer p\u00e5 den forandring, vi kan skabe, n\u00e5r vi st\u00e5r sammen om at l\u00e6gge pres p\u00e5 verdens ledere. <\/em><a href=\"https:\/\/www.greenpeace.org\/denmark\/div\/5-ting-du-kan-goere-for-klimaet\/\" target=\"_blank\" rel=\"noreferrer noopener\"><strong><em>L\u00e6s ogs\u00e5 vores indl\u00e6g, hvor vi giver dig konkrete tips til,<\/em><\/strong><em> <\/em><strong><em>hvad du kan g\u00f8re i hverdagen for at leve mere klima- og milj\u00f8venligt<\/em><\/strong><em>.<\/em><\/a><\/p>\n\n<p style=\"font-size:21px\"><strong>Her er fire tips til, hvad du kan g\u00f8re for klimaet og milj\u00f8et:<\/strong><\/p>\n\n<h4 class=\"wp-block-heading\"><strong>1. Deltag i den offentlige debat<\/strong><\/h4>\n\n<p>Del meninger og holdninger om klima- og milj\u00f8tiltag p\u00e5 sociale medier og husk at tagge vores politikere. Du kan ogs\u00e5 skrive et l\u00e6serbrev i den lokale avis for at p\u00e5virke politikere og en gr\u00f8n omstilling.<\/p>\n\n<h4 class=\"wp-block-heading\"><strong>2. St\u00f8t underskriftsindsamlingskampagner<\/strong><\/h4>\n\n<p>En underskrift kan m\u00e5ske virke lille og ubetydelig, men vi har gang p\u00e5 gang erfaret, at underskriftsindsamlinger kan f\u00e5 politikere til at handle. For politikere interesserer sig naturligvis om folks meninger. N\u00e5r vi konfrontere\/m\u00f8der en politiker, har vi st\u00f8rre indflydelse, hvis vi har tusindvis af underskrifter med os.<\/p>\n\n<p>I 2019 skrev over 10.000 mennesker i Danmark under p\u00e5 en f\u00e6lles europ\u00e6isk kampagne om en EU-skovlov, der kan forhindre produkter med forbindelse til skovrydning fra at havne i Danske og Europ\u00e6iske supermarkeder. I alt skrev 1.000.000 mennesker under. Og den 17. november 2021 udsendte Europa-Kommissionen et nyt lovforslag, der skal stoppe EU\u2019s medvirken til global skovrydning.&nbsp;<\/p>\n\n<p>Trods <a href=\"https:\/\/www.greenpeace.org\/denmark\/div\/en-staerk-eu-skovlov-er-en-enestaaende-mulighed-for-at-fjerne-skovrydning-fra-vores-indkoebskurve\/\"><strong>rekordstor deltagelse<\/strong><\/a>, lytter mange politikere desv\u00e6rre mere til virksomheder end til borgerne, og v\u00e6gter profit h\u00f8jere end planeten. S\u00e5rbare \u00f8kosystemer, som savanner og v\u00e5domr\u00e5der, er ikke inkluderet i lovforslaget. Millioner af dyr er derfor fortsat i fare for at d\u00f8 eller blive fordrevet som konsekvens af landbrugsindustriens rovdrift.&nbsp; Menneskerettighederne er heller ikke godt nok beskyttet i det nuv\u00e6rende lovforslag. Derfor k\u00e6mper vi fortsat og kr\u00e6ver <a href=\"https:\/\/www.greenpeace.org\/denmark\/vaer-med\/together4forest\/\">en st\u00e6rk skovlov<\/a>, som lukker hullerne i den nuv\u00e6rende form.<\/p>\n\n<h4 class=\"wp-block-heading\"><strong>3. Deltag i klimademonstrationer<\/strong><\/h4>\n\n<p>Nu hvor myndighederne har lempet p\u00e5 Corona-restriktionerne, kan vi igen begynde at samles i gaderne. Deltag i en klimademonstration eller arranger din egen demonstration sammen med kollegaer, familie eller uddannelsessted.<\/p>\n\n<h4 class=\"wp-block-heading\"><strong>4. St\u00f8t en milj\u00f8organisation<\/strong><\/h4>\n\n<p>N\u00e5r nok mennesker k\u00e6mper for den samme sag, kan vi skabe store forandringer. Find en organisation, der arbejder med emner eller m\u00e6rkesager, du holder af, og find ud af, hvordan du kan blive involveret. <a href=\"https:\/\/www.greenpeace.org\/denmark\/vaer-med\/\" target=\"_blank\" rel=\"noreferrer noopener\"><strong>Se hvilke kampagner vi arbejder med lige nu.<\/strong><\/a> Husk du kan ogs\u00e5:<\/p>\n\n<ul class=\"wp-block-list\">\n<li><a rel=\"noreferrer noopener\" href=\"https:\/\/www.greenpeace.org\/denmark\/vaer-med\/frivillig\/\" target=\"_blank\"><strong>blive frivillig i Greenpeace<\/strong><\/a><\/li>\n\n\n\n<li><a href=\"https:\/\/nordic.jobs.greenpeace.org\/\"><strong>arbejde i Greenpeace<\/strong><\/a><\/li>\n\n\n\n<li><a rel=\"noreferrer noopener\" href=\"https:\/\/stoet.greenpeace.org\/d\/bliv-manedlig-donor\" target=\"_blank\"><strong>blive m\u00e5nedlig donor af Greenpeace<\/strong><\/a><\/li>\n<\/ul>\n\n<p>F\u00f8lg Greenpeace p\u00e5 <a href=\"https:\/\/www.instagram.com\/greenpeacedk\/\" target=\"_blank\" rel=\"noreferrer noopener\"><strong>Instagram<\/strong><\/a> og <a href=\"https:\/\/www.facebook.com\/greenpeacedanmark\" target=\"_blank\" rel=\"noreferrer noopener\"><strong>Facebook<\/strong><\/a> , eller hold \u00f8je med vores <a href=\"https:\/\/www.greenpeace.org\/denmark\/\" target=\"_blank\" rel=\"noreferrer noopener\"><strong>hjemmeside<\/strong><\/a> for tips om demonstrationer og begivenheder. Tips til andre du kan f\u00f8lge: <a href=\"https:\/\/fridaysforfuture.org\/\" target=\"_blank\" rel=\"noreferrer noopener\"><strong>Fridays for Future<\/strong><\/a> og <a href=\"https:\/\/www.facebook.com\/klimabevaegelsen\/\" target=\"_blank\" rel=\"noreferrer noopener\"><strong>Klimabev\u00e6gelsen<\/strong><\/a><strong>.&nbsp;<\/strong><\/p>\n","protected":false},"excerpt":{"rendered":"<p>Har du lyst til at g\u00f8re en forskel for klimaet og milj\u00f8et, men du ved ikke helt hvordan, eller hvad du skal foretage dig? Noget af det vigtigste, du kan g\u00f8re for at skabe forandring, er at v\u00e6re med til at l\u00e6gge pres p\u00e5 politikere og virksomheder. Hvordan sp\u00f8rg du? Her er fire konkrete tips fra os hos Greenpeace Danmark.<\/p>\n","protected":false},"author":35,"featured_media":50552,"comment_status":"open","ping_status":"closed","sticky":false,"template":"","format":"standard","meta":{"ep_exclude_from_search":false,"p4_og_title":"","p4_og_description":"","p4_og_image":"","p4_og_image_id":"","p4_seo_canonical_url":"","p4_campaign_name":"not set","p4_local_project":"not set","p4_basket_name":"not set","p4_department":"","footnotes":""},"categories":[1],"tags":[59],"p4-page-type":[71],"class_list":["post-50546","post","type-post","status-publish","format-standard","has-post-thumbnail","hentry","category-klimaforandringer","tag-gronnetips","p4-page-type-tips"],"_links":{"self":[{"href":"https:\/\/www.greenpeace.org\/denmark\/wp-json\/wp\/v2\/posts\/50546","targetHints":{"allow":["GET"]}}],"collection":[{"href":"https:\/\/www.greenpeace.org\/denmark\/wp-json\/wp\/v2\/posts"}],"about":[{"href":"https:\/\/www.greenpeace.org\/denmark\/wp-json\/wp\/v2\/types\/post"}],"author":[{"embeddable":true,"href":"https:\/\/www.greenpeace.org\/denmark\/wp-json\/wp\/v2\/users\/35"}],"replies":[{"embeddable":true,"href":"https:\/\/www.greenpeace.org\/denmark\/wp-json\/wp\/v2\/comments?post=50546"}],"version-history":[{"count":9,"href":"https:\/\/www.greenpeace.org\/denmark\/wp-json\/wp\/v2\/posts\/50546\/revisions"}],"predecessor-version":[{"id":54374,"href":"https:\/\/www.greenpeace.org\/denmark\/wp-json\/wp\/v2\/posts\/50546\/revisions\/54374"}],"wp:featuredmedia":[{"embeddable":true,"href":"https:\/\/www.greenpeace.org\/denmark\/wp-json\/wp\/v2\/media\/50552"}],"wp:attachment":[{"href":"https:\/\/www.greenpeace.org\/denmark\/wp-json\/wp\/v2\/media?parent=50546"}],"wp:term":[{"taxonomy":"category","embeddable":true,"href":"https:\/\/www.greenpeace.org\/denmark\/wp-json\/wp\/v2\/categories?post=50546"},{"taxonomy":"post_tag","embeddable":true,"href":"https:\/\/www.greenpeace.org\/denmark\/wp-json\/wp\/v2\/tags?post=50546"},{"taxonomy":"p4-page-type","embeddable":true,"href":"https:\/\/www.greenpeace.org\/denmark\/wp-json\/wp\/v2\/p4-page-type?post=50546"}],"curies":[{"name":"wp","href":"https:\/\/api.w.org\/{rel}","templated":true}]}}