{"id":50719,"date":"2022-03-18T10:33:52","date_gmt":"2022-03-18T09:33:52","guid":{"rendered":"https:\/\/www.greenpeace.org\/denmark\/?p=50719"},"modified":"2023-11-16T09:55:37","modified_gmt":"2023-11-16T08:55:37","slug":"hjaelp-med-at-sprede-budskabet-om-fred","status":"publish","type":"post","link":"https:\/\/www.greenpeace.org\/denmark\/nyhed\/klimaforandringer\/hjaelp-med-at-sprede-budskabet-om-fred\/","title":{"rendered":"Hj\u00e6lp med at sprede budskabet om fred"},"content":{"rendered":"\n<p>Her finder du en v\u00e6rkt\u00f8jskasse, der hj\u00e6lper dig med at sprede budskabet om fred p\u00e5 gaden og sociale medier.<\/p>\n\n<h2 class=\"wp-block-heading\"><strong>Download og del billeder og grafik p\u00e5 sociale medier<\/strong><\/h2>\n\n<p>Du kan downloade materialer i <a href=\"https:\/\/drive.google.com\/drive\/folders\/1Mcw7hDLWYz_aAZ_3ElFXeEhuu1wjL7xC?usp=sharing\" target=\"_blank\" rel=\"noreferrer noopener\">DEN HER MAPPE<\/a>, som du er meget velkommen til at dele p\u00e5 sociale medier. Vi vil l\u00f8bende l\u00e6gge nye materialer i mappen, s\u00e5 kom endelig tilbage igen senere og se om der er flere ting, du kunne have lyst til at dele.<\/p>\n\n<figure class=\"wp-block-image is-resized\"><a href=\"https:\/\/drive.google.com\/drive\/folders\/1Mcw7hDLWYz_aAZ_3ElFXeEhuu1wjL7xC?usp=sharing\" target=\"_blank\" rel=\"noopener\"><img loading=\"lazy\" decoding=\"async\" src=\"https:\/\/lh6.googleusercontent.com\/1GJUI0beT90vxkmiqCEgNCvjHahROZwtE7goTc261YhX-U2U4xSxPLSkUZPQv9jJSHKt0vVZBs8QfSNtVsMwXHf73wUqBFFSyaTCHDwjW6pId-Fv1GBA7eG328ltHH1avXqZ-bq8\" alt=\"\" width=\"400\" height=\"400\"\/><\/a><\/figure>\n\n<h2 class=\"wp-block-heading\"><strong>Print plakat<\/strong><\/h2>\n\n<p>Download den her plakat, print den og find et godt sted, hvor den kan h\u00e6nges op. Det kan m\u00e5ske v\u00e6re p\u00e5 din skole, arbejdsplads eller ude p\u00e5 gaden. Find plakaten i <a href=\"https:\/\/drive.google.com\/drive\/folders\/1XeTL8ltkaT-kTwShvZRuyn_rNBlTXU45?usp=sharing\">DEN <\/a><a href=\"https:\/\/drive.google.com\/drive\/folders\/1XeTL8ltkaT-kTwShvZRuyn_rNBlTXU45?usp=sharing\" target=\"_blank\" rel=\"noreferrer noopener\">HER<\/a><a href=\"https:\/\/drive.google.com\/drive\/folders\/1XeTL8ltkaT-kTwShvZRuyn_rNBlTXU45?usp=sharing\"> MAPPE<\/a>.<\/p>\n\n<figure class=\"wp-block-image size-full is-resized\"><a href=\"https:\/\/drive.google.com\/drive\/folders\/1XeTL8ltkaT-kTwShvZRuyn_rNBlTXU45?usp=sharing\" target=\"_blank\" rel=\"noopener\"><img decoding=\"async\" src=\"https:\/\/www.greenpeace.org\/static\/planet4-denmark-stateless\/2022\/03\/bbb60e24-a4-print-poster.jpg\" alt=\"Plakat til print\" class=\"wp-image-50732\" width=\"400\" srcset=\"https:\/\/www.greenpeace.org\/static\/planet4-denmark-stateless\/2022\/03\/bbb60e24-a4-print-poster.jpg 435w, https:\/\/www.greenpeace.org\/static\/planet4-denmark-stateless\/2022\/03\/bbb60e24-a4-print-poster-184x300.jpg 184w, https:\/\/www.greenpeace.org\/static\/planet4-denmark-stateless\/2022\/03\/bbb60e24-a4-print-poster-209x340.jpg 209w\" sizes=\"(max-width: 435px) 100vw, 435px\" \/><\/a><\/figure>\n\n<h2 class=\"wp-block-heading\"><strong>F\u00f8lg og del Russian Tanker Tracker p\u00e5 Twitter<\/strong><\/h2>\n\n<figure class=\"wp-block-image is-resized\"><img loading=\"lazy\" decoding=\"async\" src=\"https:\/\/lh3.googleusercontent.com\/FqMaRwu748WLdCAj3R-X-jPQzz82I8nXdfFN5myUAqYGXxHL-0EDrGIzwW2a0JjBRNSJk0ugQJAyLiRF5MTwxOfNhgmXy0vLGKc7Q5_Reef2vnA3lNnLWZo7T0Vnc3Samv-OpeW5\" alt=\"\" width=\"730\" height=\"271\"\/><\/figure>\n\n<p>Profilen Russian Tanker Tracker p\u00e5 Twitter sporer supertankere, der transporterer olie og gas fra russiske havne. Data viser, at en masse supertankere er p\u00e5 vej til Europa p\u00e5 trods af at nogle lande har oprettet et forbud mod at russiske skibe kan l\u00e6gge til i deres havne.<\/p>\n\n<p>De her forsendelser af fossile br\u00e6ndsler skal omg\u00e5ende stoppe. <a href=\"https:\/\/www.greenpeace.org\/denmark\/vaer-med\/mennesker-elsker-fred\/\">Skriv under p\u00e5 kravet<\/a> om et \u00f8jeblikkeligt stop for afh\u00e6ngigheden af olie, gas og kul i solidaritet med befolkningerne, der lider, i b\u00e5de Ukraine og Rusland.<\/p>\n\n<p>Tjek Russian Tanker Tracker p\u00e5 Twitter og hj\u00e6lp os med at g\u00f8re opm\u00e6rksom p\u00e5, hvad den viser.&nbsp;<\/p>\n\n<h2 class=\"wp-block-heading\"><strong>Har du noget som andre kan dele?&nbsp;<\/strong><\/h2>\n\n<p>Har du selv ideer til, hvordan budskabet om fred kan udbredes? Hold dig endelig ikke tilbage med at dele ideer, gode budskaber, fotos eller andet kreativt. Husk at bruge #Stopfuellingwar og at tagge <a href=\"https:\/\/www.instagram.com\/greenpeacedk\/\" target=\"_blank\" rel=\"noreferrer noopener\">@GreenpeaceDK<\/a>, s\u00e5 vi kan hj\u00e6lpe med at f\u00e5 s\u00e5 meget opm\u00e6rksomhed som muligt.<\/p>\n","protected":false},"excerpt":{"rendered":"<p>Her finder du en v\u00e6rkt\u00f8jskasse, der hj\u00e6lper dig med at sprede budskabet om fred p\u00e5 gaden og sociale medier.<\/p>\n","protected":false},"author":20,"featured_media":50649,"comment_status":"open","ping_status":"open","sticky":false,"template":"","format":"standard","meta":{"ep_exclude_from_search":false,"p4_og_title":"","p4_og_description":"","p4_og_image":"","p4_og_image_id":"","p4_seo_canonical_url":"https:\/\/www.greenpeace.org\/denmark\/nyhed\/klimaforandringer\/hjaelp-med-at-sprede-budskabet-om-fred\/","p4_campaign_name":"not set","p4_local_project":"not set","p4_basket_name":"not set","p4_department":"","footnotes":""},"categories":[1],"tags":[61,30],"p4-page-type":[16],"class_list":["post-50719","post","type-post","status-publish","format-standard","has-post-thumbnail","hentry","category-klimaforandringer","tag-menneskerettigheder","tag-aktivisme","p4-page-type-nyhed"],"_links":{"self":[{"href":"https:\/\/www.greenpeace.org\/denmark\/wp-json\/wp\/v2\/posts\/50719","targetHints":{"allow":["GET"]}}],"collection":[{"href":"https:\/\/www.greenpeace.org\/denmark\/wp-json\/wp\/v2\/posts"}],"about":[{"href":"https:\/\/www.greenpeace.org\/denmark\/wp-json\/wp\/v2\/types\/post"}],"author":[{"embeddable":true,"href":"https:\/\/www.greenpeace.org\/denmark\/wp-json\/wp\/v2\/users\/20"}],"replies":[{"embeddable":true,"href":"https:\/\/www.greenpeace.org\/denmark\/wp-json\/wp\/v2\/comments?post=50719"}],"version-history":[{"count":6,"href":"https:\/\/www.greenpeace.org\/denmark\/wp-json\/wp\/v2\/posts\/50719\/revisions"}],"predecessor-version":[{"id":57915,"href":"https:\/\/www.greenpeace.org\/denmark\/wp-json\/wp\/v2\/posts\/50719\/revisions\/57915"}],"wp:featuredmedia":[{"embeddable":true,"href":"https:\/\/www.greenpeace.org\/denmark\/wp-json\/wp\/v2\/media\/50649"}],"wp:attachment":[{"href":"https:\/\/www.greenpeace.org\/denmark\/wp-json\/wp\/v2\/media?parent=50719"}],"wp:term":[{"taxonomy":"category","embeddable":true,"href":"https:\/\/www.greenpeace.org\/denmark\/wp-json\/wp\/v2\/categories?post=50719"},{"taxonomy":"post_tag","embeddable":true,"href":"https:\/\/www.greenpeace.org\/denmark\/wp-json\/wp\/v2\/tags?post=50719"},{"taxonomy":"p4-page-type","embeddable":true,"href":"https:\/\/www.greenpeace.org\/denmark\/wp-json\/wp\/v2\/p4-page-type?post=50719"}],"curies":[{"name":"wp","href":"https:\/\/api.w.org\/{rel}","templated":true}]}}