{"id":50810,"date":"2022-04-01T13:46:20","date_gmt":"2022-04-01T11:46:20","guid":{"rendered":"https:\/\/www.greenpeace.org\/denmark\/?p=50810"},"modified":"2025-07-02T09:26:48","modified_gmt":"2025-07-02T07:26:48","slug":"kraev-at-din-regering-tager-ansvar-for-klimakrisen-en-how-to-guide","status":"publish","type":"post","link":"https:\/\/www.greenpeace.org\/denmark\/nyhed\/klimaforandringer\/kraev-at-din-regering-tager-ansvar-for-klimakrisen-en-how-to-guide\/","title":{"rendered":"Kr\u00e6v at din regering tager ansvar for klimakrisen: En how to guide"},"content":{"rendered":"\n<figure class=\"wp-block-embed is-type-rich is-provider-issuu wp-block-embed-issuu\"><div class=\"wp-block-embed__wrapper\">\n<div data-url=\"https:\/\/issuu.com\/greenpeaceinternational\/docs\/peoples_guide_fnl_2\/1\" style=\"width: 500px; height: 328px;\" class=\"issuuembed\"><\/div><script type=\"text\/javascript\" src=\"\/\/e.issuu.com\/embed.js\" async=\"true\"><\/script>\n<\/div><\/figure>\n\n<p>Klimaretf\u00e6rdighed er en voksende global bev\u00e6gelse, der er opst\u00e5et fordi alle mennesker grundl\u00e6ggende har ret til at leve et liv i sikkerhed og tryghed.&nbsp;<\/p>\n\n<p>Ved at bruge domstole og retssystemet kan du holde politiske ledere ansvarlig for deres mangel p\u00e5 beskyttelse af dig og dine rettigheder til et liv i sikkerhed.<\/p>\n\n<p>Denne guide giver dig en oversigt over, hvilke skridt du skal tage, n\u00e5r du stiller din regering for retten grundet klimapassivitet og kr\u00e6nkelse af menneskerettighederne &#8211;&nbsp; for alle har retten til at blive behandlet lige og til et sikkert og trygt liv.<\/p>\n\n<p>Forskere er enige om, at Jordens temperatur stiger, og at menneskelig aktivitet spiller en afg\u00f8rende rolle.<\/p>\n\n<p>Verden over oplever vi ekstremt vejr som hedeb\u00f8lger, oversv\u00f8mmelser, t\u00f8rke, stigende vandmasser m.m. p\u00e5 grund af klimaforandringer. Det har allerede sat sine spor og kostet menneskeliv, \u00f8delagt hjem og efterladt mange mennesker uden tag over hovedet, deres ejendele eller mad at give deres b\u00f8rn. Og det er is\u00e6r verdens mest udsatte og fattigste, der har lidt store tab.&nbsp;<\/p>\n\n<p>Alle mennesker har ret til et stabilt klima &#8211; til at leve et liv i sikkerhed og tryghed. Men klimaforandringer er en k\u00e6mpe trussel og for nogle, mere end andre. Men vi kan g\u00f8re en forskel.<\/p>\n\n<p>Enkeltpersoner og lokalsamfund har startet bev\u00e6gelser verden over, der gennem vores&nbsp; retssystem kr\u00e6ver klimahandling og klimaretf\u00e6rdighed af regeringer og virksomheder. P\u00e5 den m\u00e5de banes vejen for en mere b\u00e6redygtig fremtid.&nbsp; Klimaretf\u00e6rdighed batter, fordi generationen i dag er den sidste, der kan tage de n\u00f8dvendige foranstaltninger for at undg\u00e5 de v\u00e6rste konsekvenser. Regeringer bliver n\u00f8d til at lytte og handle, da unge, \u00e6ldre, byboere og m.m. st\u00e5r sammen og kr\u00e6ver klimahandling.&nbsp;<\/p>\n\n<p>Vil du retsforf\u00f8lge din regering over klimapassivitet? Find ud af hvordan i denne, <a rel=\"noreferrer noopener\" href=\"https:\/\/www.greenpeace.org\/static\/planet4-international-stateless\/2018\/12\/4fdd4d8a-peoples_guide_fnl_2.pdf\" target=\"_blank\">Peoples guide.<\/a> Guiden er p\u00e5 engelsk.<\/p>\n\t\t\t<section\n\t\t\tclass=\"boxout post-50793  sticky-bottom-mobile collapse show\"\n\t\t\tid=\"action-card\"\n\t\t>\n\t\t\t<a\n\t\t\t\tdata-ga-category=\"Take Action Boxout\"\n\t\t\t\tdata-ga-action=\"Image\"\n\t\t\t\tdata-ga-label=\"n\/a\"\n\t\t\t\tclass=\"cover-card-overlay\"\n\t\t\t\thref=\"https:\/\/www.greenpeace.org\/denmark\/vaer-med\/klimaretfaerdighed\/\" \n\t\t\t><\/a>\n\t\t\t\t\t\t\t<img\n\t\t\t\t\t\tsrc=\"https:\/\/www.greenpeace.org\/static\/planet4-denmark-stateless\/2022\/03\/109950ce-gp0sttxay_low_res_with_credit_line.jpg\"\n\t\t\t\t\t\tsrcset=\"https:\/\/www.greenpeace.org\/static\/planet4-denmark-stateless\/2022\/03\/109950ce-gp0sttxay_low_res_with_credit_line-300x200.jpg 300w, https:\/\/www.greenpeace.org\/static\/planet4-denmark-stateless\/2022\/03\/109950ce-gp0sttxay_low_res_with_credit_line-510x340.jpg 510w, https:\/\/www.greenpeace.org\/static\/planet4-denmark-stateless\/2022\/03\/109950ce-gp0sttxay_low_res_with_credit_line.jpg 600w\"\n\t\t\t\t\t\tsizes=\"(min-width: 1000px) 358px, (min-width: 780px) 313px, 88px\"\n\t\t\t\t\t\talt=\"\" title=\"\"\n\t\t\t\t\/>\n            \t\t\t<div class=\"boxout-content\">\n\t\t\t\t\t\t\t\t\t<a\n\t\t\t\t\t\tclass=\"boxout-heading medium\"\n\t\t\t\t\t\tdata-ga-category=\"Take Action Boxout\"\n\t\t\t\t\t\tdata-ga-action=\"Title\"\n\t\t\t\t\t\tdata-ga-label=\"n\/a\"\n\t\t\t\t\t\thref=\"https:\/\/www.greenpeace.org\/denmark\/vaer-med\/klimaretfaerdighed\/\"\n\t\t\t\t\t\t\n\t\t\t\t\t>\n\t\t\t\t\t\tKlimaretf\u00e6rdighed\n\t\t\t\t\t<\/a>\n\t\t\t\t\t\t\t\t\t\t\t\t\t<p class=\"boxout-excerpt\">Klimakrisen rammer sk\u00e6vt og  det er is\u00e6r er verdens fattigste der lider store tab &#8211; d\u00f8deligheden er 15 gange h\u00f8jere i de mest klimas\u00e5rbare regioner det seneste \u00e5rti end i de mindst s\u00e5rbare regioner. <\/p>\n\t\t\t\t                                    <a\n                        class=\"btn btn-primary\"\n                        data-ga-category=\"Take Action Boxout\"\n                        data-ga-action=\"Call to Action\"\n                        data-ga-label=\"n\/a\"\n                        href=\"https:\/\/www.greenpeace.org\/denmark\/vaer-med\/klimaretfaerdighed\/\"\n                        \n                    >\n                        V\u00e6r med\n                    <\/a>\n                \t\t\t<\/div>\n\t\t\t\t\t\t\t<a\n\t\t\t\t\tclass=\"not-now\"\n\t\t\t\t\trole=\"button\"\n\t\t\t\t\tdata-bs-toggle=\"collapse\"\n\t\t\t\t\thref=\"#action-card\"\n\t\t\t\t><\/a>\n\t\t\t\t\t<\/section>\n\t","protected":false},"excerpt":{"rendered":"<p>Klimaretf\u00e6rdighed er en voksende global bev\u00e6gelse, der er opst\u00e5et fordi alle mennesker grundl\u00e6ggende har ret til at leve et liv i sikkerhed og tryghed.<\/p>\n","protected":false},"author":47,"featured_media":50839,"comment_status":"open","ping_status":"open","sticky":false,"template":"","format":"standard","meta":{"ep_exclude_from_search":false,"p4_og_title":"","p4_og_description":"","p4_og_image":"","p4_og_image_id":"","p4_seo_canonical_url":"","p4_campaign_name":"not set","p4_local_project":"not set","p4_basket_name":"not set","p4_department":"","footnotes":""},"categories":[1],"tags":[24,30,25],"p4-page-type":[16],"class_list":["post-50810","post","type-post","status-publish","format-standard","has-post-thumbnail","hentry","category-klimaforandringer","tag-klima","tag-aktivisme","tag-klimalosninger","p4-page-type-nyhed"],"_links":{"self":[{"href":"https:\/\/www.greenpeace.org\/denmark\/wp-json\/wp\/v2\/posts\/50810","targetHints":{"allow":["GET"]}}],"collection":[{"href":"https:\/\/www.greenpeace.org\/denmark\/wp-json\/wp\/v2\/posts"}],"about":[{"href":"https:\/\/www.greenpeace.org\/denmark\/wp-json\/wp\/v2\/types\/post"}],"author":[{"embeddable":true,"href":"https:\/\/www.greenpeace.org\/denmark\/wp-json\/wp\/v2\/users\/47"}],"replies":[{"embeddable":true,"href":"https:\/\/www.greenpeace.org\/denmark\/wp-json\/wp\/v2\/comments?post=50810"}],"version-history":[{"count":9,"href":"https:\/\/www.greenpeace.org\/denmark\/wp-json\/wp\/v2\/posts\/50810\/revisions"}],"predecessor-version":[{"id":65744,"href":"https:\/\/www.greenpeace.org\/denmark\/wp-json\/wp\/v2\/posts\/50810\/revisions\/65744"}],"wp:featuredmedia":[{"embeddable":true,"href":"https:\/\/www.greenpeace.org\/denmark\/wp-json\/wp\/v2\/media\/50839"}],"wp:attachment":[{"href":"https:\/\/www.greenpeace.org\/denmark\/wp-json\/wp\/v2\/media?parent=50810"}],"wp:term":[{"taxonomy":"category","embeddable":true,"href":"https:\/\/www.greenpeace.org\/denmark\/wp-json\/wp\/v2\/categories?post=50810"},{"taxonomy":"post_tag","embeddable":true,"href":"https:\/\/www.greenpeace.org\/denmark\/wp-json\/wp\/v2\/tags?post=50810"},{"taxonomy":"p4-page-type","embeddable":true,"href":"https:\/\/www.greenpeace.org\/denmark\/wp-json\/wp\/v2\/p4-page-type?post=50810"}],"curies":[{"name":"wp","href":"https:\/\/api.w.org\/{rel}","templated":true}]}}