{"id":50812,"date":"2022-04-01T13:44:50","date_gmt":"2022-04-01T11:44:50","guid":{"rendered":"https:\/\/www.greenpeace.org\/denmark\/?p=50812"},"modified":"2025-07-02T09:26:49","modified_gmt":"2025-07-02T07:26:49","slug":"hvad-har-menneskerettigheder-med-klimaforandringer-at-gore","status":"publish","type":"post","link":"https:\/\/www.greenpeace.org\/denmark\/nyhed\/klimaforandringer\/hvad-har-menneskerettigheder-med-klimaforandringer-at-gore\/","title":{"rendered":"Hvordan h\u00e6nger klima sammen med menneskerettigheder?"},"content":{"rendered":"\n<figure class=\"wp-block-image is-resized\"><img loading=\"lazy\" decoding=\"async\" src=\"https:\/\/www.greenpeace.org\/static\/planet4-international-stateless\/2018\/12\/b39e6f8b-gp0sts6vb.jpg\" alt=\"P\u00e5 graffiti i Johannesburgs gader understreger Sydafrika, at vand er en menneskeret \u00a9 Victor Sguassero\" width=\"736\" height=\"490\"\/><figcaption class=\"wp-element-caption\">P\u00e5 graffiti i Johannesburgs gader understreger Sydafrika, at vand er en menneskeret<\/figcaption><\/figure>\n\n<p>Da <a href=\"https:\/\/www.un.org\/en\/about-us\/universal-declaration-of-human-rights\" target=\"_blank\" rel=\"noreferrer noopener\">verdenserkl\u00e6ringen om menneskerettigheder<\/a> blev skabt i 1948 var det med det form\u00e5l at fastholde et s\u00e6t af rettigheder med de h\u00f8jest mulige idealer, som giver alle mennesker mulighed for et liv med sikkerhed, tryghed, frihed, lighed, retf\u00e6rdighed og fred. Flere \u00e5rtier senere er dette s\u00e6t af umistelige og universelle rettigheder stadig et fundament, som vi hos Greenpeace og andre ligesindede st\u00e5r p\u00e5 i vores forpligtelse til en gr\u00f8nnere, sundere og mere fredfyldt verden. Det er muligt at lave denne kobling mellem menneskerettigheder og en harmonisk, sund planet, n\u00e5r man begynder at forst\u00e5 klimaforandringernes indvirkning og de m\u00e5der, de p\u00e5virker os, vores familier og fremtidens f\u00e6llesskaber.<\/p>\n\n<h2 class=\"wp-block-heading\">KLIMAFORANDRINGENS KONSEKVENSER<\/h2>\n\n<figure class=\"wp-block-image is-resized\"><img loading=\"lazy\" decoding=\"async\" src=\"https:\/\/www.greenpeace.org\/static\/planet4-international-stateless\/2018\/05\/492249b8-gp0strvn4_medium_res.jpg\" alt=\"Klimaforandringerne intensiverer skovbrandene, som denne i Rusland.\u00a9 Maria Vasilieva \/ Greenpeace\" width=\"736\" height=\"490\"\/><figcaption class=\"wp-element-caption\">Klimaforandringerne intensiverer skovbrandene, som denne i Rusland.<\/figcaption><\/figure>\n\n<p>Her hos Greenpeace kender vi alt for godt <a href=\"https:\/\/www.greenpeace.org\/international\/story\/17981\/greenpeace-climate-change-fires-heatwave-extreme-weather-ipcc\/\" target=\"_blank\" rel=\"noreferrer noopener\">konsekvenserne af klimaforandringerne<\/a>, men de kan aldrig blive omtalt nok gange &#8211; globale temperaturer er h\u00f8je og vil forts\u00e6tte med at stige i \u00e5rtier p\u00e5 grund af drivhusgasudledninger skabt af menneskelig aktivitet. Udledningerne og klimaforandringer har stor indflydelse p\u00e5 vores naturomr\u00e5der og planet. Herunder luftforurening; ekstreme temperaturer, som resulterer i ekstreme vejrf\u00e6nomener som t\u00f8rke, hedeb\u00f8lger; og stigninger i vandmasser, som resulterer i oversv\u00f8mmelser. Klimaforandringer udg\u00f8r ogs\u00e5 en stor trussel mod menneskeliv ved at skabe trusler mod fysisk helbred og overlevelse, mangel p\u00e5 mad og vand, og tab af ejendom, hjem, og levem\u00e5de; hvor de mest s\u00e5rbare i vores samfund &#8211; som b\u00f8rn, \u00e6ldre og marginaliserede befolkningsgrupper &#8211; ofte er de mest udsatte.<\/p>\n\n<h2 class=\"wp-block-heading\">KLIMAFORANDRINGER TRUER MENNESKERETTIGHEDER<\/h2>\n\n<figure class=\"wp-block-embed is-type-video is-provider-youtube wp-block-embed-youtube wp-embed-aspect-16-9 wp-has-aspect-ratio\"><div class=\"wp-block-embed__wrapper\">\n<lite-youtube style=\"background-image: url('https:\/\/i.ytimg.com\/vi\/TkrtR2CyRSg\/hqdefault.jpg');\" videoid=\"TkrtR2CyRSg\" params=\"rel=0\"><\/lite-youtube>\n<\/div><\/figure>\n\n<p>Menneskerettigheder udtrykker alle menneskers ret til at blive behandlet lige, til at leve et liv med tryghed, sikkerhed og frihed og at blive beskyttet af deres regering. Alt for mange af vores menneskerettigheder, som for eksempel retten til liv, sundhed, mad og en tilstr\u00e6kkelig levestandard, er negativt p\u00e5virket af klimaforandringerne. Det ser vi for eksempel beviserne p\u00e5 ved hver ny begivenhed med ekstremt vejr og den \u00f8del\u00e6ggelse, det medf\u00f8rer, som d\u00f8d og destruktion af afgr\u00f8der og ejendom. Hvis der ikke handles, vil klimaforandringerne forts\u00e6tte med at \u00f8del\u00e6gge mennesker og planeten, og menneskerettighederne vil blive ved med at blive kr\u00e6nkede.&nbsp;<\/p>\n\n<p>I l\u00f8bet af COP 24, the FN\u00b4s klimatopm\u00f8de i Polen, opfordrede 34 UN menneskerettighedseksperter &#8211; vedr\u00f8rende problemstillinger som strakte sig fra erhvervsliv til udvikling og milj\u00f8 &#8211; til at lande skulle tage menneskerettighedsbaseret klimahandling i tr\u00e5d med temperaturstigningen p\u00e5 1.5 grader i Paris-aftalen. <a href=\"https:\/\/www.ohchr.org\/en\/statements\/2014\/02\/opening-remarks-ms-navi-pillay-united-nations-high-commissioner-human-rights?LangID=E&amp;NewsID=14276\"><em>The landmark joint statement<\/em><\/a> har konsekvenser, som r\u00e6kker langt ud over denne klimakonference og sender et klart signal til nationale regeringer og virksomheder, som s\u00e6lger fossile br\u00e6ndsler.<br>De uafh\u00e6ngige UN-eksperter opfordrede stater til, blandt andre handlinger, at \u201cforpligte sig til hurtigt at \u00f8ge deres ambition, p\u00e5 baggrund af klimakrisens alvorlige natur og det presserende behov for \u00f8gede&nbsp; klima <em>&nbsp;<\/em>indsatser\u201d; og \u201copfordre erhvervslivet til at integrere hensyn til klimaforandringerne i deres politikker og praksisser, inklusiv deres menneskerettigheds due diligence processer<em> <\/em>og vurdering af konsekvenserne.<\/p>\n\n<h2 class=\"wp-block-heading\">EN NY TILGANG TIL AT BEK\u00c6MPE KLIMAFORANDRINGERNE<\/h2>\n\n<figure class=\"wp-block-image\"><img decoding=\"async\" src=\"https:\/\/www.greenpeace.org\/static\/planet4-international-stateless\/2018\/12\/706a28fd-gp0stst2k_web_size.jpg\" alt=\"Laser projection on the COP24 venue in Poland urging the world leader to act on climate. \u00a9 Konrad Konstantynowicz\"\/><figcaption class=\"wp-element-caption\">Aktivister fra Greenpeace fremviser et budskab til verdens ledere til COP24, hvor de kr\u00e6ver akut handling for at vende den tiltagende klimakatastrofe<\/figcaption><\/figure>\n\n<p>Da vores tidsvindue til at n\u00e5 at g\u00f8re en forskel bliver mindre, m\u00e5 vi finde m\u00e5der at skabe vedvarende globale forandringer. Svaret er Klimaretf\u00e6rdighed<\/p>\n\n<p>I l\u00f8bet af de sidste \u00e5rtier har \u00f8nsket om at opn\u00e5 klimaretf\u00e6rdighed braget igennem i hele verden. <a href=\"https:\/\/wedocs.unep.org\/handle\/20.500.11822\/20767\">United Nations Environment Program (UNEP) rapport<\/a> beskriver, at der i marts 2017 var mere end 654 sager indsendt<em> <\/em>i USA og, n\u00e5r man bruger en st\u00f8rre definition af klima retssager, er over 230 sager bragt i andre lande. Flere og flere sager som disse bliver&nbsp; indsendt rundt om i verden i en voldsom hastighed. Klimaretf\u00e6rdighed er opfyldelsen af menneskerettigheder i lyset af<em> <\/em>klimaforandringer. Det er en proces, hvor klimakrisen ogs\u00e5 itales\u00e6ttes som en menneskerettighedskrise, og hvor domstolen bliver brugt til at holde virksomheder og regeringer ansvarlige. Virksomheder, der s\u00e6lger fossile br\u00e6ndsler, m\u00e5 ikke forts\u00e6tte med at handle med straffrihed og kun med profit for \u00f8je, og regeringer m\u00e5 ikke l\u00e6ngere ignorere sammenh\u00e6ngen mellem klimaforandringerne og deres pligt til at beskytte menneskerettighederne. At finde nye m\u00e5der at leve og eksistere gennem klimaretf\u00e6rdighed er ikke bare en mulighed, men en n\u00f8dvendighed.<\/p>\n\n<h2 class=\"wp-block-heading\">THE PEOPLE\u2019S GUIDE<\/h2>\n\n<figure class=\"wp-block-image\"><img decoding=\"async\" src=\"https:\/\/www.greenpeace.org\/static\/planet4-international-stateless\/2018\/12\/68db0484-gp0stst0a.jpg\" alt=\"Climate March at COP24 in Poland. \u00a9 ID GP0CT15361\"\/><figcaption class=\"wp-element-caption\">Mange hundrede mennesker marcherede i the Climate March i COP24 i Katowice, Polen, d. 8. December, 2018<\/figcaption><\/figure>\n\n<p>Greenpeace har i solidaritet med de inspirerende mennesker og f\u00e6llesskaber, der kr\u00e6ver klimaretf\u00e6rdighed og som svar p\u00e5 foresp\u00f8rgsler om assistance med at skabe klimaretssager for at beskytte mennesker skabt&nbsp; People\u2019s Guide.Ved at tr\u00e6kke p\u00e5 manges indsats er People\u2019s Guiden et ikke udt\u00f8mmende dokument, der giver nogle id\u00e9er til medlemmer af f\u00e6llesskabet, NGO\u2019er og<em> <\/em>advokater om, hvordan man skaber sager, der adresserer klimaforandringernes indflydelse fra et menneskerettighedsperspektiv. Guiden er specifikt m\u00e5lrettet mod at holde regeringer ansvarlige for utilstr\u00e6kkelig klimahandling. Det illustrerer og fremh\u00e6ver ogs\u00e5 de mange fantastiske skels\u00e6ttende sager (hvoraf mange er succesfulde), som bliver brugt over hele verden. Ultimativt viser the People\u2019s Guide at med indsats og st\u00f8tte fra eksperter kan f\u00e6llesskaber rejse sig og lede vejen mod at v\u00e6rne om sig selv og sine rettigheder &#8211; og fremtidige generationers rettigheder.<\/p>\n\n<h2 class=\"wp-block-heading\">GREENPEACE, KLIMARETF\u00c6RDIGHED OG FREMTIDEN<\/h2>\n\n<figure class=\"wp-block-image\"><img decoding=\"async\" src=\"https:\/\/www.greenpeace.org\/static\/planet4-international-stateless\/2018\/09\/0db2e56b-gp0stseld_medium_res.jpg\" alt=\"\u00a9 Josh Edelson \/ Greenpeace\"\/><figcaption class=\"wp-element-caption\">&nbsp;Kunstner John Quigley skaber et ikonisk visuelt budskab med emnet Hummingbird Rising: Human Mandala for Climate Justice! Det samskabte symbol er et budskab til verdensledere om, at klimaet har \u00e6ndret sig, og det m\u00e5 vi ogs\u00e5<\/figcaption><\/figure>\n\n<p>Med st\u00f8tte fra vores partnere over hele verden; ber\u00f8rte samfund, byboere og andre NGO\u2019er, vil regeringer og fossile virksomheder begynde at lave forandringer. Hvis de presses h\u00e5rdt nok, vil de blive tvunget til at afvise den gamle historie om, hvordan vi lever og overlever og genopdage, hvordan man kan producere varer p\u00e5 en m\u00e5de, der respekterer mennesker og planeten. Selvom klimaretssager ikke er en perfekt, altomfattende l\u00f8sning, tilslutter vi os Klimaretf\u00e6rdighed- bev\u00e6gelsen i kampen for menneskerettighederne.Vi vil have, at regeringer og virksomheder bliver holdt ansvarlige for klimaforandringer. Vi vil have, at mennesker, is\u00e6r de mest s\u00e5rbare, bliver beskyttet, og at der bliver v\u00e6rnet om deres menneskerettigheder. Vi vil have en ny m\u00e5de at eksistere i harmoni med planeten og hinanden. Dette er fremtiden som Climate Justice g\u00f8r mulig, en fremtid vi tror p\u00e5 og skaber sammen, nu.<\/p>\n\t\t\t<section\n\t\t\tclass=\"boxout  \"\n\t\t\t\n\t\t>\n\t\t\t<a\n\t\t\t\tdata-ga-category=\"Take Action Boxout\"\n\t\t\t\tdata-ga-action=\"Image\"\n\t\t\t\tdata-ga-label=\"n\/a\"\n\t\t\t\tclass=\"cover-card-overlay\"\n\t\t\t\thref=\"https:\/\/www.greenpeace.org\/denmark\/vaer-med\/klimaretfaerdighed\/\" target=\"_blank\"\n\t\t\t><\/a>\n\t\t\t\t\t\t\t<img\n\t\t\t\t\t\tsrc=\"https:\/\/www.greenpeace.org\/static\/planet4-denmark-stateless\/2022\/03\/102adf5c-climate-justice-1.png\"\n\t\t\t\t\t\tsrcset=\"https:\/\/www.greenpeace.org\/static\/planet4-denmark-stateless\/2022\/03\/102adf5c-climate-justice-1-300x251.png 300w, https:\/\/www.greenpeace.org\/static\/planet4-denmark-stateless\/2022\/03\/102adf5c-climate-justice-1-768x644.png 768w, https:\/\/www.greenpeace.org\/static\/planet4-denmark-stateless\/2022\/03\/102adf5c-climate-justice-1-406x340.png 406w, https:\/\/www.greenpeace.org\/static\/planet4-denmark-stateless\/2022\/03\/102adf5c-climate-justice-1.png 940w\"\n\t\t\t\t\t\tsizes=\"(min-width: 1000px) 358px, (min-width: 780px) 313px, 88px\"\n\t\t\t\t\t\talt=\"two hands holding together\" title=\"two hands holding together\"\n\t\t\t\t\/>\n            \t\t\t<div class=\"boxout-content\">\n\t\t\t\t\t\t\t\t\t<a\n\t\t\t\t\t\tclass=\"boxout-heading medium\"\n\t\t\t\t\t\tdata-ga-category=\"Take Action Boxout\"\n\t\t\t\t\t\tdata-ga-action=\"Title\"\n\t\t\t\t\t\tdata-ga-label=\"n\/a\"\n\t\t\t\t\t\thref=\"https:\/\/www.greenpeace.org\/denmark\/vaer-med\/klimaretfaerdighed\/\"\n\t\t\t\t\t\ttarget=\"_blank\"\n\t\t\t\t\t>\n\t\t\t\t\t\tKr\u00e6v klimaretf\u00e6rdighed\n\t\t\t\t\t<\/a>\n\t\t\t\t\t\t\t\t\t\t\t\t\t<p class=\"boxout-excerpt\">Enkeltpersoner og lokalsamfund kr\u00e6ver, at regeringer og virksomheder holdes til ansvar for deres medvirken til klimakrisen og klima uretf\u00e6rdighed. Vil du v\u00e6re med?<\/p>\n\t\t\t\t                \t\t\t<\/div>\n\t\t\t\t\t<\/section>\n\t","protected":false},"excerpt":{"rendered":"<p>Klimaforandringer truer vores nutid og fremtid og vores ret til et sikkert og trygt liv. Vi er berettigede en sund og harmonisk planet alle steder i verden. Verden over er flere og derfor begyndt at kr\u00e6ve klimahandling ved at bruge domstole og retssystemer til at kr\u00e6ve klimahandling fra vores regeringer og politikere. <\/p>\n","protected":false},"author":47,"featured_media":50837,"comment_status":"open","ping_status":"open","sticky":false,"template":"","format":"standard","meta":{"ep_exclude_from_search":false,"p4_og_title":"","p4_og_description":"","p4_og_image":"","p4_og_image_id":"","p4_seo_canonical_url":"","p4_campaign_name":"not set","p4_local_project":"not set","p4_basket_name":"not set","p4_department":"","footnotes":""},"categories":[1],"tags":[61],"p4-page-type":[16],"class_list":["post-50812","post","type-post","status-publish","format-standard","has-post-thumbnail","hentry","category-klimaforandringer","tag-menneskerettigheder","p4-page-type-nyhed"],"_links":{"self":[{"href":"https:\/\/www.greenpeace.org\/denmark\/wp-json\/wp\/v2\/posts\/50812","targetHints":{"allow":["GET"]}}],"collection":[{"href":"https:\/\/www.greenpeace.org\/denmark\/wp-json\/wp\/v2\/posts"}],"about":[{"href":"https:\/\/www.greenpeace.org\/denmark\/wp-json\/wp\/v2\/types\/post"}],"author":[{"embeddable":true,"href":"https:\/\/www.greenpeace.org\/denmark\/wp-json\/wp\/v2\/users\/47"}],"replies":[{"embeddable":true,"href":"https:\/\/www.greenpeace.org\/denmark\/wp-json\/wp\/v2\/comments?post=50812"}],"version-history":[{"count":17,"href":"https:\/\/www.greenpeace.org\/denmark\/wp-json\/wp\/v2\/posts\/50812\/revisions"}],"predecessor-version":[{"id":65745,"href":"https:\/\/www.greenpeace.org\/denmark\/wp-json\/wp\/v2\/posts\/50812\/revisions\/65745"}],"wp:featuredmedia":[{"embeddable":true,"href":"https:\/\/www.greenpeace.org\/denmark\/wp-json\/wp\/v2\/media\/50837"}],"wp:attachment":[{"href":"https:\/\/www.greenpeace.org\/denmark\/wp-json\/wp\/v2\/media?parent=50812"}],"wp:term":[{"taxonomy":"category","embeddable":true,"href":"https:\/\/www.greenpeace.org\/denmark\/wp-json\/wp\/v2\/categories?post=50812"},{"taxonomy":"post_tag","embeddable":true,"href":"https:\/\/www.greenpeace.org\/denmark\/wp-json\/wp\/v2\/tags?post=50812"},{"taxonomy":"p4-page-type","embeddable":true,"href":"https:\/\/www.greenpeace.org\/denmark\/wp-json\/wp\/v2\/p4-page-type?post=50812"}],"curies":[{"name":"wp","href":"https:\/\/api.w.org\/{rel}","templated":true}]}}