{"id":51025,"date":"2022-04-07T09:00:00","date_gmt":"2022-04-07T07:00:00","guid":{"rendered":"https:\/\/www.greenpeace.org\/denmark\/?p=51025"},"modified":"2024-02-26T11:19:42","modified_gmt":"2024-02-26T10:19:42","slug":"regeringen-maa-stoppe-aartiers-svigt-af-naturen-i-havet","status":"publish","type":"post","link":"https:\/\/www.greenpeace.org\/denmark\/nyhed\/landbrug\/regeringen-maa-stoppe-aartiers-svigt-af-naturen-i-havet\/","title":{"rendered":"Regeringen m\u00e5 stoppe \u00e5rtiers svigt af naturen i havet"},"content":{"rendered":"\n<p><strong>Skiftende danske regeringer har i \u00e5revis lukket \u00f8jnene for, at kv\u00e6lstof fra landbruget forurener naturen og havet. Sidste chance for at leve op til EU\u2019s krav om god milj\u00f8tilstand er \u00e5r 2027 &#8211; men regeringens planer er ikke i n\u00e6rheden af at g\u00f8re nok for at stoppe iltsvind og fisked\u00f8d.<\/strong><\/p>\n\n<figure class=\"wp-block-image size-large\"><img loading=\"lazy\" decoding=\"async\" width=\"1024\" height=\"576\" src=\"https:\/\/www.greenpeace.org\/static\/planet4-denmark-stateless\/2022\/04\/b2a0394d-18-1024x576.jpg\" alt=\"\" class=\"wp-image-51026\"\/><figcaption class=\"wp-element-caption\">EU\u2019s Vandrammedirektiv er sat i verden for at beskytte vandmilj\u00f8et i hele EU, og det forpligter EU-landene til at sikre god tilstand i vandmilj\u00f8et inden 2015.&nbsp;Danmark har alts\u00e5 udskudt sin deadline med hele 12 \u00e5r, men tilstanden i det danske vandmilj\u00f8 er ikke blevet mindre kritisk i \u00e5rene, der er g\u00e5et.<\/figcaption><\/figure>\n\n<p>Der har hverken manglet advarsler eller viden. Landbrugets n\u00e6ringsstofforurening af vandl\u00f8b og havnatur har i mange \u00e5r omdannet levende \u00f8kosystemer til golde \u00f8rkenlandskaber under vandet.<\/p>\n\n<p>De siddende regeringer har i \u00e5revis kendt til, at naturen i havet langs de danske kyster er i en alarmerende n\u00f8dtilstand. Men de har ikke grebet ind.<\/p>\n\n<p>EU havde fastsat \u00e5r 2015 som deadline for, hvorn\u00e5r det danske havmilj\u00f8 skulle v\u00e6re bragt i god tilstand. Men Danmark og den siddende V-K regering var p\u00e5 det tidspunkt meget langt fra m\u00e5let og fik derfor, som sidste chance, udskudt deadlinen til 2027.&nbsp;<\/p>\n\n<p>Desv\u00e6rre ser vi, at den nuv\u00e6rende socialdemokratiske regering &#8211; indtil videre &#8211; forts\u00e6tter med at f\u00f8re strudsepolitik med hovedet i busken, s\u00e5 der ikke for alvor gribes ind for at komme den n\u00f8dlidende natur til unds\u00e6tning. Det er ikke alene en lemf\u00e6ldig indstilling overfor Danmarks politiske forpligtelser. Det er et svigt af naturen, der kan kr\u00e6ve generationer at rette op p\u00e5, hvis der ikke handles nu.<\/p>\n\n<p><em><a href=\"https:\/\/www.greenpeace.org\/denmark\/vi-arbejder-med\/land\/landbrugets-millioner-af-koer-og-svin-koster-naturen-dyrt\/\" target=\"_blank\" rel=\"noreferrer noopener\">L\u00e6s mere her om, hvordan landbrugets kv\u00e6lstofforurening truer havets natur og fisk.&nbsp;<\/a><\/em><\/p>\n\n<p>Regeringen har flere forslag til indsatser, som lige nu er i h\u00f8ring under titlen <a href=\"https:\/\/mim.dk\/media\/226716\/vandomraadeplanerne-2021-2027.pdf\" target=\"_blank\" rel=\"noreferrer noopener\">Vandomr\u00e5deplanerne 2021-2027<\/a>, men de kommer ikke i n\u00e6rheden af at l\u00f8se problemerne med iltsvind og fisked\u00f8d i Danmarks fjorde og b\u00e6lter.<\/p>\n\n<h2 class=\"wp-block-heading\"><strong>Danmark dumper EU\u2019s natur- og milj\u00f8krav<\/strong><\/h2>\n\n<p>EU\u2019s Vandrammedirektiv er sat i verden for at beskytte vandmilj\u00f8et i hele EU, og det forpligter EU-landene til at sikre god tilstand i vandmilj\u00f8et inden 2015.&nbsp;<\/p>\n\n<p>Danmark har alts\u00e5 udskudt sin deadline med hele 12 \u00e5r, men tilstanden i det danske vandmilj\u00f8 er ikke blevet mindre kritisk i \u00e5rene, der er g\u00e5et. <a href=\"https:\/\/dce2.au.dk\/pub\/SR475.pdf\" target=\"_blank\" rel=\"noreferrer noopener\">Tv\u00e6rtimod er der sket en m\u00e5lbar forringelse<\/a>, og det er i mellemtiden blevet sv\u00e6rere at n\u00e5 m\u00e5let i 2027.&nbsp;<\/p>\n\n<p>Nu har vi kun fem \u00e5r til at forbedre tilstanden i alle de 8.000 vandomr\u00e5der, der stadig ikke er i god tilstand. Vi skal derfor s\u00e6tte en spurt ind med ambiti\u00f8se tiltag for at n\u00e5 m\u00e5let.&nbsp;<\/p>\n\n<h2 class=\"wp-block-heading\"><strong>S\u00e5dan kan vi f\u00e5 regeringen ind i kampen for naturen<\/strong><\/h2>\n\n<p>I december 2021 sendte regeringen sin plan i offentlig h\u00f8ring for, hvordan Danmark skal lykkes med at opn\u00e5 god milj\u00f8tilstand i 2027. Der er mulighed for at deltage i h\u00f8ringen frem til den 22. juni 2022, og Greenpeace har skrevet<a href=\"https:\/\/www.greenpeace.org\/static\/planet4-denmark-stateless\/2022\/04\/09f7e365-hoeringssvar-vandplan-iii.pdf\" target=\"_blank\" rel=\"noreferrer noopener\"> et h\u00f8ringssvar, som du kan l\u00e6se her.<\/a><\/p>\n\n<p>Endnu en gang er regeringens plan langt fra ambiti\u00f8s nok. Regeringen s\u00e6tter m\u00e5let alt for lavt for, hvor meget kv\u00e6lstofforureningen skal ned, og foresl\u00e5r ikke engang tiltag nok til at n\u00e5 sine egne lave m\u00e5l.&nbsp;<\/p>\n\n<p>Greenpeace viser i sit h\u00f8ringssvar en anden og realistisk vej til at n\u00e5 m\u00e5let. Du kan v\u00e6re med til at vise regeringen, at vi er mange, der \u00f8nsker, at den skal g\u00f8re det n\u00f8dvendige for at redde naturen. Det kan du g\u00f8re ved at bakke op om h\u00f8ringssvaret og vores fem krav til regeringen ved at <a href=\"https:\/\/www.greenpeace.org\/denmark\/se-mere\/land\/oerken-under-vandet\/\" target=\"_blank\" rel=\"noreferrer noopener\">skrive under her<\/a>.<\/p>\n\n<h2 class=\"wp-block-heading\"><strong>L\u00f8sningen er mindre k\u00f8d og mere natur, skov og \u00f8kologi&nbsp;<\/strong><\/h2>\n\n<p>Regeringens plan fejler, fordi den ikke s\u00e6tter ind ved problemets rod: Dansk landbrugs enorme produktion af k\u00f8d, m\u00e6lk og foder til landbrugsdyr.&nbsp;<\/p>\n\n<p>Hovedparten af forureningen fra land kommer fra landbruget i form af udvaskning fra g\u00f8dningen, der bruges p\u00e5 landbrugets intensivt dyrkede marker. Hertil kommer forurening med den luftb\u00e5rne kv\u00e6lstofforbindelse ammoniak, hvoraf omkring <a href=\"http:\/\/dce2.au.dk\/pub\/SR250.pdf\" target=\"_blank\" rel=\"noreferrer noopener\">80 procent stammer fra produktionen af landbrugsdyr<\/a>.<\/p>\n\n<p>Danmark er sammen med Bangladesh <a href=\"https:\/\/www.dn.dk\/nyheder\/ny-publikation-sadan-ligger-landet-tal-om-landbruget\/%20(sammen%20med%20Bangladesh)\" target=\"_blank\" rel=\"noreferrer noopener\">verdens mest opdyrkede land og bruger halvdelen af sit landareal <\/a>til at dyrke foder til de mange millioner svin, k\u00f8er og kyllinger i landbruget. En verdensrekord, der betyder rekord lidt plads til natur.&nbsp;<\/p>\n\n<p>Samtidig med at den natur, vi rent faktisk har i Danmark, er under voldsomt pres fra kv\u00e6lstofforurening.<\/p>\n\n<h2 class=\"wp-block-heading\"><strong>Fem krav til at f\u00e5 god tilstand i havet<\/strong><\/h2>\n\n<p>Greenpeace har fem krav til milj\u00f8minister Lea Wermelin, som skal sikre, at Danmark n\u00e5r m\u00e5let om god \u00f8kologisk tilstand i havmilj\u00f8et:<\/p>\n\n<ol class=\"wp-block-list\">\n<li>Danmark skal leve op til EU\u2019s Vandrammedirektiv senest i 2027<\/li>\n\n\n\n<li>Mere natur og skov og udtagning af landbrugsjord fra dyrkning af foder<\/li>\n\n\n\n<li>Markant f\u00e6rre landbrugsdyr<\/li>\n\n\n\n<li>Mindre foder til dyr &#8211; og mere plantebaseret mad til mennesker<\/li>\n\n\n\n<li>Turbo p\u00e5 omstillingen til \u00f8kologisk dyrkning<\/li>\n<\/ol>\n\n<p><a href=\"https:\/\/www.greenpeace.org\/denmark\/se-mere\/land\/oerken-under-vandet\/\" target=\"_blank\" rel=\"noreferrer noopener\">Skriv under p\u00e5 kravene <\/a>til milj\u00f8ministeren her for at redde naturen i havet langs Danmarks kyster.<\/p>\n\t\t\t<section\n\t\t\tclass=\"boxout  \"\n\t\t\t\n\t\t>\n\t\t\t<a\n\t\t\t\tdata-ga-category=\"Take Action Boxout\"\n\t\t\t\tdata-ga-action=\"Image\"\n\t\t\t\tdata-ga-label=\"n\/a\"\n\t\t\t\tclass=\"cover-card-overlay\"\n\t\t\t\thref=\"#\" \n\t\t\t><\/a>\n\t\t\t\t\t\t\t<img\n\t\t\t\t\t\tsrc=\"https:\/\/www.greenpeace.org\/static\/planet4-denmark-stateless\/2022\/04\/3a660757-1-1024x576.jpg\"\n\t\t\t\t\t\tsrcset=\"https:\/\/www.greenpeace.org\/static\/planet4-denmark-stateless\/2022\/04\/3a660757-1-300x169.jpg 300w, https:\/\/www.greenpeace.org\/static\/planet4-denmark-stateless\/2022\/04\/3a660757-1-1024x576.jpg 1024w, https:\/\/www.greenpeace.org\/static\/planet4-denmark-stateless\/2022\/04\/3a660757-1-768x432.jpg 768w, https:\/\/www.greenpeace.org\/static\/planet4-denmark-stateless\/2022\/04\/3a660757-1-1536x864.jpg 1536w, https:\/\/www.greenpeace.org\/static\/planet4-denmark-stateless\/2022\/04\/3a660757-1-2048x1152.jpg 2048w, https:\/\/www.greenpeace.org\/static\/planet4-denmark-stateless\/2022\/04\/3a660757-1-510x287.jpg 510w\"\n\t\t\t\t\t\tsizes=\"(min-width: 1000px) 358px, (min-width: 780px) 313px, 88px\"\n\t\t\t\t\t\talt=\"\" title=\"\"\n\t\t\t\t\/>\n            \t\t\t<div class=\"boxout-content\">\n\t\t\t\t\t\t\t\t\t<a\n\t\t\t\t\t\tclass=\"boxout-heading medium\"\n\t\t\t\t\t\tdata-ga-category=\"Take Action Boxout\"\n\t\t\t\t\t\tdata-ga-action=\"Title\"\n\t\t\t\t\t\tdata-ga-label=\"n\/a\"\n\t\t\t\t\t\thref=\"#\"\n\t\t\t\t\t\t\n\t\t\t\t\t>\n\t\t\t\t\t\tVores natur er i n\u00f8dtilstand\n\t\t\t\t\t<\/a>\n\t\t\t\t\t\t\t\t\t\t\t\t\t<p class=\"boxout-excerpt\">Landbrugets udledninger af kv\u00e6lstof har skabt fisked\u00f8d og forvandlet levende havmilj\u00f8er langs de danske kyster til \u00f8rkener under vandet. Skriv under og bak op om disse krav for at komme naturen til unds\u00e6tning<\/p>\n\t\t\t\t                \t\t\t<\/div>\n\t\t\t\t\t<\/section>\n\t","protected":false},"excerpt":{"rendered":"<p>Skiftende danske regeringer har i \u00e5revis lukket \u00f8jnene for, at kv\u00e6lstof fra landbruget forurener naturen og havet. Sidste chance for at leve op til EU\u2019s krav om god milj\u00f8tilstand er \u00e5r 2027 &#8211; men regeringens planer er ikke i n\u00e6rheden af at g\u00f8re nok for at stoppe iltsvind og fisked\u00f8d.<\/p>\n","protected":false},"author":35,"featured_media":51026,"comment_status":"open","ping_status":"open","sticky":false,"template":"","format":"standard","meta":{"ep_exclude_from_search":false,"p4_og_title":"","p4_og_description":"","p4_og_image":"","p4_og_image_id":"","p4_seo_canonical_url":"https:\/\/www.greenpeace.org\/denmark\/nyhed\/landbrug\/regeringen-maa-stoppe-aartiers-svigt-af-naturen-i-havet\/","p4_campaign_name":"not set","p4_local_project":"not set","p4_basket_name":"not set","p4_department":"","footnotes":""},"categories":[3,18],"tags":[23,62],"p4-page-type":[16],"class_list":["post-51025","post","type-post","status-publish","format-standard","has-post-thumbnail","hentry","category-landbrug","category-natur","tag-redhavet","tag-fremtidenslandbrug","p4-page-type-nyhed"],"_links":{"self":[{"href":"https:\/\/www.greenpeace.org\/denmark\/wp-json\/wp\/v2\/posts\/51025","targetHints":{"allow":["GET"]}}],"collection":[{"href":"https:\/\/www.greenpeace.org\/denmark\/wp-json\/wp\/v2\/posts"}],"about":[{"href":"https:\/\/www.greenpeace.org\/denmark\/wp-json\/wp\/v2\/types\/post"}],"author":[{"embeddable":true,"href":"https:\/\/www.greenpeace.org\/denmark\/wp-json\/wp\/v2\/users\/35"}],"replies":[{"embeddable":true,"href":"https:\/\/www.greenpeace.org\/denmark\/wp-json\/wp\/v2\/comments?post=51025"}],"version-history":[{"count":9,"href":"https:\/\/www.greenpeace.org\/denmark\/wp-json\/wp\/v2\/posts\/51025\/revisions"}],"predecessor-version":[{"id":58092,"href":"https:\/\/www.greenpeace.org\/denmark\/wp-json\/wp\/v2\/posts\/51025\/revisions\/58092"}],"wp:featuredmedia":[{"embeddable":true,"href":"https:\/\/www.greenpeace.org\/denmark\/wp-json\/wp\/v2\/media\/51026"}],"wp:attachment":[{"href":"https:\/\/www.greenpeace.org\/denmark\/wp-json\/wp\/v2\/media?parent=51025"}],"wp:term":[{"taxonomy":"category","embeddable":true,"href":"https:\/\/www.greenpeace.org\/denmark\/wp-json\/wp\/v2\/categories?post=51025"},{"taxonomy":"post_tag","embeddable":true,"href":"https:\/\/www.greenpeace.org\/denmark\/wp-json\/wp\/v2\/tags?post=51025"},{"taxonomy":"p4-page-type","embeddable":true,"href":"https:\/\/www.greenpeace.org\/denmark\/wp-json\/wp\/v2\/p4-page-type?post=51025"}],"curies":[{"name":"wp","href":"https:\/\/api.w.org\/{rel}","templated":true}]}}