{"id":51090,"date":"2022-04-19T11:13:34","date_gmt":"2022-04-19T09:13:34","guid":{"rendered":"https:\/\/www.greenpeace.org\/denmark\/?p=51090"},"modified":"2023-01-12T17:09:48","modified_gmt":"2023-01-12T16:09:48","slug":"greenpeace-om-energiudspil-et-udspil-til-tiden-havde-igangsat-oejeblikkelige-energibesparelser-og-husket-olien","status":"publish","type":"post","link":"https:\/\/www.greenpeace.org\/denmark\/pressemeddelelse\/klimaforandringer\/greenpeace-om-energiudspil-et-udspil-til-tiden-havde-igangsat-oejeblikkelige-energibesparelser-og-husket-olien\/","title":{"rendered":"Greenpeace om energiudspil: Et udspil til tiden havde igangsat \u00f8jeblikkelige energibesparelser og husket olien"},"content":{"rendered":"\n<p>K\u00e6re journalister og redaktioner&nbsp;<\/p>\n\n<p>Regeringen har netop pr\u00e6senteret udspillet \u2018Danmark kan mere II\u2019.&nbsp;<\/p>\n\n<p>Her er kommentarer fra Greenpeace &#8211; ring endelig for mere.&nbsp;<\/p>\n\n<p><strong>Mads Flarup Christensen, generalsekret\u00e6r for Greenpeace Norden (tlf. 28109022), siger:&nbsp;<\/strong><\/p>\n\n<p>\u201cDagens udspil \u00e6ndrer ikke v\u00e6sentligt p\u00e5, at vi hver dag medfinansierer Putins uhyrligheder, og det er simpelthen dybt skuffende og viser en total mangel p\u00e5 krisebevidsthed.\u201d<\/p>\n\n<p>\u201cEt udspil til tiden havde ikke bare opstillet luftige m\u00e5ls\u00e6tninger, men igangsat \u00f8jeblikkelige energibesparelser. Det havde ikke haft en\u00f8jet fokus p\u00e5 gas, men husket Danmarks store forbrug af russisk olie. Det havde som minimum s\u00e6nket hastigheden p\u00e5 motorvejen, skrottet gasr\u00f8rledningen til Lolland, suspenderet korte flyruter og fjernet afgiftsfritagelsen til hybridbiler\u201d.<\/p>\n\n<p>\u201cRegeringens udspil indeholder gode intentioner for udbygning af vedvarende energi, men mangler en overbevisende plan for, hvordan de skal indfris. Det arbejde burde regeringen v\u00e6re n\u00e5et langt l\u00e6ngere med efter to m\u00e5neders arbejde i krigstid\u201d.<\/p>\n\n<p>Vh Emma Oehlenschl\u00e4ger, presseansvarlig i Greenpeace, tlf. 28251629<\/p>\n","protected":false},"excerpt":{"rendered":"<p>Regeringen har netop pr\u00e6senteret udspillet \u2018Danmark kan mere II\u2019. Her er kommentarer fra Greenpeace &#8211; ring endelig for mere.<\/p>\n","protected":false},"author":54,"featured_media":51067,"comment_status":"open","ping_status":"closed","sticky":false,"template":"","format":"standard","meta":{"ep_exclude_from_search":false,"p4_og_title":"","p4_og_description":"","p4_og_image":"","p4_og_image_id":"","p4_seo_canonical_url":"","p4_campaign_name":"not set","p4_local_project":"not set","p4_basket_name":"not set","p4_department":"","footnotes":""},"categories":[1],"tags":[19,21,24],"p4-page-type":[14],"class_list":["post-51090","post","type-post","status-publish","format-standard","has-post-thumbnail","hentry","category-klimaforandringer","tag-fossilenergi","tag-forbrug","tag-klima","p4-page-type-pressemeddelelse"],"_links":{"self":[{"href":"https:\/\/www.greenpeace.org\/denmark\/wp-json\/wp\/v2\/posts\/51090","targetHints":{"allow":["GET"]}}],"collection":[{"href":"https:\/\/www.greenpeace.org\/denmark\/wp-json\/wp\/v2\/posts"}],"about":[{"href":"https:\/\/www.greenpeace.org\/denmark\/wp-json\/wp\/v2\/types\/post"}],"author":[{"embeddable":true,"href":"https:\/\/www.greenpeace.org\/denmark\/wp-json\/wp\/v2\/users\/54"}],"replies":[{"embeddable":true,"href":"https:\/\/www.greenpeace.org\/denmark\/wp-json\/wp\/v2\/comments?post=51090"}],"version-history":[{"count":1,"href":"https:\/\/www.greenpeace.org\/denmark\/wp-json\/wp\/v2\/posts\/51090\/revisions"}],"predecessor-version":[{"id":51091,"href":"https:\/\/www.greenpeace.org\/denmark\/wp-json\/wp\/v2\/posts\/51090\/revisions\/51091"}],"wp:featuredmedia":[{"embeddable":true,"href":"https:\/\/www.greenpeace.org\/denmark\/wp-json\/wp\/v2\/media\/51067"}],"wp:attachment":[{"href":"https:\/\/www.greenpeace.org\/denmark\/wp-json\/wp\/v2\/media?parent=51090"}],"wp:term":[{"taxonomy":"category","embeddable":true,"href":"https:\/\/www.greenpeace.org\/denmark\/wp-json\/wp\/v2\/categories?post=51090"},{"taxonomy":"post_tag","embeddable":true,"href":"https:\/\/www.greenpeace.org\/denmark\/wp-json\/wp\/v2\/tags?post=51090"},{"taxonomy":"p4-page-type","embeddable":true,"href":"https:\/\/www.greenpeace.org\/denmark\/wp-json\/wp\/v2\/p4-page-type?post=51090"}],"curies":[{"name":"wp","href":"https:\/\/api.w.org\/{rel}","templated":true}]}}