{"id":51441,"date":"2022-06-17T16:17:57","date_gmt":"2022-06-17T14:17:57","guid":{"rendered":"https:\/\/www.greenpeace.org\/denmark\/?p=51441"},"modified":"2023-01-19T16:55:35","modified_gmt":"2023-01-19T15:55:35","slug":"det-maa-ikke-koste-liv-at-forsvare-skovene-lad-os-kraeve-retfaerdighed-for-bruno-og-dom","status":"publish","type":"post","link":"https:\/\/www.greenpeace.org\/denmark\/nyhed\/landbrug\/det-maa-ikke-koste-liv-at-forsvare-skovene-lad-os-kraeve-retfaerdighed-for-bruno-og-dom\/","title":{"rendered":"Det m\u00e5 ikke koste liv at forsvare skovene. Lad os kr\u00e6ve retf\u00e6rdighed for Bruno og Dom"},"content":{"rendered":"\n<p><strong>Brunos og Doms tragiske d\u00f8d i Amazonas regnskoven var ikke et uheld. De blev brutalt myrdet, mens de lavede et arbejde, som er livsvigtigt for os alle.<\/strong><\/p>\n\n<p>I g\u00e5r morges v\u00e5gnede vi op til den forf\u00e6rdelige nyhed, at den brasilianske ekspert i oprindelige folk Bruno Pereira og den britiske journalist Dom Philips er blevet myrdet p\u00e5 brutal vis i Amazonas regnskoven.<\/p>\n\n<p>Bruno Pereira havde i mange \u00e5r arbejdet med at forsvare indf\u00f8dte folks rettigheder, og han arbejdede tidligere for FUNAI, Brasiliens statslige styrelse for oprindelige folk. Dom Phillips arbejdede for den britiske avis The Guardian, med at fort\u00e6lle historier om marginaliserede mennesker. Han p\u00e5tog sig ofte risikable opgaver i l\u00f8bet af de 15 \u00e5r, han boede i Brasilien, hvor han rapporterede om overgreb p\u00e5 mennesker og naturen p\u00e5 steder, der ligger langt fra resten af verdens bev\u00e5genhed.<\/p>\n\n<p>De blev sidst set s\u00f8ndag den 5. juni, hvor de rejste p\u00e5 Itaqua\u00ed-floden i det nordvestlige Brasilien. Dette omr\u00e5de i Amazonas regnskoven er kendt som et fjerntliggende og lovl\u00f8st omr\u00e5de. Det er blevet et m\u00e5l smuglere og ulovligt fiskeri og minedrift og har en voksende tilstedev\u00e6relse af v\u00e6bnede bander. Bruno og Dom havde modtaget trusler allerede f\u00f8r deres rejse.<\/p>\n\n<p>Da Bruno og Dom blev meldt savnet, opfordrede diplomater, ngo&#8217;er og medieorganisationer omg\u00e5ende og indtr\u00e6ngende den brasilianske regering til at udvide og fremskynde sin efters\u00f8gnings- og redningsmission. De f\u00f8rste timer er afg\u00f8rende, n\u00e5r mennesker forsvinder, men de brasilianske myndigheders respons var alt for langsom og utilstr\u00e6kkelig.<\/p>\n\n<p>Natten til torsdag bekr\u00e6ftede Brasiliens f\u00f8derale politi, at Dom Phillips og Bruno Pereira var blevet myrdet.<\/p>\n\n<figure class=\"wp-block-image size-full\"><img loading=\"lazy\" decoding=\"async\" width=\"800\" height=\"534\" src=\"https:\/\/www.greenpeace.org\/static\/planet4-denmark-stateless\/2022\/06\/d284469a-gp1sxmlk_web_size.jpg\" alt=\"\" class=\"wp-image-51442\" srcset=\"https:\/\/www.greenpeace.org\/static\/planet4-denmark-stateless\/2022\/06\/d284469a-gp1sxmlk_web_size.jpg 800w, https:\/\/www.greenpeace.org\/static\/planet4-denmark-stateless\/2022\/06\/d284469a-gp1sxmlk_web_size-300x200.jpg 300w, https:\/\/www.greenpeace.org\/static\/planet4-denmark-stateless\/2022\/06\/d284469a-gp1sxmlk_web_size-768x513.jpg 768w, https:\/\/www.greenpeace.org\/static\/planet4-denmark-stateless\/2022\/06\/d284469a-gp1sxmlk_web_size-510x340.jpg 510w\" sizes=\"auto, (max-width: 800px) 100vw, 800px\" \/><figcaption class=\"wp-element-caption\">Sian og Gareth Phillips, s\u00f8ster og bror til Dom, har sammen med journalister og ngo&#8217;er holdt vagt foran Brasiliens ambassade i London for at kr\u00e6ve, at de brasilianske myndigheder udvidede og fremskyndede efters\u00f8gnings- og redningsmissionen efter den brasilianske ekspert i oprindelige folk Bruno Pereira og den britiske journalist Dom Phillips. \u00a9 Chris J Ratcliffe \/ Greenpeace<\/figcaption><\/figure>\n\n<h2 class=\"wp-block-heading\">Brunos og Doms d\u00f8d var ikke et uheld<\/h2>\n\n<p>Bruno og Dom blev brutalt myrdet, mens de lavede et arbejde, som er livsvigtigt for os alle.<br>De satte fokus p\u00e5 de daglige trusler, som oprindelige folk i Brasilien st\u00e5r over for, n\u00e5r de forsvarer deres skovomr\u00e5der og deres rettigheder, mens Brasiliens regering presser p\u00e5 for at f\u00e5 vedtaget love, der annullerer deres rettigheder og livsgrundlag.<\/p>\n\n<p>Brasiliens pr\u00e6sident Bolsonaro har med b\u00e5de ord og handlinger opfordret til at invadere og \u00f8del\u00e6gge oprindelige folks skovomr\u00e5der i Amazonas. Adskillige lovforslag, der truer oprindelige folks land og grundl\u00e6ggende rettigheder, er i \u00f8jeblikket p\u00e5 vej igennem Brasiliens Kongres og Senat. <\/p>\n\n<p>Lovforslagene er blevet d\u00f8bt &#8220;\u00f8del\u00e6ggelsespakken&#8221; og har f\u00e5et politikere og virksomheder fra en r\u00e6kke lande til at protestere. I december sidste \u00e5r sendte 31 danske politikere fra fem forskellige partier <a href=\"https:\/\/www.greenpeace.org\/denmark\/div\/aabent-brev-fra-danske-politikere-er-med-til-at-bremse-skovrydnings-love-i-brasilien\/\">et \u00e5bent brev til formanden for Brasiliens Senat<\/a>, hvor de udtrykte deres store bekymring for lovforslagene og situationen i Amazonas. Brevet fra de danske politikere var medvirkende til, at lovforslagene blev udskudt.<\/p>\n\n<p>Den begr\u00e6nsede beskyttelse, der er tilbage for skovene og deres folk i Brasilien, h\u00e5ndh\u00e6ves sj\u00e6ldent. Illegale skovhuggere, farmere og minearbejdere ved derfor, at de kan g\u00f8re, hvad de vil, uden risiko for at blive straffet.<\/p>\n\n<p>Dette har skabt et r\u00e5t og brutalt milj\u00f8, hvor alt er tilladt, og vold og trusler er udbredt. Antallet af mord p\u00e5 oprindelige folk er steget med 61 procent. I 2020 blev der registreret 182 drab. Det betyder, at de, der k\u00e6mper for en gr\u00f8nnere, mere retf\u00e6rdig og fredelig verden, s\u00e6tter deres liv p\u00e5 spil for at beskytte Amazonas.<\/p>\n\n<p>Der er brug for, at vi globalt st\u00e5r sammen og kr\u00e6ver handling for at beskytte oprindelige folks liv og fuld anerkendelse af deres landomr\u00e5der i Amazonas. Der er brug for at politiske ledere i hele verden nu l\u00e6gger pres p\u00e5 Brasiliens pr\u00e6sident Bolsonaro og kr\u00e6ver retf\u00e6rdighed for mordene p\u00e5 Bruno, Dom og alle andre mennesker, der k\u00e6mper for at forsvare Amazonas.<\/p>\n\n<p>Og der er brug for, at politikerne stiller h\u00e5ndfaste krav til de virksomheder, der handler med, bruger eller producerer r\u00e5varer som sojafoder og k\u00f8d og m\u00e6lk, hvor dyrene er blevet fodret med soja. Virksomhederne skal kunne dokumentere, hvor r\u00e5varerne kommer fra, og at de ikke har forbindelse til skovrydning eller kr\u00e6nkelser af oprindelige folks rettigheder.<\/p>\n\n<p>N\u00e5r store danske virksomheder som Arla og Danish Crown ikke kan dokumentere oprindelsen af foderet i k\u00f8ernes og svinenes trug, s\u00e5 ved de reelt ikke, om de handler med kriminelle i Amazonas og er med til fodre et system af vold og overgreb.<\/p>\n\n<p>Hvis du ikke har gjort det endnu, kan du hj\u00e6lpe ved at <a href=\"https:\/\/www.greenpeace.org\/denmark\/vaer-med\/together4forest\/\">skrive under for en st\u00e6rk EU lov<\/a>, der kan sikre, at der bliver stillet disse krav til virksomheder, og at virksomheder bliver m\u00f8dt med sanktioner, hvis de ikke lever op til kravene.<\/p>\n\n<p>Forskere advarer om, at Amazonas-regnskoven inden for ti \u00e5r kan ramme et&nbsp;<em>tipping point,&nbsp;<\/em>hvor \u00f8del\u00e6ggelserne bliver s\u00e5 massive, at regnskoven udt\u00f8rrer og d\u00f8r. Det vil have katastrofale konsekvensen for de oprindelige folk og naturen i Amazonas, og samtidig vil det betyde, at vi kan vinke farvel til ethvert h\u00e5b om at n\u00e5 klimam\u00e5lene fra Paris-aftalen.<\/p>\n\n<p>Det er vores planets fremtid, der st\u00e5r p\u00e5 spil, og hvert eneste menneskeliv, der g\u00e5r tabt i kampen for Amazonas er en ufattelig tragedie.<\/p>\n","protected":false},"excerpt":{"rendered":"<p>Brunos og Doms tragiske d\u00f8d i Amazonas regnskoven var ikke et uheld. De blev brutalt myrdet, mens de lavede et arbejde, som er livsvigtigt for os alle.<\/p>\n","protected":false},"author":29,"featured_media":51442,"comment_status":"open","ping_status":"closed","sticky":false,"template":"","format":"standard","meta":{"ep_exclude_from_search":false,"p4_og_title":"","p4_og_description":"","p4_og_image":"","p4_og_image_id":"","p4_seo_canonical_url":"","p4_campaign_name":"not set","p4_local_project":"not set","p4_basket_name":"not set","p4_department":"","footnotes":""},"categories":[3],"tags":[28,61],"p4-page-type":[16],"class_list":["post-51441","post","type-post","status-publish","format-standard","has-post-thumbnail","hentry","category-landbrug","tag-skovrydning","tag-menneskerettigheder","p4-page-type-nyhed"],"_links":{"self":[{"href":"https:\/\/www.greenpeace.org\/denmark\/wp-json\/wp\/v2\/posts\/51441","targetHints":{"allow":["GET"]}}],"collection":[{"href":"https:\/\/www.greenpeace.org\/denmark\/wp-json\/wp\/v2\/posts"}],"about":[{"href":"https:\/\/www.greenpeace.org\/denmark\/wp-json\/wp\/v2\/types\/post"}],"author":[{"embeddable":true,"href":"https:\/\/www.greenpeace.org\/denmark\/wp-json\/wp\/v2\/users\/29"}],"replies":[{"embeddable":true,"href":"https:\/\/www.greenpeace.org\/denmark\/wp-json\/wp\/v2\/comments?post=51441"}],"version-history":[{"count":9,"href":"https:\/\/www.greenpeace.org\/denmark\/wp-json\/wp\/v2\/posts\/51441\/revisions"}],"predecessor-version":[{"id":55018,"href":"https:\/\/www.greenpeace.org\/denmark\/wp-json\/wp\/v2\/posts\/51441\/revisions\/55018"}],"wp:featuredmedia":[{"embeddable":true,"href":"https:\/\/www.greenpeace.org\/denmark\/wp-json\/wp\/v2\/media\/51442"}],"wp:attachment":[{"href":"https:\/\/www.greenpeace.org\/denmark\/wp-json\/wp\/v2\/media?parent=51441"}],"wp:term":[{"taxonomy":"category","embeddable":true,"href":"https:\/\/www.greenpeace.org\/denmark\/wp-json\/wp\/v2\/categories?post=51441"},{"taxonomy":"post_tag","embeddable":true,"href":"https:\/\/www.greenpeace.org\/denmark\/wp-json\/wp\/v2\/tags?post=51441"},{"taxonomy":"p4-page-type","embeddable":true,"href":"https:\/\/www.greenpeace.org\/denmark\/wp-json\/wp\/v2\/p4-page-type?post=51441"}],"curies":[{"name":"wp","href":"https:\/\/api.w.org\/{rel}","templated":true}]}}