{"id":51482,"date":"2022-06-22T11:13:07","date_gmt":"2022-06-22T09:13:07","guid":{"rendered":"https:\/\/www.greenpeace.org\/denmark\/?p=51482"},"modified":"2023-11-21T15:21:23","modified_gmt":"2023-11-21T14:21:23","slug":"vi-kraever-retfaerdighed-for-dom-bruno-og-brasiliens-oprindelige-folk","status":"publish","type":"post","link":"https:\/\/www.greenpeace.org\/denmark\/nyhed\/natur\/vi-kraever-retfaerdighed-for-dom-bruno-og-brasiliens-oprindelige-folk\/","title":{"rendered":"Vi kr\u00e6ver retf\u00e6rdighed for Dom, Bruno og Brasiliens oprindelige folk"},"content":{"rendered":"\n<p>Vold, trusler og drab p\u00e5 oprindelige folk og milj\u00f8fork\u00e6mpere i Brasilien er et voksende problem. Antallet af mord p\u00e5 oprindelige folk er steget med 61 procent. I 2020 blev der registreret 182 drab. <\/p>\n\n<p><a rel=\"noreferrer noopener\" href=\"https:\/\/www.greenpeace.org\/denmark\/vi-arbejder-med\/land\/det-maa-ikke-koste-liv-at-forsvare-skovene-lad-os-kraeve-retfaerdighed-for-bruno-og-dom\/\" target=\"_blank\">De tragiske mord<\/a> p\u00e5 den brasilianske ekspert i oprindelige folk Bruno Pereira og den britiske journalist Dom Phillips er seneste eksempel p\u00e5, at det er med livet som indsats, at oprindelige folk og milj\u00f8fork\u00e6mpere arbejder for at beskytte Amazonas regnskoven, og for en gr\u00f8nnere, mere retf\u00e6rdig og fredelig verden for os alle sammen.<\/p>\n\n<figure class=\"wp-block-image size-large\"><img loading=\"lazy\" decoding=\"async\" width=\"1024\" height=\"576\" src=\"https:\/\/www.greenpeace.org\/static\/planet4-denmark-stateless\/2022\/06\/24adb63e-blue-gray-selamat-pagi-minimalist-twitter-twitter-post-1024x576.png\" alt=\"\" class=\"wp-image-51483\" srcset=\"https:\/\/www.greenpeace.org\/static\/planet4-denmark-stateless\/2022\/06\/24adb63e-blue-gray-selamat-pagi-minimalist-twitter-twitter-post-1024x576.png 1024w, https:\/\/www.greenpeace.org\/static\/planet4-denmark-stateless\/2022\/06\/24adb63e-blue-gray-selamat-pagi-minimalist-twitter-twitter-post-300x169.png 300w, https:\/\/www.greenpeace.org\/static\/planet4-denmark-stateless\/2022\/06\/24adb63e-blue-gray-selamat-pagi-minimalist-twitter-twitter-post-768x432.png 768w, https:\/\/www.greenpeace.org\/static\/planet4-denmark-stateless\/2022\/06\/24adb63e-blue-gray-selamat-pagi-minimalist-twitter-twitter-post-1536x864.png 1536w, https:\/\/www.greenpeace.org\/static\/planet4-denmark-stateless\/2022\/06\/24adb63e-blue-gray-selamat-pagi-minimalist-twitter-twitter-post-510x287.png 510w, https:\/\/www.greenpeace.org\/static\/planet4-denmark-stateless\/2022\/06\/24adb63e-blue-gray-selamat-pagi-minimalist-twitter-twitter-post.png 1600w\" sizes=\"auto, (max-width: 1024px) 100vw, 1024px\" \/><figcaption class=\"wp-element-caption\">Vi har bes\u00f8gt Brasiliens ambassade i K\u00f8benhavn med et klart budskab til Brasiliens regering om at stoppe volden og overgrebene mod oprindelige folk og andre milj\u00f8fork\u00e6mpere i Amazonas.<\/figcaption><\/figure>\n\n<p>Den stigende vold mod oprindelige folk er et direkte resultat af den politik, som Brasiliens regering anf\u00f8rt af pr\u00e6sident Bolsonaro har f\u00f8rt de seneste \u00e5r. Med b\u00e5de ord og handlinger har Brasiliens regering opfordret til at invadere og \u00f8del\u00e6gge oprindelige folks skovomr\u00e5der i Amazonas. Adskillige lovforslag, der truer oprindelige folks land og grundl\u00e6ggende rettigheder, er i \u00f8jeblikket p\u00e5 vej igennem Brasiliens Kongres og Senat.<\/p>\n\n<p>Vi har derfor bes\u00f8gt den brasilianske ambassade i K\u00f8benhavn for at levere et klart budskab til Brasiliens regering om at stoppe volden og overgrebene p\u00e5 landets oprindelige befolkning, og om at stoppe samtlige lovforslag, der direkte eller indirekte truer oprindelige folks rettigheder.<\/p>\n\n<p>Vi \u00f8nsker retf\u00e6rdighed for Dom, Bruno, Brasiliens oprindelige folk og alle andre, der k\u00e6mper for at forsvare Amazonas mod illegale skovhuggere, farmere, minearbejdere&nbsp;og andre, der rydder regnskoven. Det er hele vores planets fremtid, der st\u00e5r p\u00e5 spil. B\u00e5de regnskoven og de mennesker, der k\u00e6mper for den har krav p\u00e5 beskyttelse.<\/p>\n\n<p>Du kan her l\u00e6se det <a href=\"https:\/\/www.greenpeace.org\/denmark\/div\/brev-til-brasiliens-regering-overgreb-mod-oprindelige-folk-og-rydning-af-amazonas-skal-stoppe\/\">brev, vi har overleveret til Brasiliens ambassad\u00f8r i Danmark<\/a>.<\/p>\n","protected":false},"excerpt":{"rendered":"<p>Vi har bes\u00f8gt den brasilianske ambassade i K\u00f8benhavn for at levere et klart budskab til Brasiliens regering om at stoppe volden og overgrebene p\u00e5 landets oprindelige befolkning.<\/p>\n","protected":false},"author":29,"featured_media":51483,"comment_status":"open","ping_status":"closed","sticky":false,"template":"","format":"standard","meta":{"ep_exclude_from_search":false,"p4_og_title":"","p4_og_description":"","p4_og_image":"","p4_og_image_id":"","p4_seo_canonical_url":"","p4_campaign_name":"not set","p4_local_project":"not set","p4_basket_name":"not set","p4_department":"","footnotes":""},"categories":[18],"tags":[28,30,56,61],"p4-page-type":[16],"class_list":["post-51482","post","type-post","status-publish","format-standard","has-post-thumbnail","hentry","category-natur","tag-skovrydning","tag-aktivisme","tag-amazonas","tag-menneskerettigheder","p4-page-type-nyhed"],"_links":{"self":[{"href":"https:\/\/www.greenpeace.org\/denmark\/wp-json\/wp\/v2\/posts\/51482","targetHints":{"allow":["GET"]}}],"collection":[{"href":"https:\/\/www.greenpeace.org\/denmark\/wp-json\/wp\/v2\/posts"}],"about":[{"href":"https:\/\/www.greenpeace.org\/denmark\/wp-json\/wp\/v2\/types\/post"}],"author":[{"embeddable":true,"href":"https:\/\/www.greenpeace.org\/denmark\/wp-json\/wp\/v2\/users\/29"}],"replies":[{"embeddable":true,"href":"https:\/\/www.greenpeace.org\/denmark\/wp-json\/wp\/v2\/comments?post=51482"}],"version-history":[{"count":8,"href":"https:\/\/www.greenpeace.org\/denmark\/wp-json\/wp\/v2\/posts\/51482\/revisions"}],"predecessor-version":[{"id":58527,"href":"https:\/\/www.greenpeace.org\/denmark\/wp-json\/wp\/v2\/posts\/51482\/revisions\/58527"}],"wp:featuredmedia":[{"embeddable":true,"href":"https:\/\/www.greenpeace.org\/denmark\/wp-json\/wp\/v2\/media\/51483"}],"wp:attachment":[{"href":"https:\/\/www.greenpeace.org\/denmark\/wp-json\/wp\/v2\/media?parent=51482"}],"wp:term":[{"taxonomy":"category","embeddable":true,"href":"https:\/\/www.greenpeace.org\/denmark\/wp-json\/wp\/v2\/categories?post=51482"},{"taxonomy":"post_tag","embeddable":true,"href":"https:\/\/www.greenpeace.org\/denmark\/wp-json\/wp\/v2\/tags?post=51482"},{"taxonomy":"p4-page-type","embeddable":true,"href":"https:\/\/www.greenpeace.org\/denmark\/wp-json\/wp\/v2\/p4-page-type?post=51482"}],"curies":[{"name":"wp","href":"https:\/\/api.w.org\/{rel}","templated":true}]}}