{"id":51489,"date":"2022-06-22T11:40:28","date_gmt":"2022-06-22T09:40:28","guid":{"rendered":"https:\/\/www.greenpeace.org\/denmark\/?p=51489"},"modified":"2024-03-01T13:45:56","modified_gmt":"2024-03-01T12:45:56","slug":"brev-til-brasiliens-regering-overgreb-mod-oprindelige-folk-og-rydning-af-amazonas-skal-stoppe","status":"publish","type":"post","link":"https:\/\/www.greenpeace.org\/denmark\/udgivelse\/natur\/brev-til-brasiliens-regering-overgreb-mod-oprindelige-folk-og-rydning-af-amazonas-skal-stoppe\/","title":{"rendered":"Brev til Brasiliens regering: overgreb mod oprindelige folk og rydning af Amazonas skal stoppe"},"content":{"rendered":"\n<p>Vold, trusler og drab p\u00e5 oprindelige folk og milj\u00f8fork\u00e6mpere i Brasilien er et voksende problem. Antallet af mord p\u00e5 oprindelige folk er steget med 61 procent. I 2020 blev der registreret 182 drab.<\/p>\n\n<p>De tragiske mord p\u00e5 den brasilianske ekspert i oprindelige folk Bruno Pereira og den britiske journalist Dom Phillips er seneste eksempel p\u00e5, at det er med livet som indsats, at oprindelige folk og milj\u00f8fork\u00e6mpere arbejder for at beskytte Amazonas regnskoven.&nbsp;<\/p>\n\n<p>Den stigende vold mod oprindelige folk er resultat af den politik, som Brasiliens regering anf\u00f8rt af pr\u00e6sident Bolsonaro har f\u00f8rt de seneste \u00e5r. Adskillige lovforslag, der truer oprindelige folks land og grundl\u00e6ggende rettigheder, er i \u00f8jeblikket p\u00e5 vej igennem Brasiliens Kongres og Senat.<\/p>\n\n<p>Greenpeace har derfor bes\u00f8gt den brasilianske ambassade i K\u00f8benhavn for at levere et klart budskab til Brasiliens regering om at stoppe volden og overgrebene p\u00e5 landets oprindelige befolkning, og om at stoppe samtlige lovforslag, der direkte eller indirekte truer oprindelige folks rettigheder.<\/p>\n\n<h3 class=\"wp-block-heading\">L\u00e6s hele brevet med kritik og opfordringer fra Greenpeace til Brasiliens regering: HER:<\/h3>\n\n<div data-wp-interactive=\"core\/file\" class=\"wp-block-file\"><object data-wp-bind--hidden=\"!state.hasPdfPreview\" hidden class=\"wp-block-file__embed\" data=\"https:\/\/www.greenpeace.org\/static\/planet4-denmark-stateless\/2022\/06\/4f5a11cb-greenpeace-nordic-letter-to-brazilian-ambassador-rodrigo-de-azeredo-santos.pdf\" type=\"application\/pdf\" style=\"width:100%;height:600px\" aria-label=\"Embed Embed Greenpeace-brev med opfordringer til Brasiliens ambassad\u00f8r i Danmark ..\"><\/object><a id=\"wp-block-file--media-d0cd7e33-84f3-4dd7-b8cd-49aacfd0e271\" href=\"https:\/\/www.greenpeace.org\/static\/planet4-denmark-stateless\/2022\/06\/4f5a11cb-greenpeace-nordic-letter-to-brazilian-ambassador-rodrigo-de-azeredo-santos.pdf\">Greenpeace-brev med opfordringer til Brasiliens ambassad\u00f8r i Danmark <\/a><\/div>\n","protected":false},"excerpt":{"rendered":"<p>Vold, trusler og drab p\u00e5 oprindelige folk og milj\u00f8fork\u00e6mpere i Brasilien er et voksende problem. Antallet af mord p\u00e5 oprindelige folk er steget med 61 procent. I 2020 blev der&hellip;<\/p>\n","protected":false},"author":35,"featured_media":51483,"comment_status":"open","ping_status":"closed","sticky":false,"template":"","format":"standard","meta":{"ep_exclude_from_search":false,"p4_og_title":"Brev til Brasiliens regering: overgreb mod oprindelige folk og rydning af Amazonas skal stoppe","p4_og_description":"","p4_og_image":"https:\/\/www.greenpeace.org\/static\/planet4-denmark-stateless\/2022\/06\/24adb63e-blue-gray-selamat-pagi-minimalist-twitter-twitter-post.png","p4_og_image_id":"51483","p4_seo_canonical_url":"","p4_campaign_name":"not set","p4_local_project":"not set","p4_basket_name":"not set","p4_department":"","footnotes":""},"categories":[18],"tags":[30,28,61,56],"p4-page-type":[15],"class_list":["post-51489","post","type-post","status-publish","format-standard","has-post-thumbnail","hentry","category-natur","tag-aktivisme","tag-skovrydning","tag-menneskerettigheder","tag-amazonas","p4-page-type-udgivelse"],"_links":{"self":[{"href":"https:\/\/www.greenpeace.org\/denmark\/wp-json\/wp\/v2\/posts\/51489","targetHints":{"allow":["GET"]}}],"collection":[{"href":"https:\/\/www.greenpeace.org\/denmark\/wp-json\/wp\/v2\/posts"}],"about":[{"href":"https:\/\/www.greenpeace.org\/denmark\/wp-json\/wp\/v2\/types\/post"}],"author":[{"embeddable":true,"href":"https:\/\/www.greenpeace.org\/denmark\/wp-json\/wp\/v2\/users\/35"}],"replies":[{"embeddable":true,"href":"https:\/\/www.greenpeace.org\/denmark\/wp-json\/wp\/v2\/comments?post=51489"}],"version-history":[{"count":4,"href":"https:\/\/www.greenpeace.org\/denmark\/wp-json\/wp\/v2\/posts\/51489\/revisions"}],"predecessor-version":[{"id":58529,"href":"https:\/\/www.greenpeace.org\/denmark\/wp-json\/wp\/v2\/posts\/51489\/revisions\/58529"}],"wp:featuredmedia":[{"embeddable":true,"href":"https:\/\/www.greenpeace.org\/denmark\/wp-json\/wp\/v2\/media\/51483"}],"wp:attachment":[{"href":"https:\/\/www.greenpeace.org\/denmark\/wp-json\/wp\/v2\/media?parent=51489"}],"wp:term":[{"taxonomy":"category","embeddable":true,"href":"https:\/\/www.greenpeace.org\/denmark\/wp-json\/wp\/v2\/categories?post=51489"},{"taxonomy":"post_tag","embeddable":true,"href":"https:\/\/www.greenpeace.org\/denmark\/wp-json\/wp\/v2\/tags?post=51489"},{"taxonomy":"p4-page-type","embeddable":true,"href":"https:\/\/www.greenpeace.org\/denmark\/wp-json\/wp\/v2\/p4-page-type?post=51489"}],"curies":[{"name":"wp","href":"https:\/\/api.w.org\/{rel}","templated":true}]}}