{"id":5214,"date":"2020-03-27T15:43:01","date_gmt":"2020-03-27T14:43:01","guid":{"rendered":"https:\/\/www.greenpeace.org\/denmark\/?p=5214"},"modified":"2023-03-31T15:04:14","modified_gmt":"2023-03-31T13:04:14","slug":"corona-har-slaaet-en-sjaelden-spraekke-i-systemet-lad-os-bruge-den-til-at-skabe-en-bedre-verden","status":"publish","type":"post","link":"https:\/\/www.greenpeace.org\/denmark\/nyhed\/klimaforandringer\/corona-har-slaaet-en-sjaelden-spraekke-i-systemet-lad-os-bruge-den-til-at-skabe-en-bedre-verden\/","title":{"rendered":"Corona har sl\u00e5et en sj\u00e6lden spr\u00e6kke i systemet, lad os bruge den til at skabe en bedre verden"},"content":{"rendered":"\n<figure class=\"wp-block-image size-large  caption-style-medium caption-alignment-center\"><img loading=\"lazy\" decoding=\"async\" width=\"799\" height=\"533\" src=\"https:\/\/www.greenpeace.org\/static\/planet4-denmark-stateless\/2020\/03\/456c275d-gp-billede.jpg\" alt=\"\" class=\"wp-image-5215\" srcset=\"https:\/\/www.greenpeace.org\/static\/planet4-denmark-stateless\/2020\/03\/456c275d-gp-billede.jpg 799w, https:\/\/www.greenpeace.org\/static\/planet4-denmark-stateless\/2020\/03\/456c275d-gp-billede-300x200.jpg 300w, https:\/\/www.greenpeace.org\/static\/planet4-denmark-stateless\/2020\/03\/456c275d-gp-billede-768x512.jpg 768w, https:\/\/www.greenpeace.org\/static\/planet4-denmark-stateless\/2020\/03\/456c275d-gp-billede-510x340.jpg 510w\" sizes=\"auto, (max-width: 799px) 100vw, 799px\" \/><figcaption class=\"wp-element-caption\"> &#8220;N\u00e5r coronakrisen aftager, kan vi v\u00e6lge at lime spr\u00e6kkerne sammen. Vi kan ogs\u00e5 v\u00e6lge at se ind i dem og m\u00e5ske f\u00e5 \u00f8je p\u00e5 glimt af en fremtid, hvor vores \u00f8konomi er indrettet, s\u00e5 den er langt mere empatisk og hensynsfuld over for b\u00e5de mennesker og planeten,&#8221; skriver Helene Hagel  <\/figcaption><\/figure>\n\n<p>Klimakampens bedste chance for ikke at blive endnu et af coronakrisens ofre er, at de krise- og stimuluspakker, som regeringer overalt i verden lancerer i disse dage, i videst muligt omfang best\u00e5r af tiltag, der reducerer klimabelastningen og baner vejen for en gr\u00f8n og retf\u00e6rdig fremtid. <br><br>Det er nu, politikernes gr\u00f8nne engagement for alvor vil blive testet: Vil de prioritere at udvikle og underst\u00f8tte et fremtidens industri- og erhvervsliv, der bidrager til at l\u00f8se klimakrisen? Og tage skridt, der kan blive en begyndelse frem for en yderligere udskydelse af den st\u00e6rkt im\u00f8desete klimahandlingsplan? Eller vil de blot genoprette status quo?&nbsp;&nbsp;<\/p>\n\n<p>Under den seneste \u00f8konomiske krise reddede vi bankerne. Vores politikere vedtog hj\u00e6lpepakker, der de facto favoriserede de mest forurenende industrier. Denne gang m\u00e5 det v\u00e6re planeten, der er \u2019too big to fail\u2019. At g\u00e5 tilbage til business-as-usual og holde en fossil \u00f8konomi i live &#8211; m\u00e5ske endda genoplive den &#8211; vil v\u00e6re et aktivt valg om at forv\u00e6rre natur- og klimakrisen.<\/p>\n\n<p>Derudover vil det kun give ringe mening \u00f8konomisk set. If\u00f8lge <a rel=\"noreferrer noopener\" href=\"https:\/\/www.wri.org\/blog\/2020\/03\/coronavirus-economy-low-carbon-investments\" target=\"_blank\">World Resources Institute<\/a> er investeringer i den gr\u00f8nne sektor en af de mest effektive m\u00e5der at stimulere \u00f8konomisk fremgang efter en recession. Modig og ambiti\u00f8s klimahandling, der har videnskaben i ryggen, kan if\u00f8lge en rapport fra<a rel=\"noreferrer noopener\" href=\"https:\/\/newclimateeconomy.report\/\/2018\" target=\"_blank\"> New Climate Economy<\/a> skabe direkte \u00f8konomiske gevinster p\u00e5 n\u00e6sten ubegribelige 2600 milliarder dollars frem mod 2030. I en s\u00e5dan ny lavemissions\u00f8konomi kan der desuden skabes 65 millioner nye job i l\u00f8bet af de n\u00e6ste ti \u00e5r, fremg\u00e5r det.<\/p>\n\n<p>I 2009, efter finanskrisen havde raseret den globale \u00f8konomi, efterlyste FN en global \u201dGreen New Deal\u201d der skulle afslutte den fossile afh\u00e6ngighed og skabe gr\u00f8nne jobs. Det skete som bekendt ikke. De globale udledninger er steget stort set hvert \u00e5r siden. If\u00f8lge FN skal udledningerne nu falde med 7,6 pct. om \u00e5ret, hvis vi skal n\u00e5 Parisaftalens m\u00e5l. Vi har hverken tid eller r\u00e5d til at gentage forrige \u00e5rtis fejltagelser.<\/p>\n\n<p>Derfor foresl\u00e5r Greenpeace, at kommende, danske stimuluspakker baseres p\u00e5 f\u00f8lgende principper.<\/p>\n\n<p>F\u00f8rst og fremmest skal pakkerne f\u00f8lge \u2019do no harm\u2019-princippet. Vi m\u00e5 ikke svare p\u00e5 coronakrisen ved at uds\u00e6tte borgernes liv for endnu st\u00f8rre risici, fordi vi i vores svar \u2013 mere eller mindre utilsigtet \u2013 kommer til at forv\u00e6rre klimakrisen. Vi skal hj\u00e6lpe ansatte i alle sektorer, men undg\u00e5 at subsidiere de aktiviteter, der vil \u00f8ge forureningen, eksempelvis olie- og gasproduktion. Lad os hj\u00e6lpe de ansatte i luftfartsindustrien, men g\u00f8re \u00f8konomisk hj\u00e6lp til flyselskaber betinget af, at de forpligter sig til at skynde sig med omstillingen til gr\u00f8nne br\u00e6ndsler og til med det samme at nedbringe deres udledninger.&nbsp;<\/p>\n\n<p>Lad os dern\u00e6st foretage gr\u00f8nne win-win investeringer nu. Lad os gennemf\u00f8re Klimar\u00e5dets forslag til en akutpakke med det samme. Lad os investere i at f\u00e5 infrastrukturen til elbiler op at k\u00f8re hurtigt. Lad os st\u00f8tte de landm\u00e6nd, der \u00f8nsker at oml\u00e6gge fra k\u00f8d- til planteproduktion.&nbsp;&nbsp;<\/p>\n\n<p>Lad os investere i at energirenovere vores bygningsmasse. I den sammenh\u00e6ng vil jeg gerne rose det, der kan ligne et bredt flertal for at ville h\u00e6ve kommunernes anl\u00e6gsloft. Anl\u00e6gsloftet har l\u00e6nge skadet den gr\u00f8nne omstilling, fordi det har bremset for gr\u00f8nne renoveringer af blandt vores kommunale bygninger. At komme i gang med for eksempel energieffektiviseringer rundt omkring i kommunerne er en enest\u00e5ende mulighed for at im\u00f8dekomme den \u00f8konomiske krise p\u00e5 en m\u00e5de, der samtidig fremskynder omstillingen af samfundet. Politikerne b\u00f8r se p\u00e5, om man kan indbygge en s\u00e6rlig tilskyndelse til at fremrykke s\u00e6rligt gr\u00f8nne projekter n\u00e5r anl\u00e6gsloftet h\u00e6ves.<\/p>\n\n<p>Lad eksperter screene stimuluspakkerne, s\u00e5 vi er sikre p\u00e5, at de bidrager til den gr\u00f8nne omstilling og lad os udforme pakkerne s\u00e5ledes, at s\u00e5 mange mennesker som muligt kan blive ved godt helbred, v\u00e6re trygge og f\u00f8le en form for berettiget optimisme p\u00e5 fremtiden. Lad os passe p\u00e5 hinanden og ikke den tunge, forurenende industri.<\/p>\n\n<p>I Greenpeace tror vi p\u00e5 langsigtede systemiske forandringer, p\u00e5 kraften i menneskers skift i mentalitet og tankegang og p\u00e5 at at udfordre de g\u00e6ldende magtstrukturer i samfundet. Vores kritikere m\u00f8der os ofte med, at de store systemer er noget givet, der holder sammen p\u00e5 det hele, og at de ikke s\u00e5dan st\u00e5r til at \u00e6ndre. Nu st\u00e5r vi pludselig i en situation, hvor systemerne revner og spr\u00e6kker fra det ene \u00f8jeblik til det andet. <\/p>\n\n<p>N\u00e5r coronakrisen aftager, kan vi v\u00e6lge at lime spr\u00e6kkerne sammen. Vi kan ogs\u00e5 v\u00e6lge at se ind i dem og m\u00e5ske f\u00e5 \u00f8je p\u00e5 glimt af en fremtid, hvor vores \u00f8konomi er indrettet, s\u00e5 den er langt mere empatisk og hensynsfuld over for b\u00e5de mennesker og planeten. Det er netop de v\u00e6rdier, mennesker udlever overalt i denne tid. Derfor b\u00f8r ingen politiker v\u00e6re bekymret over at lade dem gennemsyre den \u00f8konomiske politik post corona.  <\/p>\n\n<p><em>Indl\u00e6gget er bragt hos <a href=\"https:\/\/www.berlingske.dk\/kommentarer\/coronavirus-har-slaaet-en-sjaelden-spraekke-i-systemet-lad-os-bruge\">Berlingske d. 27. marts, 2020.<\/a> <\/em><\/p>\n\t\t\t<section\n\t\t\tclass=\"boxout post-5141 \"\n\t\t\t\n\t\t>\n\t\t\t<a\n\t\t\t\tdata-ga-category=\"Take Action Boxout\"\n\t\t\t\tdata-ga-action=\"Image\"\n\t\t\t\tdata-ga-label=\"n\/a\"\n\t\t\t\tclass=\"cover-card-overlay\"\n\t\t\t\thref=\"https:\/\/www.greenpeace.org\/denmark\/vaer-med\/klimakrise-er-her-nu\/\" \n\t\t\t><\/a>\n\t\t\t\t\t\t\t<img\n\t\t\t\t\t\tsrc=\"https:\/\/www.greenpeace.org\/static\/planet4-denmark-stateless\/2021\/08\/d0757f13-gettyimages-1234407019-1024x681.jpg\"\n\t\t\t\t\t\tsrcset=\"https:\/\/www.greenpeace.org\/static\/planet4-denmark-stateless\/2021\/08\/d0757f13-gettyimages-1234407019-300x200.jpg 300w, https:\/\/www.greenpeace.org\/static\/planet4-denmark-stateless\/2021\/08\/d0757f13-gettyimages-1234407019-1024x681.jpg 1024w, https:\/\/www.greenpeace.org\/static\/planet4-denmark-stateless\/2021\/08\/d0757f13-gettyimages-1234407019-768x511.jpg 768w, https:\/\/www.greenpeace.org\/static\/planet4-denmark-stateless\/2021\/08\/d0757f13-gettyimages-1234407019-510x340.jpg 510w, https:\/\/www.greenpeace.org\/static\/planet4-denmark-stateless\/2021\/08\/d0757f13-gettyimages-1234407019.jpg 1048w\"\n\t\t\t\t\t\tsizes=\"(min-width: 1000px) 358px, (min-width: 780px) 313px, 88px\"\n\t\t\t\t\t\talt=\"Klimaforandringer for\u00e5rsager brande\" title=\"Klimaforandringer for\u00e5rsager brande\"\n\t\t\t\t\/>\n            \t\t\t<div class=\"boxout-content\">\n\t\t\t\t\t\t\t\t\t<a\n\t\t\t\t\t\tclass=\"boxout-heading medium\"\n\t\t\t\t\t\tdata-ga-category=\"Take Action Boxout\"\n\t\t\t\t\t\tdata-ga-action=\"Title\"\n\t\t\t\t\t\tdata-ga-label=\"n\/a\"\n\t\t\t\t\t\thref=\"https:\/\/www.greenpeace.org\/denmark\/vaer-med\/klimakrise-er-her-nu\/\"\n\t\t\t\t\t\t\n\t\t\t\t\t>\n\t\t\t\t\t\tStop klimakrisen\n\t\t\t\t\t<\/a>\n\t\t\t\t\t\t\t\t\t\t\t\t\t<p class=\"boxout-excerpt\">Ny klimarapport afsl\u00f8rer, klimakrisen rammer os hurtigere og h\u00e5rdere, end hidtil troet. L\u00e6s mere om hvad der skal til for at bremse klimaforandringer.<\/p>\n\t\t\t\t                                    <a\n                        class=\"btn btn-primary\"\n                        data-ga-category=\"Take Action Boxout\"\n                        data-ga-action=\"Call to Action\"\n                        data-ga-label=\"n\/a\"\n                        href=\"https:\/\/www.greenpeace.org\/denmark\/vaer-med\/klimakrise-er-her-nu\/\"\n                        \n                    >\n                        V\u00e6r med\n                    <\/a>\n                \t\t\t<\/div>\n\t\t\t\t\t<\/section>\n\t","protected":false},"excerpt":{"rendered":"<p>&#8220;N\u00e5r coronakrisen aftager, kan vi v\u00e6lge at lime spr\u00e6kkerne sammen. Vi kan ogs\u00e5 v\u00e6lge at se ind i dem og m\u00e5ske f\u00e5 \u00f8je p\u00e5 glimt af en fremtid, hvor vores&hellip;<\/p>\n","protected":false},"author":78,"featured_media":5215,"comment_status":"open","ping_status":"open","sticky":false,"template":"","format":"standard","meta":{"ep_exclude_from_search":false,"p4_og_title":"","p4_og_description":"","p4_og_image":"","p4_og_image_id":"","p4_seo_canonical_url":"","p4_campaign_name":"not set","p4_local_project":"not set","p4_basket_name":"not set","p4_department":"","footnotes":""},"categories":[1],"tags":[25,21],"p4-page-type":[16],"class_list":["post-5214","post","type-post","status-publish","format-standard","has-post-thumbnail","hentry","category-klimaforandringer","tag-klimalosninger","tag-forbrug","p4-page-type-nyhed"],"_links":{"self":[{"href":"https:\/\/www.greenpeace.org\/denmark\/wp-json\/wp\/v2\/posts\/5214","targetHints":{"allow":["GET"]}}],"collection":[{"href":"https:\/\/www.greenpeace.org\/denmark\/wp-json\/wp\/v2\/posts"}],"about":[{"href":"https:\/\/www.greenpeace.org\/denmark\/wp-json\/wp\/v2\/types\/post"}],"author":[{"embeddable":true,"href":"https:\/\/www.greenpeace.org\/denmark\/wp-json\/wp\/v2\/users\/78"}],"replies":[{"embeddable":true,"href":"https:\/\/www.greenpeace.org\/denmark\/wp-json\/wp\/v2\/comments?post=5214"}],"version-history":[{"count":7,"href":"https:\/\/www.greenpeace.org\/denmark\/wp-json\/wp\/v2\/posts\/5214\/revisions"}],"predecessor-version":[{"id":55996,"href":"https:\/\/www.greenpeace.org\/denmark\/wp-json\/wp\/v2\/posts\/5214\/revisions\/55996"}],"wp:featuredmedia":[{"embeddable":true,"href":"https:\/\/www.greenpeace.org\/denmark\/wp-json\/wp\/v2\/media\/5215"}],"wp:attachment":[{"href":"https:\/\/www.greenpeace.org\/denmark\/wp-json\/wp\/v2\/media?parent=5214"}],"wp:term":[{"taxonomy":"category","embeddable":true,"href":"https:\/\/www.greenpeace.org\/denmark\/wp-json\/wp\/v2\/categories?post=5214"},{"taxonomy":"post_tag","embeddable":true,"href":"https:\/\/www.greenpeace.org\/denmark\/wp-json\/wp\/v2\/tags?post=5214"},{"taxonomy":"p4-page-type","embeddable":true,"href":"https:\/\/www.greenpeace.org\/denmark\/wp-json\/wp\/v2\/p4-page-type?post=5214"}],"curies":[{"name":"wp","href":"https:\/\/api.w.org\/{rel}","templated":true}]}}