{"id":52685,"date":"2022-11-17T15:01:31","date_gmt":"2022-11-17T14:01:31","guid":{"rendered":"https:\/\/www.greenpeace.org\/denmark\/?p=52685"},"modified":"2023-12-19T13:26:27","modified_gmt":"2023-12-19T12:26:27","slug":"hvorfor-gav-du-din-stemme-til-klimaet","status":"publish","type":"post","link":"https:\/\/www.greenpeace.org\/denmark\/nyhed\/klimaforandringer\/hvorfor-gav-du-din-stemme-til-klimaet\/","title":{"rendered":"Hvorfor gav du din stemme til klimaet?"},"content":{"rendered":"<div class=\"EmptyMessage\">Block content is empty. Check the block&#8217;s settings or remove it.<\/div>\n<p><strong>Skriv det i en kommentar herunder, s\u00e5 afleverer vi dit budskab til politikerne i det nye Folketing.<\/strong><\/p>\n\n<p>Vi har sat et drivhus op p\u00e5 Slotspladsen foran Christiansborg, mens regeringsforhandlingerne er i gang. Her inviterer vi politikerne indenfor for at forklare dem, hvad klimavidenskaben kr\u00e6ver, at de g\u00f8r nu.<\/p>\n\n<p>Vi skriver budskabet p\u00e5 en seddel, som vi h\u00e6nger op i drivhuset. Med din og mange andres beskeder vil vi minde dem om, at en stor del af dem nu kan tage plads i Folketingssalen, fordi de har lovet at tage klimakrisen seri\u00f8st. Nogle af budskaberne vil vi ogs\u00e5 dele p\u00e5 sociale medier.<\/p>\n\n<p>Beskriv med egne ord, hvorfor du har bedt om en regering, der vil sikre reelle reduktioner af drivhusgasser \u2013 ikke om 10 \u00e5r eller om 20 \u00e5r, men f\u00f8r n\u00e6ste valg.<\/p>\n\n<p><strong>Skriv dit budskab i kommentarfeltet. Start med \u201cJeg gav min stemme til klimaet, fordi \u2026 \u201d<\/strong><\/p>\n","protected":false},"excerpt":{"rendered":"<p>Beskriv med egne ord, hvorfor du har bedt om en regering, der vil sikre reelle reduktioner af drivhusgasser \u2013 ikke om 10 \u00e5r eller om 20 \u00e5r, men f\u00f8r n\u00e6ste valg.<\/p>\n","protected":false},"author":35,"featured_media":52720,"comment_status":"open","ping_status":"closed","sticky":false,"template":"","format":"standard","meta":{"ep_exclude_from_search":false,"p4_og_title":"","p4_og_description":"","p4_og_image":"","p4_og_image_id":"","p4_seo_canonical_url":"https:\/\/www.greenpeace.org\/denmark\/nyhed\/klimaforandringer\/hvorfor-gav-du-din-stemme-til-klimaet\/","p4_campaign_name":"not set","p4_local_project":"not set","p4_basket_name":"not set","p4_department":"","footnotes":""},"categories":[1],"tags":[30,25],"p4-page-type":[16],"class_list":["post-52685","post","type-post","status-publish","format-standard","has-post-thumbnail","hentry","category-klimaforandringer","tag-aktivisme","tag-klimalosninger","p4-page-type-nyhed"],"_links":{"self":[{"href":"https:\/\/www.greenpeace.org\/denmark\/wp-json\/wp\/v2\/posts\/52685","targetHints":{"allow":["GET"]}}],"collection":[{"href":"https:\/\/www.greenpeace.org\/denmark\/wp-json\/wp\/v2\/posts"}],"about":[{"href":"https:\/\/www.greenpeace.org\/denmark\/wp-json\/wp\/v2\/types\/post"}],"author":[{"embeddable":true,"href":"https:\/\/www.greenpeace.org\/denmark\/wp-json\/wp\/v2\/users\/35"}],"replies":[{"embeddable":true,"href":"https:\/\/www.greenpeace.org\/denmark\/wp-json\/wp\/v2\/comments?post=52685"}],"version-history":[{"count":16,"href":"https:\/\/www.greenpeace.org\/denmark\/wp-json\/wp\/v2\/posts\/52685\/revisions"}],"predecessor-version":[{"id":52773,"href":"https:\/\/www.greenpeace.org\/denmark\/wp-json\/wp\/v2\/posts\/52685\/revisions\/52773"}],"wp:featuredmedia":[{"embeddable":true,"href":"https:\/\/www.greenpeace.org\/denmark\/wp-json\/wp\/v2\/media\/52720"}],"wp:attachment":[{"href":"https:\/\/www.greenpeace.org\/denmark\/wp-json\/wp\/v2\/media?parent=52685"}],"wp:term":[{"taxonomy":"category","embeddable":true,"href":"https:\/\/www.greenpeace.org\/denmark\/wp-json\/wp\/v2\/categories?post=52685"},{"taxonomy":"post_tag","embeddable":true,"href":"https:\/\/www.greenpeace.org\/denmark\/wp-json\/wp\/v2\/tags?post=52685"},{"taxonomy":"p4-page-type","embeddable":true,"href":"https:\/\/www.greenpeace.org\/denmark\/wp-json\/wp\/v2\/p4-page-type?post=52685"}],"curies":[{"name":"wp","href":"https:\/\/api.w.org\/{rel}","templated":true}]}}