{"id":52725,"date":"2022-11-17T11:35:51","date_gmt":"2022-11-17T10:35:51","guid":{"rendered":"https:\/\/www.greenpeace.org\/denmark\/?p=52725"},"modified":"2023-12-19T13:26:36","modified_gmt":"2023-12-19T12:26:36","slug":"vi-kaemper-for-et-groent-regeringsgrundlag","status":"publish","type":"post","link":"https:\/\/www.greenpeace.org\/denmark\/nyhed\/klimaforandringer\/vi-kaemper-for-et-groent-regeringsgrundlag\/","title":{"rendered":"Vi k\u00e6mper for et gr\u00f8nt regeringsgrundlag"},"content":{"rendered":"\n<figure class=\"wp-block-image size-large\"><img loading=\"lazy\" decoding=\"async\" width=\"1024\" height=\"683\" src=\"https:\/\/www.greenpeace.org\/static\/planet4-denmark-stateless\/2022\/11\/20221116-IMG_4891-1024x683.jpg\" title=\"Vores gr\u00f8nne regeringsgrundlag\" alt=\"\" class=\"wp-image-52722\" srcset=\"https:\/\/www.greenpeace.org\/static\/planet4-denmark-stateless\/2022\/11\/20221116-IMG_4891-1024x683.jpg 1024w, https:\/\/www.greenpeace.org\/static\/planet4-denmark-stateless\/2022\/11\/20221116-IMG_4891-300x200.jpg 300w, https:\/\/www.greenpeace.org\/static\/planet4-denmark-stateless\/2022\/11\/20221116-IMG_4891-768x512.jpg 768w, https:\/\/www.greenpeace.org\/static\/planet4-denmark-stateless\/2022\/11\/20221116-IMG_4891-1536x1024.jpg 1536w, https:\/\/www.greenpeace.org\/static\/planet4-denmark-stateless\/2022\/11\/20221116-IMG_4891-2048x1366.jpg 2048w, https:\/\/www.greenpeace.org\/static\/planet4-denmark-stateless\/2022\/11\/20221116-IMG_4891-510x340.jpg 510w\" sizes=\"auto, (max-width: 1024px) 100vw, 1024px\" \/><\/figure>\n\n<p><strong>Fra i dag handler regeringsforhandlingerne om klima, og vi har derfor sammen med Den Gr\u00f8nne Ungdomsbev\u00e6gelse opstillet et drivhus p\u00e5 Christiansborg Slotsplads, hvorfra vi vil s\u00e6tte fokus p\u00e5 de klimaindsatser, det er allervigtigst, at Danmarks nye regering forpligter sig p\u00e5. L\u00e6s nederst, hvordan du kan v\u00e6re med til at k\u00e6mpe for et gr\u00f8nt regeringsgrundlag!<\/strong><\/p>\n\n<p>Det er afg\u00f8rende, at Danmarks nye regering ikke g\u00e5r p\u00e5 kompromis med videnskabens entydige krav om hurtig klimahandling. Det kan ikke l\u00e6ngere v\u00e6re til diskussion, at vi m\u00e5 og skal g\u00f8re alt, vi kan, for at nedbringe udledningerne i den kommende valgperiode og h\u00e6ve vores klimam\u00e5l, s\u00e5 de stemmer overens med det tilbagev\u00e6rende globale CO2\u2013budget. Det ansvar m\u00e5 Danmarks nye regering acceptere og tage p\u00e5 sig fra f\u00f8rste til sidste s\u00e6tning i regeringsgrundlaget. <\/p>\n\n<h2 class=\"wp-block-heading\">Et gr\u00f8nt regeringsgrundlag b\u00f8r indeholde 35 klimal\u00f8fter<\/h2>\n\n<p>Vi er tilstede p\u00e5 slotspladsen som repr\u00e6sentanter for de 50.000 danskere, der to dage f\u00f8r valget gik p\u00e5 gaden over hele landet under Folkets Klimamarch og endnu engang kr\u00e6vede, at Folketinget g\u00f8r det n\u00f8dvendige for vores klode.<\/p>\n\n<p>Med drivhuset \u00f8nsker vi b\u00e5de at g\u00f8re opm\u00e6rksom p\u00e5, at vi f\u00f8lger regeringsforhandlingerne t\u00e6t og at v\u00e6re en konstant fysisk p\u00e5mindelse om, at Danmarks nye regering kommer til at have magten i vores land i de afg\u00f8rende \u00e5r for kloden. De \u00e5r, hvor vi stadig kan n\u00e5 at sikre os en fremtid med et stabilt klima og en natur i trivsel. De \u00e5r, hvor klimavidenskaben siger, at vores udledninger m\u00e5 og skal falde drastisk.<br><br>Vi anerkender dog ogs\u00e5, at der venter politikerne en stor og sv\u00e6r opgave. Den opgave vil vi gerne v\u00e6re med til at l\u00f8se. Derfor har vi udstyret drivhuset med en tjekliste, som indeholder <a href=\"https:\/\/www.greenpeace.org\/static\/planet4-denmark-stateless\/2022\/11\/a519235f-groent-regeringsgrundlag-7.pdf\">vores bud p\u00e5<\/a>, hvad klimavidenskaben kr\u00e6ver af os i Danmark, og hvad et nyt gr\u00f8nt regeringsgrundlag derfor skal indeholde.<br><br><a href=\"https:\/\/www.greenpeace.org\/static\/planet4-denmark-stateless\/2022\/11\/a519235f-groent-regeringsgrundlag-7.pdf\">Tjeklisten<\/a> best\u00e5r af 35 punkter, men helt centralt st\u00e5r en akutpakke for klimaet, der skal sikre den n\u00f8dvendige her-og-nu handling og en opdatering af vores klimam\u00e5l. Den er underskrevet af i alt 8 gr\u00f8nne organisationer.<br><\/p>\n\n<figure class=\"wp-block-image size-large\"><img loading=\"lazy\" decoding=\"async\" width=\"1024\" height=\"683\" src=\"https:\/\/www.greenpeace.org\/static\/planet4-denmark-stateless\/2022\/11\/20221116-IMG_4868-1024x683.jpg\" title=\"Drivhus p\u00e5 Christiansborg Slotsplads\" alt=\"\" class=\"wp-image-52720\" srcset=\"https:\/\/www.greenpeace.org\/static\/planet4-denmark-stateless\/2022\/11\/20221116-IMG_4868-1024x683.jpg 1024w, https:\/\/www.greenpeace.org\/static\/planet4-denmark-stateless\/2022\/11\/20221116-IMG_4868-300x200.jpg 300w, https:\/\/www.greenpeace.org\/static\/planet4-denmark-stateless\/2022\/11\/20221116-IMG_4868-768x512.jpg 768w, https:\/\/www.greenpeace.org\/static\/planet4-denmark-stateless\/2022\/11\/20221116-IMG_4868-1536x1024.jpg 1536w, https:\/\/www.greenpeace.org\/static\/planet4-denmark-stateless\/2022\/11\/20221116-IMG_4868-2048x1366.jpg 2048w, https:\/\/www.greenpeace.org\/static\/planet4-denmark-stateless\/2022\/11\/20221116-IMG_4868-510x340.jpg 510w\" sizes=\"auto, (max-width: 1024px) 100vw, 1024px\" \/><\/figure>\n\n<h2 class=\"wp-block-heading\">Alle medlemmer af Folketinget er inviteret til m\u00f8de <\/h2>\n\n<p>Sammen med Den Gr\u00f8nne Ungdomsbev\u00e6gelse har vi sendt en personlig invitation til alle 179 medlemmer af det nye folketing om at komme til m\u00f8de i drivhuset for at tale om, hvordan de sikrer tilstr\u00e6kkelig klimahandling i den kommende valgperiode. <br><br>Derudover har vi en s\u00e6rlig invitation til det, vi h\u00e5ber og tror p\u00e5 bliver et historisk ambiti\u00f8st klimaflertal.<\/p>\n\n<p>Vi inviterer nemlig den kommende regering og dens parlamentariske grundlag til at tage plads i drivhuset, n\u00e5r de skal skrive regeringsgrundlagets gr\u00f8nne afsnit. Til at lade alle se med, n\u00e5r de sammen h\u00e6ver Danmarks ambitioner for hurtig, reel og resolut klimahandling til det niveau, klimakrisen kr\u00e6ver af os.<\/p>\n\n<figure class=\"wp-block-image size-large\"><img loading=\"lazy\" decoding=\"async\" width=\"1024\" height=\"683\" src=\"https:\/\/www.greenpeace.org\/static\/planet4-denmark-stateless\/2022\/11\/20221114-IMG_4788-1024x683.jpg\" alt=\"\" class=\"wp-image-52717\" srcset=\"https:\/\/www.greenpeace.org\/static\/planet4-denmark-stateless\/2022\/11\/20221114-IMG_4788-1024x683.jpg 1024w, https:\/\/www.greenpeace.org\/static\/planet4-denmark-stateless\/2022\/11\/20221114-IMG_4788-300x200.jpg 300w, https:\/\/www.greenpeace.org\/static\/planet4-denmark-stateless\/2022\/11\/20221114-IMG_4788-768x512.jpg 768w, https:\/\/www.greenpeace.org\/static\/planet4-denmark-stateless\/2022\/11\/20221114-IMG_4788-1536x1024.jpg 1536w, https:\/\/www.greenpeace.org\/static\/planet4-denmark-stateless\/2022\/11\/20221114-IMG_4788-2048x1366.jpg 2048w, https:\/\/www.greenpeace.org\/static\/planet4-denmark-stateless\/2022\/11\/20221114-IMG_4788-510x340.jpg 510w\" sizes=\"auto, (max-width: 1024px) 100vw, 1024px\" \/><figcaption class=\"wp-element-caption\">Carl Valentin fra Socialistisk Folkeparti var f\u00f8rste folketingsmedlem til at komme forbi drivhuset til en god snak.<\/figcaption><\/figure>\n\n<h2 class=\"wp-block-heading\">V\u00e6r med til at sikre et gr\u00f8nt regeringsgrundlag <\/h2>\n\n<p>Drivhuset kommer selvf\u00f8lgelig ikke til at ligge \u00f8de hen, mens det venter p\u00e5 at blive indtaget af klimaambiti\u00f8se politikere. Det vil l\u00f8bende danne rammen om en r\u00e6kke aktiviteter, og det vil hver dag v\u00e6re bemandet af klimaaktivister. Din stemme kan ogs\u00e5 blive repr\u00e6senteret i drivhuset. Klik <a href=\"https:\/\/www.greenpeace.org\/denmark\/vi-arbejder-med\/klima\/hvorfor-gav-du-din-stemme-til-klimaet\/\">her<\/a> og fort\u00e6l os, hvorfor du gav din stemme til klimaet, s\u00e5 afleverer vi dit budskab til politikerne i det nye Folketing. <\/p>\n<div class=\"EmptyMessage\">Block content is empty. Check the block&#8217;s settings or remove it.<\/div>","protected":false},"excerpt":{"rendered":"<p>K\u00f8benhavn, d. 17. november: I dag begynder forhandlingerne om klima og Greenpeace og Den Gr\u00f8nne Ungdomsbev\u00e6gelse har derfor opstillet et drivhus p\u00e5 Christiansborg Slotsplads, hvorfra de under regeringsforhandlingerne vil s\u00e6tte&hellip;<\/p>\n","protected":false},"author":35,"featured_media":52722,"comment_status":"open","ping_status":"closed","sticky":false,"template":"","format":"standard","meta":{"ep_exclude_from_search":false,"p4_og_title":"","p4_og_description":"","p4_og_image":"","p4_og_image_id":"","p4_seo_canonical_url":"","p4_campaign_name":"not set","p4_local_project":"not set","p4_basket_name":"not set","p4_department":"","footnotes":""},"categories":[1],"tags":[30,25],"p4-page-type":[16],"class_list":["post-52725","post","type-post","status-publish","format-standard","has-post-thumbnail","hentry","category-klimaforandringer","tag-aktivisme","tag-klimalosninger","p4-page-type-nyhed"],"_links":{"self":[{"href":"https:\/\/www.greenpeace.org\/denmark\/wp-json\/wp\/v2\/posts\/52725","targetHints":{"allow":["GET"]}}],"collection":[{"href":"https:\/\/www.greenpeace.org\/denmark\/wp-json\/wp\/v2\/posts"}],"about":[{"href":"https:\/\/www.greenpeace.org\/denmark\/wp-json\/wp\/v2\/types\/post"}],"author":[{"embeddable":true,"href":"https:\/\/www.greenpeace.org\/denmark\/wp-json\/wp\/v2\/users\/35"}],"replies":[{"embeddable":true,"href":"https:\/\/www.greenpeace.org\/denmark\/wp-json\/wp\/v2\/comments?post=52725"}],"version-history":[{"count":7,"href":"https:\/\/www.greenpeace.org\/denmark\/wp-json\/wp\/v2\/posts\/52725\/revisions"}],"predecessor-version":[{"id":59467,"href":"https:\/\/www.greenpeace.org\/denmark\/wp-json\/wp\/v2\/posts\/52725\/revisions\/59467"}],"wp:featuredmedia":[{"embeddable":true,"href":"https:\/\/www.greenpeace.org\/denmark\/wp-json\/wp\/v2\/media\/52722"}],"wp:attachment":[{"href":"https:\/\/www.greenpeace.org\/denmark\/wp-json\/wp\/v2\/media?parent=52725"}],"wp:term":[{"taxonomy":"category","embeddable":true,"href":"https:\/\/www.greenpeace.org\/denmark\/wp-json\/wp\/v2\/categories?post=52725"},{"taxonomy":"post_tag","embeddable":true,"href":"https:\/\/www.greenpeace.org\/denmark\/wp-json\/wp\/v2\/tags?post=52725"},{"taxonomy":"p4-page-type","embeddable":true,"href":"https:\/\/www.greenpeace.org\/denmark\/wp-json\/wp\/v2\/p4-page-type?post=52725"}],"curies":[{"name":"wp","href":"https:\/\/api.w.org\/{rel}","templated":true}]}}