{"id":52813,"date":"2022-11-25T16:08:28","date_gmt":"2022-11-25T15:08:28","guid":{"rendered":"https:\/\/www.greenpeace.org\/denmark\/?p=52813"},"modified":"2025-08-07T16:01:41","modified_gmt":"2025-08-07T14:01:41","slug":"stop-overforbrug-beskyt-planeten","status":"publish","type":"post","link":"https:\/\/www.greenpeace.org\/denmark\/nyhed\/klimaforandringer\/stop-overforbrug-beskyt-planeten\/","title":{"rendered":"Stop overforbrug. Beskyt planeten."},"content":{"rendered":"\n<p><strong>Vi st\u00e5r lige foran den tid p\u00e5 \u00e5ret, hvor der bliver k\u00f8bt og forbrugt allermest. <\/strong>I dag er det Black Friday, hele ugen har den st\u00e5et p\u00e5 Black Week og p\u00e5 mandag er det Cyber Monday. Vi bliver bombarderet med tilbud, besparelser og to-for-ens-pris, og samtidig st\u00e5r julens gaver\u00e6s for d\u00f8ren.<\/p>\n\n<p><strong>Black Friday-kampagnerne og juletilbuddene m\u00e5 ikke overd\u00f8ve planetens r\u00e5b om hj\u00e6lp.<\/strong> Det st\u00e5r stadig mere klart, hvor meget planeten lider under overforbruget og virksomheders villighed til at udnytte jordens ressourcer for kortsigtet profit. Blandt andet har vi lige haft en historisk hed sommer og den fjerde varmeste oktober i Danmark i 148 \u00e5r.<\/p>\n\n<p>Klimavidenskaben siger, at vores udledninger m\u00e5 og skal falde drastisk. Lad os sammen sige nej tak til forbrugerr\u00e6set.<\/p>\n\n<figure class=\"wp-block-image size-large\"><img loading=\"lazy\" decoding=\"async\" width=\"1024\" height=\"538\" src=\"https:\/\/www.greenpeace.org\/static\/planet4-denmark-stateless\/2022\/11\/2b2558e1-copy-of-ingen-black-friday-paa-en-dod-planet-1024x538.png\" title=\"Stop overforbrug.\" alt=\"\" class=\"wp-image-52811\" srcset=\"https:\/\/www.greenpeace.org\/static\/planet4-denmark-stateless\/2022\/11\/2b2558e1-copy-of-ingen-black-friday-paa-en-dod-planet-1024x538.png 1024w, https:\/\/www.greenpeace.org\/static\/planet4-denmark-stateless\/2022\/11\/2b2558e1-copy-of-ingen-black-friday-paa-en-dod-planet-300x158.png 300w, https:\/\/www.greenpeace.org\/static\/planet4-denmark-stateless\/2022\/11\/2b2558e1-copy-of-ingen-black-friday-paa-en-dod-planet-768x403.png 768w, https:\/\/www.greenpeace.org\/static\/planet4-denmark-stateless\/2022\/11\/2b2558e1-copy-of-ingen-black-friday-paa-en-dod-planet-510x268.png 510w, https:\/\/www.greenpeace.org\/static\/planet4-denmark-stateless\/2022\/11\/2b2558e1-copy-of-ingen-black-friday-paa-en-dod-planet.png 1200w\" sizes=\"auto, (max-width: 1024px) 100vw, 1024px\" \/><\/figure>\n\n<p>Den s\u00e5kaldte Earth Overshoot Day for kloden i \u00e5r faldt d. 28 juli&nbsp; &#8211; dagen, hvor vi har opbrugt alle planetens ressourcer for hele \u00e5ret, og hvorfra alt videre forbrug i \u00e5r er overforbrug. Danmarks Overshoot Day faldt i \u00e5r allerede d. 28. marts. Og hvis hele verden levede, som vi g\u00f8r i Danmark, er der brug for 4,2 jordkloder.<\/p>\n\n<p><strong>Planeten har virkelig brug for os nu, og jeg h\u00e5ber, du vil v\u00e6re med til at skrive b\u00e6redygtighed p\u00e5 \u00f8nskelisten i \u00e5r.<\/strong> I n\u00e6ste uge lancerer vi dette \u00e5rs julekampagne, hvor du har mulighed for at bestille et fint gavekort fra Greenpeace i fysisk eller online version og give til dig selv eller gl\u00e6de \u00e9n, du holder af &#8211; og planeten. Se kortene <a href=\"https:\/\/stoet.greenpeace.org\/julegave\/~min-donation\" target=\"_blank\" rel=\"noreferrer noopener\">her.<\/a><\/p>\n<div class=\"EmptyMessage\">Block content is empty. Check the block&#8217;s settings or remove it.<\/div>\n<p>Lad os bruge dette \u00e5rs Black Friday til at vise virksomhederne, at vi ikke vil lade dem \u00f8del\u00e6gge planeten for kortsigtet profit. Og lad os bruge denne jul til at give vores n\u00e6re, vores planet og alle dens beboere en smuk julegave &#8211; h\u00e5bet om en gr\u00f8nnere fremtid.<\/p>\n\n<p><\/p>\n","protected":false},"excerpt":{"rendered":"<p>Black Friday-kampagnerne og juletilbuddene m\u00e5 ikke overd\u00f8ve planetens r\u00e5b om hj\u00e6lp. <\/p>\n","protected":false},"author":26,"featured_media":52811,"comment_status":"open","ping_status":"closed","sticky":false,"template":"","format":"standard","meta":{"ep_exclude_from_search":false,"p4_og_title":"","p4_og_description":"","p4_og_image":"","p4_og_image_id":"","p4_seo_canonical_url":"","p4_campaign_name":"not set","p4_local_project":"not set","p4_basket_name":"not set","p4_department":"","footnotes":""},"categories":[1],"tags":[21,24],"p4-page-type":[16],"class_list":["post-52813","post","type-post","status-publish","format-standard","has-post-thumbnail","hentry","category-klimaforandringer","tag-forbrug","tag-klima","p4-page-type-nyhed"],"_links":{"self":[{"href":"https:\/\/www.greenpeace.org\/denmark\/wp-json\/wp\/v2\/posts\/52813","targetHints":{"allow":["GET"]}}],"collection":[{"href":"https:\/\/www.greenpeace.org\/denmark\/wp-json\/wp\/v2\/posts"}],"about":[{"href":"https:\/\/www.greenpeace.org\/denmark\/wp-json\/wp\/v2\/types\/post"}],"author":[{"embeddable":true,"href":"https:\/\/www.greenpeace.org\/denmark\/wp-json\/wp\/v2\/users\/26"}],"replies":[{"embeddable":true,"href":"https:\/\/www.greenpeace.org\/denmark\/wp-json\/wp\/v2\/comments?post=52813"}],"version-history":[{"count":7,"href":"https:\/\/www.greenpeace.org\/denmark\/wp-json\/wp\/v2\/posts\/52813\/revisions"}],"predecessor-version":[{"id":66091,"href":"https:\/\/www.greenpeace.org\/denmark\/wp-json\/wp\/v2\/posts\/52813\/revisions\/66091"}],"wp:featuredmedia":[{"embeddable":true,"href":"https:\/\/www.greenpeace.org\/denmark\/wp-json\/wp\/v2\/media\/52811"}],"wp:attachment":[{"href":"https:\/\/www.greenpeace.org\/denmark\/wp-json\/wp\/v2\/media?parent=52813"}],"wp:term":[{"taxonomy":"category","embeddable":true,"href":"https:\/\/www.greenpeace.org\/denmark\/wp-json\/wp\/v2\/categories?post=52813"},{"taxonomy":"post_tag","embeddable":true,"href":"https:\/\/www.greenpeace.org\/denmark\/wp-json\/wp\/v2\/tags?post=52813"},{"taxonomy":"p4-page-type","embeddable":true,"href":"https:\/\/www.greenpeace.org\/denmark\/wp-json\/wp\/v2\/p4-page-type?post=52813"}],"curies":[{"name":"wp","href":"https:\/\/api.w.org\/{rel}","templated":true}]}}