{"id":5404,"date":"2020-04-23T08:45:52","date_gmt":"2020-04-23T06:45:52","guid":{"rendered":"https:\/\/www.greenpeace.org\/denmark\/?p=5404"},"modified":"2023-11-24T10:38:58","modified_gmt":"2023-11-24T09:38:58","slug":"forskeres-choktal-for-sojafoder-kalder-paa-faerre-danske-svin-og-koeer","status":"publish","type":"post","link":"https:\/\/www.greenpeace.org\/denmark\/pressemeddelelse\/landbrug\/forskeres-choktal-for-sojafoder-kalder-paa-faerre-danske-svin-og-koeer\/","title":{"rendered":"Forskeres choktal for sojafoder kalder p\u00e5 f\u00e6rre danske svin og k\u00f8er"},"content":{"rendered":"\n<p>IFRO p\u00e5 K\u00f8benhavns Universitet har&nbsp;<a rel=\"noreferrer noopener\" href=\"http:\/\/link.mediaoutreach.meltwater.com\/ls\/click?upn=Cy2nBLYM7ZKqmbukR8vXkU8gy-2BmNyNVsM0i0pc8G1azVNtNGLZP78xSvaHj-2F9zJN6-2Fn-2B4erJwqs-2BwP1pIZolyNV8WKY6elGGXsoHMLieepGQZK7o3RLa6a8-2Fs-2F7SCoRM8rcR_XXrTQUPA28uGnj66LwnLXgHDm02Gqf7Q-2FxjNASUvJx4R1Guh-2FwMP9kIgqVO-2FV6B-2FZT6sWq0VC3FlM8YhxuGurMoVQI8oY1AmDExsTbgviJMl1jo1xMV3ZSigmaEmgecpO7o0JZ0mEAMjuu-2BW-2FmPuNT4qRnes-2BCVkrcwNiHE-2BqlKqHSjp4XjioDjDM8cKgnC1SyDtshDsZhLUqGIKD7L0I99NIg-2FSM-2FJnCWXNR-2FneVE3O-2FZh3YAK6o8fyccOoJW94CR4aa-2FwzvnGMW5e7wfCO6hHMyMkyZsIBn0HrFtfGtZjwbxbnPcGYLW8Ex-2BtULASEw87HVyloRrMcP1DLYuqLVApZQ-2FwGFPrwXfFh-2Fzp4d3fo0tpiUvj-2F3xu5ytfD30eXg-2B3yHpKm5fIbeekev4mW-2Bmi48U4wyaaWO59tl7VdBeU-3D\" target=\"_blank\">offentliggjort <\/a>nye&nbsp;tal om drivhusgasudslippet for den danske importer soja.&nbsp;<\/p>\n\n<p><em><strong>Klima- og milj\u00f8politisk leder Helene Hagel, Greenpeace (tlf: 26 11 39 51) siger:<\/strong><\/em><br>\u201cDet er er rent ud sagt choktal, som understreger, at vi producerer alt for meget k\u00f8d i Danmark.\u201d<br><br>\u201cMan kan ikke have s\u00e5 stor en k\u00f8d- og mejeriproduktion, uden det tr\u00e6kker dybe spor af \u00f8del\u00e6ggelse med sig. Vores alt for mange svin og k\u00f8er har gjort os afh\u00e6ngig af soja, der skader klimaet og for\u00e5rsager skovrydning i blandt andet Brasilien og Argentina.\u201d<br><br>\u201cVi skal som minimum selv kunne fodre de dyr, vi \u00f8nsker at producere. Men den animalske produktion er samtidig alt for h\u00f8j, hvis vi skal leve op til vores klimam\u00e5l og have chancen for at skabe plads til mere skov og natur herhjemme.\u201d<br><br>\u201cDer er muligheder inden for udvikling af proteinfoder til at erstatte den importerede soja, som b\u00e5de for\u00e5rsager natur\u00f8del\u00e6ggelse, truer oprindelige folks sundhed og sikkerhed og alts\u00e5 skader klimaet massivt. Hvis man samtidig omstiller den danske produktion i retning af f\u00e6rre svin og k\u00f8er, \u00f8ger vi chancen gevaldigt for at indfri de danske klimam\u00e5l og kan samtidig spare en masse plads til natur og CO2-absorberende skov.\u201d<br><br><em>Klima- og energir\u00e5dgiver Tarjei Haaland er desuden til r\u00e5dighed for tekniske sp\u00f8rgsm\u00e5l p\u00e5 klimagasudledningerne og\/eller kommentarer p\u00e5 28 10 90 53.<\/em><\/p>\n\n<p><strong>Noter:<\/strong><br>Udledningen af drivhusgasser fra import af soja til foder var i 2016: 1,6-4,2 mio. tons CO2-\u00e6kv (3) &#8211; dette if\u00f8lge tidligere udmeldinger. S\u00e5 det nye tal inklusive ILUC p\u00e5 6,17 mio. tons skal ogs\u00e5 ses i forhold til tidligere op til 4,2 mio. tons. Landbrugets udslip i 2017 var 10,8 mio. tons uden lulucf &#8211; og 15,2 mio. tons CO2\u00e6kv med lulucf.<br><br>Det nu udmeldte tal p\u00e5 6,17 mio. tons er en stigning p\u00e5 47% i forhold til de 4,2, som er det h\u00f8jeste, der tidligere er udmeldt. Det er 57% mere end 10,8 og 40,5% mere end 15,2 mio. tons.<br><br>Danmark producerer i alt godt 32 mio. slagtesvin og levende sm\u00e5grise \u00e5rligt. Soja til foder kommer bl.a. fra Brasilien (44%), Argentina (31%), Paraguay (4,5%), Uruguay (3,5%).<\/p>\n","protected":false},"excerpt":{"rendered":"<p>IFRO p\u00e5 K\u00f8benhavns Universitet har\u00a0offentliggjort nye\u00a0tal om drivhusgasudslippet for den danske importer soja.\u00a0 Klima- og milj\u00f8politisk leder Helene Hagel, Greenpeace (tlf: 26 11 39 51) siger:\u201cDet er er rent ud&hellip;<\/p>\n","protected":false},"author":21,"featured_media":5405,"comment_status":"open","ping_status":"open","sticky":false,"template":"","format":"standard","meta":{"ep_exclude_from_search":false,"p4_og_title":"","p4_og_description":"","p4_og_image":"","p4_og_image_id":"","p4_seo_canonical_url":"","p4_campaign_name":"not set","p4_local_project":"not set","p4_basket_name":"not set","p4_department":"","footnotes":""},"categories":[3],"tags":[26,28,24,64],"p4-page-type":[14],"class_list":["post-5404","post","type-post","status-publish","format-standard","has-post-thumbnail","hentry","category-landbrug","tag-koedproduktion","tag-skovrydning","tag-klima","tag-soja","p4-page-type-pressemeddelelse"],"_links":{"self":[{"href":"https:\/\/www.greenpeace.org\/denmark\/wp-json\/wp\/v2\/posts\/5404","targetHints":{"allow":["GET"]}}],"collection":[{"href":"https:\/\/www.greenpeace.org\/denmark\/wp-json\/wp\/v2\/posts"}],"about":[{"href":"https:\/\/www.greenpeace.org\/denmark\/wp-json\/wp\/v2\/types\/post"}],"author":[{"embeddable":true,"href":"https:\/\/www.greenpeace.org\/denmark\/wp-json\/wp\/v2\/users\/21"}],"replies":[{"embeddable":true,"href":"https:\/\/www.greenpeace.org\/denmark\/wp-json\/wp\/v2\/comments?post=5404"}],"version-history":[{"count":4,"href":"https:\/\/www.greenpeace.org\/denmark\/wp-json\/wp\/v2\/posts\/5404\/revisions"}],"predecessor-version":[{"id":58705,"href":"https:\/\/www.greenpeace.org\/denmark\/wp-json\/wp\/v2\/posts\/5404\/revisions\/58705"}],"wp:featuredmedia":[{"embeddable":true,"href":"https:\/\/www.greenpeace.org\/denmark\/wp-json\/wp\/v2\/media\/5405"}],"wp:attachment":[{"href":"https:\/\/www.greenpeace.org\/denmark\/wp-json\/wp\/v2\/media?parent=5404"}],"wp:term":[{"taxonomy":"category","embeddable":true,"href":"https:\/\/www.greenpeace.org\/denmark\/wp-json\/wp\/v2\/categories?post=5404"},{"taxonomy":"post_tag","embeddable":true,"href":"https:\/\/www.greenpeace.org\/denmark\/wp-json\/wp\/v2\/tags?post=5404"},{"taxonomy":"p4-page-type","embeddable":true,"href":"https:\/\/www.greenpeace.org\/denmark\/wp-json\/wp\/v2\/p4-page-type?post=5404"}],"curies":[{"name":"wp","href":"https:\/\/api.w.org\/{rel}","templated":true}]}}