{"id":54552,"date":"2023-01-18T16:43:01","date_gmt":"2023-01-18T15:43:01","guid":{"rendered":"https:\/\/www.greenpeace.org\/denmark\/?p=54552"},"modified":"2023-06-13T09:47:56","modified_gmt":"2023-06-13T07:47:56","slug":"briefing-atomkraft-nej-tak","status":"publish","type":"post","link":"https:\/\/www.greenpeace.org\/denmark\/udgivelse\/klimaforandringer\/briefing-atomkraft-nej-tak\/","title":{"rendered":"Briefing: atomkraft &#8211; nej tak"},"content":{"rendered":"\n<p><em>Opdatering 13. juni 2023: briefingen findes nu i en opdateret version 2.<\/em><\/p>\n\n<p>Hvad er status for atomkraft i dag, og er teknologien en attraktiv l\u00f8sning i den n\u00e6rmeste eller lidt fjernere fremtid her i Danmark?<\/p>\n\n<p>Det korte svar er: Atomkraft er ikke et seri\u00f8st alternativ i Danmark. M\u00e5ske kan atomkraft blive et acceptabelt bud l\u00e6ngere ude i fremtiden, men det afh\u00e6nger af udfaldet p\u00e5 en lang r\u00e6kke forskellige udfordringer.<\/p>\n\n<p>I denne briefing argumenterer Greenpeace for, hvorfor opf\u00f8relsen af ny atomkraft ikke er en l\u00f8sning, der kan levere et relevant bidrag til omstillingen v\u00e6k fra fossile br\u00e6ndsler inden 2030 og formodentlig heller ikke frem mod 2040:<\/p>\n\n<ul class=\"wp-block-list\">\n<li>Sammenlignet med vind- og solenergi er det i grove tr\u00e6k dobbelt s\u00e5 dyrt at opf\u00f8re ny atomkraft i Danmark. Sammenlignet med atomkraft i Vesteuropa kan dansk havvind opf\u00f8res til 60 pct. af prisen og landm\u00f8ller og solcelleparker til 50 pct. eller mindre. En prisforskel der forventes at \u00f8ges yderligere de kommende \u00e5r.<\/li>\n<\/ul>\n\n<ul class=\"wp-block-list\">\n<li>Vi kan ikke n\u00e5 at bygge atomkraft i det tempo, der er behov for. Selv hvis Danmark besluttede sig for at etablere atomkraft i dag, s\u00e5 vil det formodentlig ikke st\u00e5 f\u00e6rdigt de f\u00f8rste 15-20 \u00e5r. <\/li>\n<\/ul>\n\n<ul class=\"wp-block-list\">\n<li>Nyere v\u00e6rker har i dag bedre sikkerhed end de \u00e6ldre generationer af atomkraft. Sandsynligheden for ulykker er blevet mindre, men konsekvenserne kan i v\u00e6rste fald fortsat blive katastrofale.<\/li>\n<\/ul>\n\n<ul class=\"wp-block-list\">\n<li>Slutdeponering af det radioaktive affald er fortsat et ul\u00f8st problem. H\u00f8jradioaktivt affald i form af udbr\u00e6ndt uranbr\u00e6ndsel fra nuv\u00e6rende og tidligere atomkraftv\u00e6rker er farligt p\u00e5 grund af str\u00e5ling fra plutonium og andre radioaktive stoffer. Derfor skal det opbevares i hundredetusinder af \u00e5r under ekstremt sikre forhold. Det er fundamentalt ub\u00e6redygtigt.<\/li>\n<\/ul>\n\n<ul class=\"wp-block-list\">\n<li>Historisk set har den civile atomindustri og udbredelsen af atomv\u00e5ben v\u00e6ret t\u00e6t forbundet. P\u00e5 berigningsanl\u00e6g og oparbejdningsanl\u00e6g kan der produceres h\u00f8jt beriget uran og plutonium egnet til atomv\u00e5ben. Det g\u00e6lder b\u00e5de i vesten, og lande som Pakistan, Indien, Iran og Nordkorea.<\/li>\n<\/ul>\n\n<ul class=\"wp-block-list\">\n<li>Vi finder ingen overbevisende dokumentation for, at atomkraft er n\u00f8dvendigt eller attraktivt i Danmark p\u00e5 grund af sol- og vindenergis vejrafh\u00e6ngighed. Atomkraft kan i sig selv have et stort behov for backup og er afh\u00e6ngig af et system af alternative energikilder til spids- og reservebelastning. <\/li>\n<\/ul>\n\n<ul class=\"wp-block-list\">\n<li>Der er ikke noget, der tilsiger, at nuv\u00e6rende atomkraftteknologi giver en \u00f8get energiuafh\u00e6ngighed eller styrker forsyningssikkerheden. Ud af de 31 atomreaktorer, der er begyndt at blive opf\u00f8rt rundt omkring i verden siden 2017, er det kun fire, der ikke er af russisk eller kinesisk design. Derudover sidder russiske selskaber p\u00e5 en stor andel af produktionen af uranbr\u00e6ndsel.<\/li>\n<\/ul>\n\n<div data-wp-interactive=\"core\/file\" class=\"wp-block-file aligncenter\"><object data-wp-bind--hidden=\"!state.hasPdfPreview\" hidden class=\"wp-block-file__embed\" data=\"https:\/\/www.greenpeace.org\/static\/planet4-denmark-stateless\/2023\/06\/f306fb8f-briefing-atomkraft-nej-tak-greenpeace.pdf\" type=\"application\/pdf\" style=\"width:100%;height:600px\" aria-label=\"Embed f306fb8f-briefing-atomkraft-nej-tak-greenpeace.\"><\/object><a id=\"wp-block-file--media-7416dc2d-802a-493d-bf4d-7e81e12b641f\" href=\"https:\/\/www.greenpeace.org\/static\/planet4-denmark-stateless\/2023\/06\/f306fb8f-briefing-atomkraft-nej-tak-greenpeace.pdf\" target=\"_blank\" rel=\"noreferrer noopener\">f306fb8f-briefing-atomkraft-nej-tak-greenpeace<\/a><a href=\"https:\/\/www.greenpeace.org\/static\/planet4-denmark-stateless\/2023\/06\/f306fb8f-briefing-atomkraft-nej-tak-greenpeace.pdf\" class=\"wp-block-file__button wp-element-button\" download aria-describedby=\"wp-block-file--media-7416dc2d-802a-493d-bf4d-7e81e12b641f\"><\/a><\/div>\n","protected":false},"excerpt":{"rendered":"<p>Hvad er status for atomkraft i dag, og er teknologien en attraktiv l\u00f8sning i den n\u00e6rmeste eller lidt fjernere fremtid her i Danmark?<\/p>\n","protected":false},"author":27,"featured_media":54938,"comment_status":"closed","ping_status":"closed","sticky":false,"template":"","format":"standard","meta":{"ep_exclude_from_search":false,"p4_og_title":"","p4_og_description":"","p4_og_image":"","p4_og_image_id":"","p4_seo_canonical_url":"","p4_campaign_name":"not set","p4_local_project":"not set","p4_basket_name":"not set","p4_department":"","footnotes":""},"categories":[1],"tags":[63],"p4-page-type":[15],"class_list":["post-54552","post","type-post","status-publish","format-standard","has-post-thumbnail","hentry","category-klimaforandringer","tag-atomkraftnejtak","p4-page-type-udgivelse"],"_links":{"self":[{"href":"https:\/\/www.greenpeace.org\/denmark\/wp-json\/wp\/v2\/posts\/54552","targetHints":{"allow":["GET"]}}],"collection":[{"href":"https:\/\/www.greenpeace.org\/denmark\/wp-json\/wp\/v2\/posts"}],"about":[{"href":"https:\/\/www.greenpeace.org\/denmark\/wp-json\/wp\/v2\/types\/post"}],"author":[{"embeddable":true,"href":"https:\/\/www.greenpeace.org\/denmark\/wp-json\/wp\/v2\/users\/27"}],"replies":[{"embeddable":true,"href":"https:\/\/www.greenpeace.org\/denmark\/wp-json\/wp\/v2\/comments?post=54552"}],"version-history":[{"count":10,"href":"https:\/\/www.greenpeace.org\/denmark\/wp-json\/wp\/v2\/posts\/54552\/revisions"}],"predecessor-version":[{"id":56518,"href":"https:\/\/www.greenpeace.org\/denmark\/wp-json\/wp\/v2\/posts\/54552\/revisions\/56518"}],"wp:featuredmedia":[{"embeddable":true,"href":"https:\/\/www.greenpeace.org\/denmark\/wp-json\/wp\/v2\/media\/54938"}],"wp:attachment":[{"href":"https:\/\/www.greenpeace.org\/denmark\/wp-json\/wp\/v2\/media?parent=54552"}],"wp:term":[{"taxonomy":"category","embeddable":true,"href":"https:\/\/www.greenpeace.org\/denmark\/wp-json\/wp\/v2\/categories?post=54552"},{"taxonomy":"post_tag","embeddable":true,"href":"https:\/\/www.greenpeace.org\/denmark\/wp-json\/wp\/v2\/tags?post=54552"},{"taxonomy":"p4-page-type","embeddable":true,"href":"https:\/\/www.greenpeace.org\/denmark\/wp-json\/wp\/v2\/p4-page-type?post=54552"}],"curies":[{"name":"wp","href":"https:\/\/api.w.org\/{rel}","templated":true}]}}