{"id":55510,"date":"2023-03-09T11:07:27","date_gmt":"2023-03-09T10:07:27","guid":{"rendered":"https:\/\/www.greenpeace.org\/denmark\/?p=55510"},"modified":"2023-12-19T12:55:12","modified_gmt":"2023-12-19T11:55:12","slug":"historisk-sejr-for-verdenshavene","status":"publish","type":"post","link":"https:\/\/www.greenpeace.org\/denmark\/nyhed\/natur\/historisk-sejr-for-verdenshavene\/","title":{"rendered":"Historisk sejr for verdenshavene"},"content":{"rendered":"\n<p><strong>De store oceaner med alt hvad de indeholder af hvaler, skildpadder, \u00e5l og s\u00e6rlige leveomr\u00e5der har efter mange \u00e5rs FN-forhandlinger endelig f\u00e5et deres egen \u201cParis-aftale\u201d. En k\u00e6mpe sejr for Greenpeace og den globale biodiversitet.&nbsp;<\/strong><\/p>\n\n<figure class=\"wp-block-image size-full  caption-alignment-left\"><img loading=\"lazy\" decoding=\"async\" width=\"800\" height=\"533\" src=\"https:\/\/www.greenpeace.org\/static\/planet4-denmark-stateless\/2023\/03\/08f75cb7-havtraktat.jpg\" title=\"Greenpeace projektion til FN-forhandlinger om havtraktat i 2022\" alt=\"\" class=\"wp-image-55512\" srcset=\"https:\/\/www.greenpeace.org\/static\/planet4-denmark-stateless\/2023\/03\/08f75cb7-havtraktat.jpg 800w, https:\/\/www.greenpeace.org\/static\/planet4-denmark-stateless\/2023\/03\/08f75cb7-havtraktat-300x200.jpg 300w, https:\/\/www.greenpeace.org\/static\/planet4-denmark-stateless\/2023\/03\/08f75cb7-havtraktat-768x512.jpg 768w, https:\/\/www.greenpeace.org\/static\/planet4-denmark-stateless\/2023\/03\/08f75cb7-havtraktat-510x340.jpg 510w\" sizes=\"auto, (max-width: 800px) 100vw, 800px\" \/><figcaption class=\"wp-element-caption\">Greenpeace har i \u00e5rtier arbejdet for at f\u00e5 en verdensomsp\u00e6ndende havtraktat. Under den forrige forhandlingsrunde i 2022 projekterede vi denne besked til FN-landene p\u00e5 Brooklyn Bridge i New York. \u00a9 POW \/ Greenpeace<\/figcaption><\/figure>\n\n<p>Greenpeace har i \u00e5rtier st\u00e5et i front i kampen for at beskytte verdenshavene. Nu har vi sammen skabt en milep\u00e6l, der skal give ro og \u00e5ndehuller til havets planter og dyrearter.&nbsp;<\/p>\n\n<p>Efter mere end ti \u00e5rs forhandlinger er FN-landene endelig blevet enige om en havtraktat, som fra 2030 skal beskytte biodiversiteten i mindst 30 procent af verdenshavene. Hidtil har kun v\u00e6ret 1 procent v\u00e6ret beskyttet.<\/p>\n\n<p>Vi er ikke i m\u00e5l, men resultatet skriver sig ind i den store politiske historiebog. Intet mindre.&nbsp;<\/p>\n\n<p>\u201dDet er k\u00e6mpestort. Det er en slags Paris-aftale for verdenshavene. 70 procent af alt liv findes i vores have, og vi har indtil nu ikke haft regler, som har beskyttet de st\u00f8rste omr\u00e5der,\u201d siger kampagnechef i Greenpeace, Sune Scheller.<\/p>\n\n<figure class=\"wp-block-embed is-type-rich is-provider-twitter wp-block-embed-twitter\"><div class=\"wp-block-embed__wrapper\">\n<blockquote class=\"twitter-tweet\" data-width=\"500\" data-dnt=\"true\"><p lang=\"da\" dir=\"ltr\">Verden har f\u00e5et en Parisaftale for havene.<br><br>\u201cVi har en m\u00e5ls\u00e6tning om at beskytte mindst 30% af verdenshavene inden 2030. I g\u00e5r havde vi ikke v\u00e6rkt\u00f8jet. Det har vi f\u00e5et i dag. Det er enormt vigtigt, og det det er historisk,\u201d siger <a href=\"https:\/\/twitter.com\/sscheller?ref_src=twsrc%5Etfw\">@sscheller<\/a> i <a href=\"https:\/\/twitter.com\/tv2_news?ref_src=twsrc%5Etfw\">@tv2_news<\/a> <a href=\"https:\/\/twitter.com\/hashtag\/dkgreen?src=hash&amp;ref_src=twsrc%5Etfw\">#dkgreen<\/a> <a href=\"https:\/\/twitter.com\/hashtag\/dkpol?src=hash&amp;ref_src=twsrc%5Etfw\">#dkpol<\/a> <a href=\"https:\/\/t.co\/00e7o9U7un\">pic.twitter.com\/00e7o9U7un<\/a><\/p>&mdash; Greenpeace i Danmark (@greenpeacedk) <a href=\"https:\/\/twitter.com\/greenpeacedk\/status\/1632360936987033602?ref_src=twsrc%5Etfw\">March 5, 2023<\/a><\/blockquote><script async src=\"https:\/\/platform.twitter.com\/widgets.js\" charset=\"utf-8\"><\/script>\n<\/div><\/figure>\n\n<h2 class=\"wp-block-heading\"><strong>Det er ikke for sent<\/strong><\/h2>\n\n<p>Aftalen handler blandt andet om at udpege beskyttede omr\u00e5der, hvor man kan begr\u00e6nse skibsfart, dybhavsminedrift eller fiskeri. For i mods\u00e6tning til i de nationale farvande omkring kysterne, hvor det er de enkelte landes lovgivning, der skal beskytte mod f.eks. overfiskeri, s\u00e5 er der lige nu meget f\u00e5 regler, der beskytter biodiversiteten i internationalt farvand. S\u00e5 det er p\u00e5 h\u00f8je tid, at vi handler.<\/p>\n\n<p>\u201dVi har jo i h\u00f8j grad udt\u00f8mt store dele af vores kystn\u00e6re farvande, og vi ser nu en fiskeriindustri, som rykker mod verdenshavene \u2013 l\u00e6ngere og l\u00e6ngere ud,\u201d siger Sune Scheller.<\/p>\n\n<p>Men den gode nyhed er, at selvom verdenshavene er under et stort pres, s\u00e5 har vi stadig mulighed for at g\u00f8re noget, inden det er alt for sent:<\/p>\n\n<p>\u201dLyspunktet er, at selvom vi er begyndt at tage bidder af verdenshavene fra forskellige sider, s\u00e5 er der faktisk ogs\u00e5 rigtigt meget liv tilbage derude. S\u00e5 det er m\u00e5ske rent faktisk en lidt ny oplevelse for os, at vi er i stand til at stoppe noget, inden det er for sent.\u201d&nbsp;<\/p>\n\n<figure class=\"wp-block-image size-full  caption-alignment-left\"><img loading=\"lazy\" decoding=\"async\" width=\"800\" height=\"521\" src=\"https:\/\/www.greenpeace.org\/static\/planet4-denmark-stateless\/2023\/03\/be4d3a91-pukkelhval.jpg\" alt=\"\" class=\"wp-image-55515\" srcset=\"https:\/\/www.greenpeace.org\/static\/planet4-denmark-stateless\/2023\/03\/be4d3a91-pukkelhval.jpg 800w, https:\/\/www.greenpeace.org\/static\/planet4-denmark-stateless\/2023\/03\/be4d3a91-pukkelhval-300x195.jpg 300w, https:\/\/www.greenpeace.org\/static\/planet4-denmark-stateless\/2023\/03\/be4d3a91-pukkelhval-768x500.jpg 768w, https:\/\/www.greenpeace.org\/static\/planet4-denmark-stateless\/2023\/03\/be4d3a91-pukkelhval-510x332.jpg 510w\" sizes=\"auto, (max-width: 800px) 100vw, 800px\" \/><figcaption class=\"wp-element-caption\">Pukkelhvalen er et af de store pattedyr, som forh\u00e5bentlig snart f\u00e5r store beskyttede arealer at boltre sig p\u00e5. <br>\u00a9 Paul Hilton \/ Greenpeace<\/figcaption><\/figure>\n\n<h2 class=\"wp-block-heading\"><strong>De n\u00e6ste skridt<\/strong><\/h2>\n\n<p>FN-aftalen g\u00e6lder for det, vi kalder det \u00e5bne hav, som d\u00e6kker omkring halvdelen af jordens overflade, og er alt det, der ligger mere end 200 s\u00f8mil fra kysterne. Aftalen er en s\u00e5kaldt rammeaftale, hvilket betyder, at den ikke beskriver hvilke omr\u00e5der, der er tale om, eller hvordan de skal beskyttes. Men den s\u00e6tter rammerne for, hvordan FN-landene skal arbejde videre med beskyttelsen i de kommende \u00e5r.<\/p>\n\n<p>\u201dDen her aftale er fuldst\u00e6ndig n\u00f8dvendig for, at de n\u00e6ste skridt kan ske. Nu skal den implementeres, og det er landene, der skal ind og levere en indsats, for at det lykkes,\u201d forklarer Sune Scheller.<\/p>\n\n<h2 class=\"wp-block-heading\"><strong>Over 5 millioner underskrifter<\/strong><\/h2>\n\n<p>Greenpeace har i mange \u00e5r k\u00e6mpet for at f\u00e5 en f\u00e6lles havaftale for alle verdens lande og vi har f\u00e5et hj\u00e6lp af omkring 5,5 millioner mennesker, som har sat deres underskrift og dermed har v\u00e6ret med til at presse p\u00e5 for at f\u00e5 en st\u00e6rk traktat. Det st\u00e6rke folkelige pres har helt sikkert sin andel i, at FN-landene efter flere mislykkede fors\u00f8g endelig er blevet enige. Nu er det vigtigt at vi holder fast. De kommende \u00e5rs forhandlinger bliver afg\u00f8rende for, hvor meget liv vi beskytter.<\/p>\n\n<p>\u201dHelt overordnet er vi blevet mere bevidste om b\u00e5de klimakrisen og biodiversitetskrisen og ikke mindst om, hvor enormt store konsekvenser det f\u00e5r for os, hvis der ikke bliver gjort noget ved det. Det h\u00e5ber jeg, at man kan tage med over, n\u00e5r aftalen skal effektueres, for det er klart, at n\u00e5r det bliver konkret, s\u00e5 ser vi ogs\u00e5, hvilke landes interesser det vil g\u00e5 ud over, og s\u00e5 vil vi formentlig ogs\u00e5 se, at nogle lande begynder at modarbejde dele af aftalen,\u201d siger Sune Scheller.<\/p>\n","protected":false},"excerpt":{"rendered":"<p>De store oceaner med alt hvad de indeholder af hvaler, skildpadder, \u00e5l og s\u00e6rlige leveomr\u00e5der har efter mange \u00e5rs FN-forhandlinger endelig f\u00e5et deres egen \u201cParis-aftale\u201d. En k\u00e6mpe sejr for Greenpeace og den globale biodiversitet.<\/p>\n","protected":false},"author":104,"featured_media":55512,"comment_status":"open","ping_status":"closed","sticky":false,"template":"","format":"standard","meta":{"ep_exclude_from_search":false,"p4_og_title":"Historisk sejr for verdenshavene","p4_og_description":"De store oceaner med alt hvad de indeholder af hvaler, skildpadder, \u00e5l og s\u00e6rlige leveomr\u00e5der har efter mange \u00e5rs FN-forhandlinger endelig f\u00e5et deres egen \u201cParis-aftale\u201d. En k\u00e6mpe sejr for Greenpeace og den globale biodiversitet. ","p4_og_image":"https:\/\/www.greenpeace.org\/static\/planet4-denmark-stateless\/2023\/03\/08f75cb7-havtraktat.jpg","p4_og_image_id":"55512","p4_seo_canonical_url":"https:\/\/www.greenpeace.org\/denmark\/nyhed\/natur\/historisk-sejr-for-verdenshavene\/","p4_campaign_name":"","p4_local_project":"","p4_basket_name":"","p4_department":"","footnotes":""},"categories":[18],"tags":[23,68],"p4-page-type":[16],"class_list":["post-55510","post","type-post","status-publish","format-standard","has-post-thumbnail","hentry","category-natur","tag-redhavet","tag-sejre","p4-page-type-nyhed"],"_links":{"self":[{"href":"https:\/\/www.greenpeace.org\/denmark\/wp-json\/wp\/v2\/posts\/55510","targetHints":{"allow":["GET"]}}],"collection":[{"href":"https:\/\/www.greenpeace.org\/denmark\/wp-json\/wp\/v2\/posts"}],"about":[{"href":"https:\/\/www.greenpeace.org\/denmark\/wp-json\/wp\/v2\/types\/post"}],"author":[{"embeddable":true,"href":"https:\/\/www.greenpeace.org\/denmark\/wp-json\/wp\/v2\/users\/104"}],"replies":[{"embeddable":true,"href":"https:\/\/www.greenpeace.org\/denmark\/wp-json\/wp\/v2\/comments?post=55510"}],"version-history":[{"count":7,"href":"https:\/\/www.greenpeace.org\/denmark\/wp-json\/wp\/v2\/posts\/55510\/revisions"}],"predecessor-version":[{"id":58428,"href":"https:\/\/www.greenpeace.org\/denmark\/wp-json\/wp\/v2\/posts\/55510\/revisions\/58428"}],"wp:featuredmedia":[{"embeddable":true,"href":"https:\/\/www.greenpeace.org\/denmark\/wp-json\/wp\/v2\/media\/55512"}],"wp:attachment":[{"href":"https:\/\/www.greenpeace.org\/denmark\/wp-json\/wp\/v2\/media?parent=55510"}],"wp:term":[{"taxonomy":"category","embeddable":true,"href":"https:\/\/www.greenpeace.org\/denmark\/wp-json\/wp\/v2\/categories?post=55510"},{"taxonomy":"post_tag","embeddable":true,"href":"https:\/\/www.greenpeace.org\/denmark\/wp-json\/wp\/v2\/tags?post=55510"},{"taxonomy":"p4-page-type","embeddable":true,"href":"https:\/\/www.greenpeace.org\/denmark\/wp-json\/wp\/v2\/p4-page-type?post=55510"}],"curies":[{"name":"wp","href":"https:\/\/api.w.org\/{rel}","templated":true}]}}