{"id":57603,"date":"2023-08-30T15:57:32","date_gmt":"2023-08-30T13:57:32","guid":{"rendered":"https:\/\/www.greenpeace.org\/denmark\/?p=57603"},"modified":"2024-02-26T11:36:45","modified_gmt":"2024-02-26T10:36:45","slug":"godt-med-danmarks-stoette-til-amazonas-fonden-men-stop-stotte-til-handelsaftale","status":"publish","type":"post","link":"https:\/\/www.greenpeace.org\/denmark\/pressemeddelelse\/natur\/godt-med-danmarks-stoette-til-amazonas-fonden-men-stop-stotte-til-handelsaftale\/","title":{"rendered":"Godt med Danmarks st\u00f8tte til Amazonas-fonden, men nu m\u00e5 regeringen droppe opbakning til handelsaftale"},"content":{"rendered":"\n<p><\/p>\n\n<p>Regeringen har besluttet, at <a href=\"https:\/\/www.dr.dk\/nyheder\/udland\/regeringen-vil-bruge-150-millioner-kroner-paa-forhindre-skovrydning-i-amazonas\" target=\"_blank\" rel=\"noreferrer noopener\">Danmark skal yde et bidrag p\u00e5 150 millioner kroner til Amazonas-fonden<\/a> til bek\u00e6mpelse af den voldsomme og ulovlige skovrydning af Amazonas.&nbsp;<\/p>\n\n<p>Her f\u00f8lger kommentar fra Greenpeace-kontorerne i Brasilien og Danmark.<\/p>\n\n<p><strong>Thais Bannwart, politisk r\u00e5dgiver i Greenpeace Brasilien, siger:<\/strong><br>&#8220;Meddelelsen fra Danmarks regering kommer p\u00e5 et godt tidspunkt for at vende de milj\u00f8\u00f8del\u00e6ggelser, som tidligere pr\u00e6sident Bolsonaros regering har fremmet. Nye ressourcer til milj\u00f8et via Amazonas-fonden er afg\u00f8rende i et land med begr\u00e6nsede budgetter og mange presserende prioriteter som Brasilien.&#8221;<\/p>\n\n<p>&#8220;Brasilien er nu i gang med at genopbygge sin milj\u00f8forvaltning efter de store skader, som den tidligere regering forvoldte. Pengene fra Danmark vil hj\u00e6lpe med at realisere den handlingsplan for at stoppe og kontrollere skovrydning i Amazonas (PPCDAm), som er et af pr\u00e6sident Lulas vigtigste initiativer til bek\u00e6mpelse af skovrydning og for at hj\u00e6lpe Brasilien med at n\u00e5 Lulas m\u00e5l om nul skovrydning inden 2030.&#8221;<\/p>\n\n<p>&#8220;Det er dog p\u00e5 tide at g\u00e5 videre end blot at fokusere p\u00e5 skovrydning. Det er helt centralt, at fonden med sine investeringspolitikker ogs\u00e5 arbejder for at reducere social ulighed og fattigdom i Amazonas, og at den fremmer en udvikling, der beskytter b\u00e5de regnskoven og dens folk.&#8221;<\/p>\n\n<p><strong>Kristine Clement, kampagneleder for landbrug, skov og natur i Greenpeace Danmark, siger:<\/strong><\/p>\n\n<p>&#8220;Rammer vi <em>tipping pointet <\/em>i Amazonas, taber vi kampen mod klimaforandringerne. Der er akut brug for finansiering af indsatsen for at stoppe skovrydning, og det gl\u00e6der mig, at Danmark nu melder sig p\u00e5 banen med midler til Amazonas-fonden. Men hvis den danske regering virkelig bekymrer sig for Amazonas, b\u00f8r n\u00e6ste logiske skridt v\u00e6re, at den dropper sin opbakning til EU-Mercosur-handelsaftalen, som vil f\u00f8re til \u00f8get eftersp\u00f8rgsel efter netop de varer, der er skyld i regnskovsrydning.&#8221;<\/p>\n\n<p>&#8220;Det er helt sk\u00e6vt, at midlerne til Amazonas-fonden tages fra Danmarks bistand til verdens fattigste, som skiftende danske regeringer de seneste \u00e5r har udhulet i en grad, s\u00e5 Danmark reelt ligger et godt stykke under m\u00e5let i FN om, at verdens rige lande skal give 0,7 procent af deres BNP p\u00e5 udviklingsbistand.&#8221;<br><br><strong>Kontakt<\/strong><br><br>Poul Bonke Justesen, kommunikationsansvarlig, Greenpeace. Mobil: 26294938<\/p>\n","protected":false},"excerpt":{"rendered":"<p>150 millioner danske kroner til Amazonas-fonden giver rygst\u00f8d til arbejdet med at bremse skovrydningen. Regeringens n\u00e6ste skridt m\u00e5 v\u00e6re at droppe opbakning til EU-Mercusur-handelsaftalen. <\/p>\n","protected":false},"author":104,"featured_media":57604,"comment_status":"open","ping_status":"closed","sticky":false,"template":"","format":"standard","meta":{"ep_exclude_from_search":false,"p4_og_title":"Godt med Danmarks st\u00f8tte til Amazonas-fonden, men nu m\u00e5 regeringen droppe opbakning til handelsaftale","p4_og_description":"150 millioner danske kroner til Amazonas-fonden giver rygst\u00f8d til arbejdet med at bremse skovrydningen. Regeringens n\u00e6ste skridt m\u00e5 v\u00e6re at droppe opbakning til EU-Mercusur-handelsaftalen. ","p4_og_image":"https:\/\/www.greenpeace.org\/static\/planet4-denmark-stateless\/2023\/08\/73992765-amazonas.jpg","p4_og_image_id":"57604","p4_seo_canonical_url":"","p4_campaign_name":"","p4_local_project":"","p4_basket_name":"","p4_department":"","footnotes":""},"categories":[18],"tags":[28],"p4-page-type":[14],"class_list":["post-57603","post","type-post","status-publish","format-standard","has-post-thumbnail","hentry","category-natur","tag-skovrydning","p4-page-type-pressemeddelelse"],"_links":{"self":[{"href":"https:\/\/www.greenpeace.org\/denmark\/wp-json\/wp\/v2\/posts\/57603","targetHints":{"allow":["GET"]}}],"collection":[{"href":"https:\/\/www.greenpeace.org\/denmark\/wp-json\/wp\/v2\/posts"}],"about":[{"href":"https:\/\/www.greenpeace.org\/denmark\/wp-json\/wp\/v2\/types\/post"}],"author":[{"embeddable":true,"href":"https:\/\/www.greenpeace.org\/denmark\/wp-json\/wp\/v2\/users\/104"}],"replies":[{"embeddable":true,"href":"https:\/\/www.greenpeace.org\/denmark\/wp-json\/wp\/v2\/comments?post=57603"}],"version-history":[{"count":2,"href":"https:\/\/www.greenpeace.org\/denmark\/wp-json\/wp\/v2\/posts\/57603\/revisions"}],"predecessor-version":[{"id":57606,"href":"https:\/\/www.greenpeace.org\/denmark\/wp-json\/wp\/v2\/posts\/57603\/revisions\/57606"}],"wp:featuredmedia":[{"embeddable":true,"href":"https:\/\/www.greenpeace.org\/denmark\/wp-json\/wp\/v2\/media\/57604"}],"wp:attachment":[{"href":"https:\/\/www.greenpeace.org\/denmark\/wp-json\/wp\/v2\/media?parent=57603"}],"wp:term":[{"taxonomy":"category","embeddable":true,"href":"https:\/\/www.greenpeace.org\/denmark\/wp-json\/wp\/v2\/categories?post=57603"},{"taxonomy":"post_tag","embeddable":true,"href":"https:\/\/www.greenpeace.org\/denmark\/wp-json\/wp\/v2\/tags?post=57603"},{"taxonomy":"p4-page-type","embeddable":true,"href":"https:\/\/www.greenpeace.org\/denmark\/wp-json\/wp\/v2\/p4-page-type?post=57603"}],"curies":[{"name":"wp","href":"https:\/\/api.w.org\/{rel}","templated":true}]}}