{"id":57705,"date":"2023-09-20T10:33:31","date_gmt":"2023-09-20T08:33:31","guid":{"rendered":"https:\/\/www.greenpeace.org\/denmark\/?p=57705"},"modified":"2024-02-26T11:09:21","modified_gmt":"2024-02-26T10:09:21","slug":"stor-miljoesejr-over-svinefabrikkerne","status":"publish","type":"post","link":"https:\/\/www.greenpeace.org\/denmark\/pressemeddelelse\/landbrug\/stor-miljoesejr-over-svinefabrikkerne\/","title":{"rendered":"Stor milj\u00f8sejr over svinefabrikkerne"},"content":{"rendered":"\n<p>Rislev den 20. september, 2023 &#8211; Efter lang tids pres fra lokale borgere, milj\u00f8foreninger og Greenpeace stopper milj\u00f8minister Magnus Heunicke nu hullet i loven kendt som \u201cmatrikelfinten\u201d. Det betyder, at store svinefabrikker fremover ikke f\u00e5r mulighed for at dele deres grunde op i to, for s\u00e5 at kunne forurene dobbelt s\u00e5 meget indenfor det samme areal.<\/p>\n\n<p>For tre uger siden samledes omkring 175 b\u00f8rn og voksne til en demonstration ved en svinefabrik lige uden for i Rislev p\u00e5 Sydsj\u00e6lland. Til frustration for de lokale borgere har en stor svineproducent her f\u00e5et tilladelse til at bygge endnu en svinefabrik lige op og ned ad en allerede eksisterende netop ved at bruge \u201cmatrikelfinten\u201d. Det p\u00e5 trods af, at det vil betyde mere end dobbelt s\u00e5 meget ammoniakforurening af s\u00e5rbar Natura 2000 beskyttet natur, st\u00f8rre lugtgener, larm og tung trafik i omr\u00e5det.<\/p>\n\n<h2 class=\"wp-block-heading\"><strong>Landbrugspolitisk r\u00e5dgiver i Greenpeace, Helene Meden Hansen, 20896770:<\/strong><\/h2>\n\n<p>\u201cDet er en vigtig sejr for dansk natur og de lokale borgere, der har k\u00e6mpet en lang sej kamp mod svineindustrien, at milj\u00f8minister Magnus Heunicke nu skrider ind for at lukke det absurde hul i loven, den s\u00e5kaldte matrikelfinte, som har givet svineproducenter mulighed for at doble op p\u00e5 b\u00e5de lugtgener og forurening.\u201d<\/p>\n\n<p>\u201cDanmarks natur og biodiversitet er i kn\u00e6. Forurenende industrianl\u00e6g som disse svinefabrikker b\u00f8r slet ikke placeres i landdistrikterne, hvor de b\u00e5de \u00f8del\u00e6gger s\u00e5rbar natur og livet p\u00e5 landet for lokalsamfund. Det er p\u00e5 tide, at politikerne stopper med at holde h\u00e5nden over svineindustrien og i stedet passer p\u00e5 mennesker, dyr og natur. Lad lukningen af matrikelfinten v\u00e6re f\u00f8rste eksempel p\u00e5 det!\u201d<\/p>\n\n<h2 class=\"wp-block-heading\"><strong>\u00c6ndring af loven hj\u00e6lper ikke Rislev<\/strong><\/h2>\n\n<p>At milj\u00f8ministeren nu med det fremsatte lovforslag lukker matrikelfinten, f\u00e5r desv\u00e6rre ikke indflydelse p\u00e5 den konkrete sag ved denne lille landsby Rislev i N\u00e6stved Kommune. Her har svineselskabet Tybjergg\u00e5rd Breeding A\/S ved at udnytte finten allerede f\u00e5et tilladelse af N\u00e6stved Kommune til at bygge endnu en svinefabrik til 20.000 slagtesvin \u00e5rligt lige ved siden af en eksisterende svinefabrik.<\/p>\n\n<p>De lokale borgere i Milj\u00f8foreningen for Rislev og Nedre Sus\u00e5 har sammen med Greenpeace og Danmarks Naturfredningsforening klaget til Milj\u00f8- og F\u00f8devareklagen\u00e6vnet og samtidig opfordret til at klagerne f\u00e5r ops\u00e6ttende virkning. Men Milj\u00f8- og F\u00f8devareklagen\u00e6vnet har netop afgjort, at sagen ikke f\u00e5r ops\u00e6ttende virkning.<br><br>\u201cI sager som denne, hvor det handler om, at der skal bygges en enorm fabrik t\u00e6t p\u00e5 landsbyliv og s\u00e5rbar natur, s\u00e5 burde der automatisk v\u00e6re ops\u00e6ttende virkning. Det er desv\u00e6rre ikke tilf\u00e6ldet, og afg\u00f8relsen fra Milj\u00f8-og F\u00f8devareklagen\u00e6vnet betyder, at stalden kan bygges, imens klagerne behandles. N\u00e5r f\u00f8rst et anl\u00e6g er etableret, viser vores erfaring desv\u00e6rre, at det ikke er til at komme af med igen. Det et k\u00e6mpe problem, at systemet virker p\u00e5 den m\u00e5de, for b\u00e5de borgere og natur kan ende som de store tabere.\u201d<\/p>\n\n<h2 class=\"wp-block-heading\"><strong>Fotos<\/strong><\/h2>\n\n<p>Fotos fra ministerens m\u00f8de i Rislev i dag med de lokale og Greenpeace uploades <a href=\"https:\/\/media.greenpeace.org\/collection\/27MZIFJF33OOY\" target=\"_blank\" rel=\"noreferrer noopener\">HER<\/a><br>Fotos fra demonstrationen i Rislev den 27\/8 kan hentes <a href=\"https:\/\/media.greenpeace.org\/collection\/27MZIFJFAT7KV\" target=\"_blank\" rel=\"noreferrer noopener\">HER<\/a><br>Naturfotos fra det beskyttede Natura 2000 omr\u00e5de ved Rislev kan hentes <a href=\"https:\/\/media.greenpeace.org\/collection\/27MZIFJF3QS8V\" target=\"_blank\" rel=\"noreferrer noopener\">HER<\/a><\/p>\n","protected":false},"excerpt":{"rendered":"<p>Det er en vigtig sejr for naturen og lokale borgere, at milj\u00f8minister Magnus Heunicke nu lukker for &#8220;matrikelfinten&#8221;, der gav mulighed for at dele sin grund op i to og doble op p\u00e5 forureningen.<\/p>\n","protected":false},"author":35,"featured_media":57706,"comment_status":"open","ping_status":"closed","sticky":false,"template":"","format":"standard","meta":{"ep_exclude_from_search":false,"p4_og_title":"Stor milj\u00f8sejr over svinefabrikkerne","p4_og_description":"Det er en vigtig sejr for naturen og lokale borgere, at milj\u00f8minister Magnus Heunicke nu lukker for \"matrikelfinten\", der gav mulighed for at dele sin grund op i to og doble op p\u00e5 forureningen.\n","p4_og_image":"","p4_og_image_id":"","p4_seo_canonical_url":"","p4_campaign_name":"","p4_local_project":"","p4_basket_name":"","p4_department":"","footnotes":""},"categories":[3,18],"tags":[26],"p4-page-type":[14],"class_list":["post-57705","post","type-post","status-publish","format-standard","has-post-thumbnail","hentry","category-landbrug","category-natur","tag-koedproduktion","p4-page-type-pressemeddelelse"],"_links":{"self":[{"href":"https:\/\/www.greenpeace.org\/denmark\/wp-json\/wp\/v2\/posts\/57705","targetHints":{"allow":["GET"]}}],"collection":[{"href":"https:\/\/www.greenpeace.org\/denmark\/wp-json\/wp\/v2\/posts"}],"about":[{"href":"https:\/\/www.greenpeace.org\/denmark\/wp-json\/wp\/v2\/types\/post"}],"author":[{"embeddable":true,"href":"https:\/\/www.greenpeace.org\/denmark\/wp-json\/wp\/v2\/users\/35"}],"replies":[{"embeddable":true,"href":"https:\/\/www.greenpeace.org\/denmark\/wp-json\/wp\/v2\/comments?post=57705"}],"version-history":[{"count":4,"href":"https:\/\/www.greenpeace.org\/denmark\/wp-json\/wp\/v2\/posts\/57705\/revisions"}],"predecessor-version":[{"id":57719,"href":"https:\/\/www.greenpeace.org\/denmark\/wp-json\/wp\/v2\/posts\/57705\/revisions\/57719"}],"wp:featuredmedia":[{"embeddable":true,"href":"https:\/\/www.greenpeace.org\/denmark\/wp-json\/wp\/v2\/media\/57706"}],"wp:attachment":[{"href":"https:\/\/www.greenpeace.org\/denmark\/wp-json\/wp\/v2\/media?parent=57705"}],"wp:term":[{"taxonomy":"category","embeddable":true,"href":"https:\/\/www.greenpeace.org\/denmark\/wp-json\/wp\/v2\/categories?post=57705"},{"taxonomy":"post_tag","embeddable":true,"href":"https:\/\/www.greenpeace.org\/denmark\/wp-json\/wp\/v2\/tags?post=57705"},{"taxonomy":"p4-page-type","embeddable":true,"href":"https:\/\/www.greenpeace.org\/denmark\/wp-json\/wp\/v2\/p4-page-type?post=57705"}],"curies":[{"name":"wp","href":"https:\/\/api.w.org\/{rel}","templated":true}]}}