{"id":58682,"date":"2023-11-23T15:32:45","date_gmt":"2023-11-23T14:32:45","guid":{"rendered":"https:\/\/www.greenpeace.org\/denmark\/?p=58682"},"modified":"2024-07-10T13:23:17","modified_gmt":"2024-07-10T11:23:17","slug":"din-guide-til-fns-klimatopmoede-cop28-i-dubai","status":"publish","type":"post","link":"https:\/\/www.greenpeace.org\/denmark\/viden\/klimaforandringer\/din-guide-til-fns-klimatopmoede-cop28-i-dubai\/","title":{"rendered":"Din guide til FN\u2019s klimatopm\u00f8de COP28 i Dubai"},"content":{"rendered":"\n<p><strong>Fra slutningen af november 2023 og to uger frem samles 197 lande i Dubai for at fors\u00f8ge at blive enige om l\u00f8sninger p\u00e5 den globale klimakrise.<\/strong><strong> Herunder f\u00e5r du svar p\u00e5 en r\u00e6kke af de vigtigste sp\u00f8rgsm\u00e5l om \u00e5rets klimatopm\u00f8de.&nbsp;<\/strong><\/p>\n\n<figure class=\"wp-block-image size-full  caption-alignment-right\"><img loading=\"lazy\" decoding=\"async\" width=\"904\" height=\"508\" src=\"https:\/\/www.greenpeace.org\/static\/planet4-denmark-stateless\/2023\/11\/e16ac00a-dont-fail-us.png\" alt=\"\" class=\"wp-image-58686\" srcset=\"https:\/\/www.greenpeace.org\/static\/planet4-denmark-stateless\/2023\/11\/e16ac00a-dont-fail-us.png 904w, https:\/\/www.greenpeace.org\/static\/planet4-denmark-stateless\/2023\/11\/e16ac00a-dont-fail-us-300x169.png 300w, https:\/\/www.greenpeace.org\/static\/planet4-denmark-stateless\/2023\/11\/e16ac00a-dont-fail-us-768x432.png 768w, https:\/\/www.greenpeace.org\/static\/planet4-denmark-stateless\/2023\/11\/e16ac00a-dont-fail-us-510x287.png 510w\" sizes=\"auto, (max-width: 904px) 100vw, 904px\" \/><figcaption><div class=\"credit icon-left\"> \u00a9 Foto: UN Climate Change<\/div><\/figcaption><\/figure>\n\n<h2 class=\"wp-block-heading\"><strong>Hvad er FN\u2019s klimatopm\u00f8de?<\/strong><\/h2>\n\n<p>FN\u2019s klimatopm\u00f8de afholdes en gang om \u00e5ret og er det sted, hvor topledere fra n\u00e6sten alle verdens lande m\u00f8des for at forhandle klimaambitioner og samarbejde om klimatilpasning og l\u00f8sninger p\u00e5 <a href=\"https:\/\/www.greenpeace.org\/denmark\/klimaforandringer\/klimakrisen\/\" target=\"_blank\" rel=\"noreferrer noopener\">den globale klimakrise<\/a>. Det er alts\u00e5 en slags \u00e5rsm\u00f8de, hvor man diskuterer, hvordan vi bedst kan begr\u00e6nse den globale opvarmning, som i de seneste \u00e5r er accelereret endnu hurtigere end forventet.<\/p>\n\n<h2 class=\"wp-block-heading\"><strong>Hvorfor hedder klimatopm\u00f8det COP28?<\/strong><\/h2>\n\n<p>COP st\u00e5r for Conference of the Parties og er for de 198 parter (197 lande plus EU), der har underskrevet <a rel=\"noreferrer noopener\" href=\"https:\/\/www2.mst.dk\/udgiv\/publikationer\/2000\/87-7944-389-3\/html\/kap06.htm#5.1\" target=\"_blank\">FN\u2019s<\/a><a href=\"https:\/\/www2.mst.dk\/udgiv\/publikationer\/2000\/87-7944-389-3\/html\/kap06.htm#5.1\"> <\/a><a rel=\"noreferrer noopener\" href=\"https:\/\/www2.mst.dk\/udgiv\/publikationer\/2000\/87-7944-389-3\/html\/kap06.htm#5.1\" target=\"_blank\">klimakonvention<\/a> (UNFCCC) fra 1992, og dermed har skrevet under p\u00e5, at de vil arbejde for at stabilisere atmosf\u00e6rens indhold af drivhusgasser, p\u00e5 et niveau der forhindrer farlige menneskeskabte klimaforandringer.&nbsp;<\/p>\n\n<p>COP28 er FN\u2019s 28. klimatopm\u00f8de. Tallet f\u00f8lger alts\u00e5 ikke \u00e5ret, m\u00f8det afholdes i, men hvilket m\u00f8de i r\u00e6kken, vi er n\u00e5et til. P\u00e5 det \u00e5rlige m\u00f8de forhandler parterne nye klimatiltag, ambitioner og forpligtelser, som skal bremse de globale klimaforandringer i tr\u00e5d med <a href=\"https:\/\/unfccc.int\/process-and-meetings\/the-paris-agreement\" target=\"_blank\" rel=\"noreferrer noopener\">Parisaftalens<\/a> m\u00e5l.&nbsp;<\/p>\n\n<h2 class=\"wp-block-heading\"><strong>Hvad har COP28 med Parisaftalen at g\u00f8re?<\/strong><\/h2>\n\n<p>Ved COP21 i Paris i 2015 blev verden enig om den f\u00f8rste internationalt bindende aftale om at reducere udledningen af drivhusgasser. Traktaten har f\u00e5et navnet <a href=\"https:\/\/unfccc.int\/process-and-meetings\/the-paris-agreement\/the-paris-agreement\" target=\"_blank\" rel=\"noreferrer noopener\">Parisaftalen<\/a>. Klimatopm\u00f8derne efter Paris har derfor alle handlet om, hvor vi st\u00e5r i forhold til Parisaftalens m\u00e5l, hvordan aftalen om at begr\u00e6nse den globale opvarmning til 1,5 grader konkret skal udformes, og hvilke nye tiltag landene m\u00e5 forpligte sig til for at leve op til aftalen.<\/p>\n\n<h2 class=\"wp-block-heading\"><strong>Hvad st\u00e5r der i Parisaftalen?<\/strong><\/h2>\n\n<p>Parisaftalen tr\u00e5dte i kraft i 2016, og form\u00e5let med aftalen er at afv\u00e6rge katastrofale globale klimaforandringer. Aftalen indeholder:<\/p>\n\n<ul class=\"wp-block-list\">\n<li class=\"has-medium-font-size\">En m\u00e5ls\u00e6tning om at holde den globale temperaturstigning et godt stykke under 2 grader, og om yderligere at str\u00e6be efter at begr\u00e6nse stigningen til 1,5 grader.&nbsp;<\/li>\n\n\n\n<li class=\"has-medium-font-size\">Hvert land forpligter sig til at udvikle nationale m\u00e5l og planer for at mindske sine udledninger. Hvert femte \u00e5r skal landene freml\u00e6gge handlingsplaner, der skal indeholde mere og mere ambiti\u00f8se m\u00e5l.<\/li>\n\n\n\n<li class=\"has-medium-font-size\">De rige lande, som traditionelt er dem, der har udledt flest drivhusgasser, skal hj\u00e6lpe de fattigere og mere s\u00e5rbare lande med at h\u00e5ndtere klima\u00e6ndringerne b\u00e5de gennem \u00f8konomisk bistand og gennem ny teknologi.<\/li>\n\n\n\n<li class=\"has-medium-font-size\">En m\u00e5ls\u00e6tning om at de globale udledninger af drivhusgasser skal toppe s\u00e5 hurtigt som muligt og derefter falde hurtigt. P\u00e5 den m\u00e5de h\u00e5ber man p\u00e5 at opn\u00e5 en balance mellem udledningen og optaget af drivhusgasser i anden halvdel af dette \u00e5rhundrede.<\/li>\n<\/ul>\n\n<h2 class=\"wp-block-heading\"><strong>Hvor langt er vi fra at n\u00e5 m\u00e5lene i Parisaftalen?<\/strong><\/h2>\n\n<p>En ny rapport fra FN, <a href=\"https:\/\/www.unep.org\/resources\/emissions-gap-report-2023\" target=\"_blank\" rel=\"noreferrer noopener\">Emissions<\/a><a href=\"https:\/\/www.unep.org\/resources\/emissions-gap-report-2023\"> Gap Report 2023<\/a>, der g\u00f8r status over, hvor langt verdens lande er med at nedbringe udledninger af drivhusgas i forhold til at n\u00e5 Parisaftalens m\u00e5l, viser, at vi nu er <a href=\"https:\/\/www.dr.dk\/nyheder\/viden\/klima\/verden-har-kurs-mod-en-katastrofal-temperaturstigning-ikke-en-fremtid-nogen-af\">p\u00e5 vej mod en <\/a><a href=\"https:\/\/www.dr.dk\/nyheder\/viden\/klima\/verden-har-kurs-mod-en-katastrofal-temperaturstigning-ikke-en-fremtid-nogen-af\" target=\"_blank\" rel=\"noreferrer noopener\">temperaturstigning<\/a><a href=\"https:\/\/www.dr.dk\/nyheder\/viden\/klima\/verden-har-kurs-mod-en-katastrofal-temperaturstigning-ikke-en-fremtid-nogen-af\"> p\u00e5 2,9 grader i 2100<\/a>. Forskellen ned til de 1,5 grader kaldes &#8217;emissionsgabet&#8217;. Hvis gabet mellem ambitioner og realiteter skal lukkes, skal verden if\u00f8lge rapporten sk\u00e6re den samlede udledning af drivhusgasser med 42 procent inden 2030.<\/p>\n\n<figure class=\"wp-block-image size-full\"><img loading=\"lazy\" decoding=\"async\" width=\"904\" height=\"1020\" src=\"https:\/\/www.greenpeace.org\/static\/planet4-denmark-stateless\/2023\/11\/61cb50c5-emission-gap-graf.png\" alt=\"\" class=\"wp-image-58688\" srcset=\"https:\/\/www.greenpeace.org\/static\/planet4-denmark-stateless\/2023\/11\/61cb50c5-emission-gap-graf.png 904w, https:\/\/www.greenpeace.org\/static\/planet4-denmark-stateless\/2023\/11\/61cb50c5-emission-gap-graf-266x300.png 266w, https:\/\/www.greenpeace.org\/static\/planet4-denmark-stateless\/2023\/11\/61cb50c5-emission-gap-graf-768x867.png 768w, https:\/\/www.greenpeace.org\/static\/planet4-denmark-stateless\/2023\/11\/61cb50c5-emission-gap-graf-301x340.png 301w\" sizes=\"auto, (max-width: 904px) 100vw, 904px\" \/><\/figure>\n\n<p>Men hvis vi handler nu, har vi if\u00f8lge <a href=\"https:\/\/www.greenpeace.org\/denmark\/nyhed\/klimaforandringer\/10-vigtige-pointer-fra-fns-klimapanel\/\">FN\u2019s <\/a><a href=\"https:\/\/www.greenpeace.org\/denmark\/nyhed\/klimaforandringer\/10-vigtige-pointer-fra-fns-klimapanel\/\" target=\"_blank\" rel=\"noreferrer noopener\">klimapanel<\/a><a href=\"https:\/\/www.greenpeace.org\/denmark\/nyhed\/klimaforandringer\/10-vigtige-pointer-fra-fns-klimapanel\/\"> (IPCC)<\/a> stadig mulighed for at n\u00e5 det. L\u00f8sningerne er flere og billigere end nogensinde og de ligger lige for. Der er mange ting, der skal skrues p\u00e5. Noget af det vigtigste at blive enige om nu er et stop for nye boringer efter fossile br\u00e6ndsler og en hurtig udfasning af resten.<\/p>\n\n<figure class=\"wp-block-image size-full\"><img loading=\"lazy\" decoding=\"async\" width=\"904\" height=\"898\" src=\"https:\/\/www.greenpeace.org\/static\/planet4-denmark-stateless\/2023\/11\/4f9a9403-ipcc-grafik.png\" alt=\"\" class=\"wp-image-58689\" srcset=\"https:\/\/www.greenpeace.org\/static\/planet4-denmark-stateless\/2023\/11\/4f9a9403-ipcc-grafik.png 904w, https:\/\/www.greenpeace.org\/static\/planet4-denmark-stateless\/2023\/11\/4f9a9403-ipcc-grafik-300x298.png 300w, https:\/\/www.greenpeace.org\/static\/planet4-denmark-stateless\/2023\/11\/4f9a9403-ipcc-grafik-150x150.png 150w, https:\/\/www.greenpeace.org\/static\/planet4-denmark-stateless\/2023\/11\/4f9a9403-ipcc-grafik-768x763.png 768w, https:\/\/www.greenpeace.org\/static\/planet4-denmark-stateless\/2023\/11\/4f9a9403-ipcc-grafik-342x340.png 342w\" sizes=\"auto, (max-width: 904px) 100vw, 904px\" \/><\/figure>\n\n<h2 class=\"wp-block-heading\"><strong>Hvad skal der ske til COP28?<\/strong><\/h2>\n\n<p>Klimatopm\u00f8det i Dubai er det vigtigste siden COP21 i Paris. Det bliver en stresstest af Parisaftalen, og af hvor villige verdens ledere er til at se virkeligheden i \u00f8jnene, rette kursen ind og give l\u00f8sningsmulighederne en reel chance. Her skal landene nemlig for f\u00f8rste gang evaluere, hvordan det lige nu g\u00e5r med den globale indsats for at n\u00e5 Parisaftalens klimam\u00e5l om at begr\u00e6nse temperaturstigningen til 1,5 grader, og blive enige om, hvordan vi sikrer os, at vi n\u00e5r derhen. Den proces kaldes det globale stocktake, og den er helt afg\u00f8rende for at f\u00e5 klimaambitionerne accelereret og f\u00e5 begr\u00e6nset de globale temperaturstigninger og deres tragiske konsekvenser.<\/p>\n\n<p><em>L\u00e6s ogs\u00e5: <a href=\"https:\/\/www.greenpeace.org\/denmark\/nyhed\/klimaforandringer\/hvad-kom-der-ud-af-fns-klimatopmoede-cop28-i-dubai\/\" target=\"_blank\" rel=\"noreferrer noopener\">Hvad kom der ud af FN\u2019s klimatopm\u00f8de COP28 i Dubai?<\/a><\/em><\/p>\n\n<h2 class=\"wp-block-heading\"><strong>Hvad er m\u00e5let for COP28?&nbsp;<\/strong><\/h2>\n\n<p>Opgaven er bundet. Hvis vi skal n\u00e5 Parisaftalens 1,5 gradersm\u00e5l og im\u00f8deg\u00e5 de voksende klimap\u00e5virkninger, skal verdens ledere blive enige om:&nbsp;<\/p>\n\n<ul class=\"wp-block-list\">\n<li class=\"has-medium-font-size\">Et stop for alle nye boringer efter kul, olie og gas<\/li>\n\n\n\n<li class=\"has-medium-font-size\">En acceleration af overgangen til vedvarende energi og en retf\u00e6rdig og kontrolleret udfasning af fossile br\u00e6ndstoffer.&nbsp;<\/li>\n\n\n\n<li class=\"has-medium-font-size\">En realisering af planerne om en tab- og skadesfond &#8211; Loss and Damage Fund. De rige lande og de internationale fossilselskaber skal begynde at hj\u00e6lpe de lande, der lider mest under konsekvenserne af klimaforandringerne ved at betale for de \u00f8del\u00e6ggelser og skader, de har for\u00e5rsaget.<\/li>\n\n\n\n<li class=\"has-medium-font-size\">En evne fra de riges landes side til at leve op til de mange l\u00f8fter en klimabistand til dem, der rammes af klimakrisen<\/li>\n<\/ul>\n\n<figure class=\"wp-block-image size-large\"><img loading=\"lazy\" decoding=\"async\" width=\"1024\" height=\"682\" src=\"https:\/\/www.greenpeace.org\/static\/planet4-denmark-stateless\/2023\/11\/0a599a54-pay-1024x682.jpg\" alt=\"\" class=\"wp-image-58690\" srcset=\"https:\/\/www.greenpeace.org\/static\/planet4-denmark-stateless\/2023\/11\/0a599a54-pay-1024x682.jpg 1024w, https:\/\/www.greenpeace.org\/static\/planet4-denmark-stateless\/2023\/11\/0a599a54-pay-300x200.jpg 300w, https:\/\/www.greenpeace.org\/static\/planet4-denmark-stateless\/2023\/11\/0a599a54-pay-768x511.jpg 768w, https:\/\/www.greenpeace.org\/static\/planet4-denmark-stateless\/2023\/11\/0a599a54-pay-1536x1023.jpg 1536w, https:\/\/www.greenpeace.org\/static\/planet4-denmark-stateless\/2023\/11\/0a599a54-pay-2048x1364.jpg 2048w, https:\/\/www.greenpeace.org\/static\/planet4-denmark-stateless\/2023\/11\/0a599a54-pay-510x340.jpg 510w\" sizes=\"auto, (max-width: 1024px) 100vw, 1024px\" \/><\/figure>\n\n<h2 class=\"wp-block-heading\"><strong>Hvad er det globale stocktake?<\/strong><\/h2>\n\n<p>Det <a href=\"https:\/\/unfccc.int\/topics\/global-stocktake\/about-the-global-stocktake\/why-the-global-stocktake-is-important-for-climate-action-this-decade\">globale <\/a><a href=\"https:\/\/unfccc.int\/topics\/global-stocktake\/about-the-global-stocktake\/why-the-global-stocktake-is-important-for-climate-action-this-decade\" target=\"_blank\" rel=\"noreferrer noopener\">stocktake<\/a> er et fem\u00e5rigt statustjek p\u00e5, hvordan det g\u00e5r med at n\u00e5 m\u00e5lene i Parisaftalen. I \u00e5r er f\u00f8rste gang, s\u00e5dan en opg\u00f8relse skal ske. Evalueringen omfatter b\u00e5de temperaturm\u00e5let og m\u00e5lene for tilpasning og finansiering. Den skal vise, hvor landene halter bagud i forhold til at n\u00e5 m\u00e5lene, og hvad de skal g\u00f8re for at styrke de nationale klimam\u00e5l.<\/p>\n\n<p>Det st\u00e5r allerede klart, at det g\u00e5r alt for langsomt. En <a href=\"https:\/\/unric.org\/da\/utilstraekkelig-klimafremgang-handling-kraeves-paa-cop28\/\">ny <\/a><a href=\"https:\/\/unric.org\/da\/utilstraekkelig-klimafremgang-handling-kraeves-paa-cop28\/\" target=\"_blank\" rel=\"noreferrer noopener\">rapport<\/a> fra FN\u2019s klimaforandrings-organisation &#8211; UN Climate Change &#8211; konkluderer, at de nationale klimahandlingsplaner fortsat er utilstr\u00e6kkelige i forhold til at holde den globale opvarmning et stykke under 2 grader med sigte p\u00e5 1,5 grader, som landene har forpligtet sig til.&nbsp;<\/p>\n\n<p>Den seneste videnskab fra FN\u2019s Klimapanel (<a href=\"https:\/\/www.ipcc.ch\/\" target=\"_blank\" rel=\"noreferrer noopener\">IPCC<\/a>) indikerer, at drivhusgasemissioner skal reduceres med mindst 43% inden 2030 sammenlignet med niveauerne fra 2019, men Global Stocktake rapporten viser ikke nogen hurtig nedadg\u00e5ende tendens i udledningerne.&nbsp;<\/p>\n\n<p>S\u00e5 der skal handles nu, og det er stadig muligt. Rapporten pr\u00e6senterer nemlig ogs\u00e5 et omfattende udvalg af v\u00e6rkt\u00f8jer og l\u00f8sninger.&nbsp;&nbsp;<\/p>\n\n<h2 class=\"wp-block-heading\"><strong>Hvad er Loss and Damage fonden og hvor langt er den?<\/strong><\/h2>\n\n<p>Klimaforandringerne \u00f8ger risikoen for oversv\u00f8mmelser, t\u00f8rkeperioder og cykloner, og forst\u00e6rker deres \u00f8del\u00e6ggende effekt. Det koster milliarder og atter milliarder af kroner at afb\u00f8de og rette op p\u00e5 de \u00f8del\u00e6ggelser, som sker verden over. Konsekvenserne rammer verdens fattigste lande s\u00e6rligt h\u00e5rdt. De vestlige industrialiserede lande st\u00e5r b\u00e5de bag de st\u00f8rste historiske udledninger af drivhusgasser og har st\u00f8rre \u00f8konomiske muskler til at finansiere udfasningen af fossile energikilder og til at betale for skader og tab. Vi m\u00e5 derfor g\u00e5 forrest.<\/p>\n\n<p>Ved COP27 sidste \u00e5r blev det efter mange sv\u00e6rdslag vedtaget, at der skal oprettes en fond til finansiering af klimaskabte tab og skader. Fonden var en sejr for verdens fattigste lande, men nu skal aftalen st\u00e5 sin pr\u00f8ve, n\u00e5r den skal g\u00e5 fra dr\u00f8m til virkelighed. Der er stadig mange \u2013 og meget kontroversielle \u2013 sp\u00f8rgsm\u00e5l, der skal afklares: Hvordan skal den nye fond se ud? Kan vi bruge nogle af de institutioner der allerede findes? Og hvilke lande skal bidrage, og hvilke skal modtage?&nbsp;<\/p>\n\n<p>Sidste \u00e5r satte Danmark som de f\u00f8rste 100 millioner kroner til side til fonden, og minister for udviklingssamarbejde og global klimapolitik, Dan J\u00f8rgensen, har op til dette topm\u00f8de <a href=\"https:\/\/www.politico.eu\/article\/denmark-mulling-generous-funding-pledge-for-climate-damages-minister-says\/\">gentaget sit<\/a><a href=\"https:\/\/www.politico.eu\/article\/denmark-mulling-generous-funding-pledge-for-climate-damages-minister-says\/\" target=\"_blank\" rel=\"noreferrer noopener\"> <\/a><a href=\"https:\/\/www.politico.eu\/article\/denmark-mulling-generous-funding-pledge-for-climate-damages-minister-says\/\">l\u00f8fte<\/a> om, at Danmark vil bidrage til fonden. Ingen lande har dog endnu sat penge ind, og <a href=\"https:\/\/um.dk\/om-os\/ministrene\/minister-for-udviklingssamarbejde-og-global-klimapolitik\/minister-for-udviklingssamarbejde-og-global-klimapolitik-dan-joergensen\/fare-for-haardknude-i-cop-forhandlingerne\">det ventes, at <\/a><a href=\"https:\/\/um.dk\/om-os\/ministrene\/minister-for-udviklingssamarbejde-og-global-klimapolitik\/minister-for-udviklingssamarbejde-og-global-klimapolitik-dan-joergensen\/fare-for-haardknude-i-cop-forhandlingerne\" target=\"_blank\" rel=\"noreferrer noopener\">forhandlingerne<\/a><a href=\"https:\/\/um.dk\/om-os\/ministrene\/minister-for-udviklingssamarbejde-og-global-klimapolitik\/minister-for-udviklingssamarbejde-og-global-klimapolitik-dan-joergensen\/fare-for-haardknude-i-cop-forhandlingerne\"> <\/a><a href=\"https:\/\/um.dk\/om-os\/ministrene\/minister-for-udviklingssamarbejde-og-global-klimapolitik\/minister-for-udviklingssamarbejde-og-global-klimapolitik-dan-joergensen\/fare-for-haardknude-i-cop-forhandlingerne\" target=\"_blank\" rel=\"noreferrer noopener\">igen<\/a><a href=\"https:\/\/um.dk\/om-os\/ministrene\/minister-for-udviklingssamarbejde-og-global-klimapolitik\/minister-for-udviklingssamarbejde-og-global-klimapolitik-dan-joergensen\/fare-for-haardknude-i-cop-forhandlingerne\"> i \u00e5r bliver meget sv\u00e6re<\/a>.&nbsp;&nbsp;&nbsp;&nbsp;<\/p>\n\n<figure class=\"wp-block-image size-full  caption-alignment-left\"><img loading=\"lazy\" decoding=\"async\" width=\"800\" height=\"534\" src=\"https:\/\/www.greenpeace.org\/static\/planet4-denmark-stateless\/2023\/11\/7f2ccbe0-gp0stxi3t_low_res.jpg\" alt=\"\" class=\"wp-image-58691\" srcset=\"https:\/\/www.greenpeace.org\/static\/planet4-denmark-stateless\/2023\/11\/7f2ccbe0-gp0stxi3t_low_res.jpg 800w, https:\/\/www.greenpeace.org\/static\/planet4-denmark-stateless\/2023\/11\/7f2ccbe0-gp0stxi3t_low_res-300x200.jpg 300w, https:\/\/www.greenpeace.org\/static\/planet4-denmark-stateless\/2023\/11\/7f2ccbe0-gp0stxi3t_low_res-768x513.jpg 768w, https:\/\/www.greenpeace.org\/static\/planet4-denmark-stateless\/2023\/11\/7f2ccbe0-gp0stxi3t_low_res-510x340.jpg 510w\" sizes=\"auto, (max-width: 800px) 100vw, 800px\" \/><figcaption class=\"wp-element-caption\">Klimamarch i Nairobi, Kanya i september <div class=\"credit icon-left\"> \u00a9 Greenpeace<\/div><\/figcaption><\/figure>\n\n<h2 class=\"wp-block-heading\"><strong>Hvorfor er der s\u00e5 stor fokus p\u00e5 olie, gas og kul til klimatopm\u00f8det?<\/strong><\/h2>\n\n<p>Sp\u00f8rgsm\u00e5let om en udfasning af fossile br\u00e6ndsler &#8211; olie, gas og kul &#8211; bliver helt centralt p\u00e5 COP28.&nbsp;<\/p>\n\n<p>En <a href=\"https:\/\/productiongap.org\/\" target=\"_blank\" rel=\"noreferrer noopener\">FN<\/a><a href=\"https:\/\/productiongap.org\/\">&#8211;<\/a><a href=\"https:\/\/productiongap.org\/\" target=\"_blank\" rel=\"noreferrer noopener\">rapport<\/a> fra den 8. november 2023 sl\u00e5r fast, at verden fortsat er p\u00e5 vej i den helt gale retning. Alt imens vi globalt sl\u00e5r den ene globale varmerekord efter den anden og vi oplever flere og mere ekstreme vejrf\u00e6nomener, s\u00e5 planl\u00e6gger verdens fossile selskaber lige nu at udvide deres produktion, hvilket betyder, at planetens CO2-budget vil spr\u00e6nges med flere l\u00e6ngder.&nbsp;<\/p>\n\n<p>Ekspansionsplanerne lyder p\u00e5 460 procent mere kul, 83 procent mere gas og 29 procent mere olie i 2030 end vi har r\u00e5d til at afbr\u00e6nde, hvis den globale temperaturstigning skal holdes p\u00e5 h\u00f8jst 1,5 grader. Hvis planerne f\u00f8res ud i livet, vil der blive produceret 69 procent flere fossile br\u00e6ndstoffer, i forhold til, hvad der er foreneligt alene med to-gradersm\u00e5let.&nbsp;<\/p>\n\n<p>De lande der planl\u00e6gger de st\u00f8rste udvidelser er Indien (kul), Saudi-Arabien (olie), Rusland (kul, olie og gas) samt USA, Canada og De Forenede Arabiske Emirater. Sidstn\u00e6vnte er i \u00e5r v\u00e6rt for klimatopm\u00f8det: COP28.<\/p>\n\n<figure class=\"wp-block-image size-full\"><img loading=\"lazy\" decoding=\"async\" width=\"904\" height=\"454\" src=\"https:\/\/www.greenpeace.org\/static\/planet4-denmark-stateless\/2023\/11\/d3c43d20-production-gap.png\" alt=\"\" class=\"wp-image-58692\" srcset=\"https:\/\/www.greenpeace.org\/static\/planet4-denmark-stateless\/2023\/11\/d3c43d20-production-gap.png 904w, https:\/\/www.greenpeace.org\/static\/planet4-denmark-stateless\/2023\/11\/d3c43d20-production-gap-300x151.png 300w, https:\/\/www.greenpeace.org\/static\/planet4-denmark-stateless\/2023\/11\/d3c43d20-production-gap-768x386.png 768w, https:\/\/www.greenpeace.org\/static\/planet4-denmark-stateless\/2023\/11\/d3c43d20-production-gap-510x256.png 510w\" sizes=\"auto, (max-width: 904px) 100vw, 904px\" \/><\/figure>\n\n<h2 class=\"wp-block-heading\"><strong>Hvilken rolle spiller olieindustrien p\u00e5 COP28?<\/strong><\/h2>\n\n<p>Fossilindustrien har en stigende tilstedev\u00e6relse p\u00e5 klimatopm\u00f8derne. Under COP27 blev der registreret mere end 630 lobbyister for fossile br\u00e6ndsler, og v\u00e6rterne for dette \u00e5rs COP, De Forenede Arabiske Emirater, l\u00e5 her helt i top. Og p\u00e5 COP28 vil blandt andre Norges st\u00f8rste olie- og gasselskab, Equinor, v\u00e6re en del af Norges erhvervsdelegation.&nbsp;<\/p>\n\n<p>Alle \u00f8jne ved COP28 vil derfor v\u00e6re rettet mod elefanten i rummet. Fossilindustrien m\u00e5 ikke f\u00e5 lov til at underminere de globale klimaforhandlinger og sv\u00e6kke den globale respons p\u00e5 klima\u00e6ndringerne. Greenpeace mener, at FN&#8217;s klimakonvention (UNFCCC)&nbsp; b\u00f8r lave retningslinjer for interessekonflikter, der udelukker fossilindustrien fra at lobbye p\u00e5 COP\u2019en, og sikrer at klimatopm\u00f8derne fortsat er et trov\u00e6rdigt forum for h\u00e5ndtering af klimakrisen.<\/p>\n\n<h2 class=\"wp-block-heading\"><strong>Hvad er Danmarks rolle ved klimatopm\u00f8det COP28 i Dubai?<\/strong><\/h2>\n\n<p>Danmark bliver repr\u00e6senteret af <a rel=\"noreferrer noopener\" href=\"https:\/\/www.altinget.dk\/artikel\/mette-frederiksen-og-lars-loekke-rejser-til-cop28-klimatopmoedet\" target=\"_blank\">fire<\/a><a href=\"https:\/\/www.altinget.dk\/artikel\/mette-frederiksen-og-lars-loekke-rejser-til-cop28-klimatopmoedet\"> <\/a><a rel=\"noreferrer noopener\" href=\"https:\/\/www.altinget.dk\/artikel\/mette-frederiksen-og-lars-loekke-rejser-til-cop28-klimatopmoedet\" target=\"_blank\">ministre<\/a> p\u00e5 klimatopm\u00f8det. Foruden minister for global klimapolitik Dan J\u00f8rgensen og klimaminister Lars Aagaard, deltager statsminister Mette Frederiksen og udenrigsminister Lars L\u00f8kke Rasmussen ogs\u00e5. Udfasningen af fossile br\u00e6ndsler forventes at v\u00e6re hovedtemaet p\u00e5 \u00e5rets COP28, og Dan J\u00f8rgensen har p\u00e5 forh\u00e5nd meldt ud, at <a rel=\"noreferrer noopener\" href=\"https:\/\/klimamonitor.dk\/nyheder\/art9595995\/Diplomatisk-slutspurt-mod-COP28-g%C3%A5r-ind\" target=\"_blank\">Danmark<\/a><a href=\"https:\/\/klimamonitor.dk\/nyheder\/art9595995\/Diplomatisk-slutspurt-mod-COP28-g%C3%A5r-ind\"> <\/a><a rel=\"noreferrer noopener\" href=\"https:\/\/klimamonitor.dk\/nyheder\/art9595995\/Diplomatisk-slutspurt-mod-COP28-g%C3%A5r-ind\" target=\"_blank\">vil<\/a><a href=\"https:\/\/klimamonitor.dk\/nyheder\/art9595995\/Diplomatisk-slutspurt-mod-COP28-g%C3%A5r-ind\"> <\/a><a rel=\"noreferrer noopener\" href=\"https:\/\/klimamonitor.dk\/nyheder\/art9595995\/Diplomatisk-slutspurt-mod-COP28-g%C3%A5r-ind\" target=\"_blank\">arbejde<\/a><a href=\"https:\/\/klimamonitor.dk\/nyheder\/art9595995\/Diplomatisk-slutspurt-mod-COP28-g%C3%A5r-ind\"> <\/a><a rel=\"noreferrer noopener\" href=\"https:\/\/klimamonitor.dk\/nyheder\/art9595995\/Diplomatisk-slutspurt-mod-COP28-g%C3%A5r-ind\" target=\"_blank\">for<\/a><a href=\"https:\/\/klimamonitor.dk\/nyheder\/art9595995\/Diplomatisk-slutspurt-mod-COP28-g%C3%A5r-ind\"> <\/a><a rel=\"noreferrer noopener\" href=\"https:\/\/klimamonitor.dk\/nyheder\/art9595995\/Diplomatisk-slutspurt-mod-COP28-g%C3%A5r-ind\" target=\"_blank\">en<\/a><a href=\"https:\/\/klimamonitor.dk\/nyheder\/art9595995\/Diplomatisk-slutspurt-mod-COP28-g%C3%A5r-ind\"> <\/a><a rel=\"noreferrer noopener\" href=\"https:\/\/klimamonitor.dk\/nyheder\/art9595995\/Diplomatisk-slutspurt-mod-COP28-g%C3%A5r-ind\" target=\"_blank\">global<\/a><a href=\"https:\/\/klimamonitor.dk\/nyheder\/art9595995\/Diplomatisk-slutspurt-mod-COP28-g%C3%A5r-ind\"> udfasning <\/a><a rel=\"noreferrer noopener\" href=\"https:\/\/klimamonitor.dk\/nyheder\/art9595995\/Diplomatisk-slutspurt-mod-COP28-g%C3%A5r-ind\" target=\"_blank\">af<\/a><a href=\"https:\/\/klimamonitor.dk\/nyheder\/art9595995\/Diplomatisk-slutspurt-mod-COP28-g%C3%A5r-ind\"> <\/a><a rel=\"noreferrer noopener\" href=\"https:\/\/klimamonitor.dk\/nyheder\/art9595995\/Diplomatisk-slutspurt-mod-COP28-g%C3%A5r-ind\" target=\"_blank\">fossile<\/a><a href=\"https:\/\/klimamonitor.dk\/nyheder\/art9595995\/Diplomatisk-slutspurt-mod-COP28-g%C3%A5r-ind\"> <\/a><a rel=\"noreferrer noopener\" href=\"https:\/\/klimamonitor.dk\/nyheder\/art9595995\/Diplomatisk-slutspurt-mod-COP28-g%C3%A5r-ind\" target=\"_blank\">br\u00e6ndsler<\/a>. \u201cDet er i virkeligheden meget simpelt: Hvis vi vil bevare muligheden for at holde os under 1,5 graders temperaturstigning, skal vi udfase sort energi hurtigst muligt. Der er ingen vej udenom,\u201d <a rel=\"noreferrer noopener\" href=\"https:\/\/www.altinget.dk\/artikel\/dan-joergensen-i-dag-begynder-slutspurten-mod-cop28-her-er-danmarks-prioriteringer\" target=\"_blank\">skriver<\/a><a href=\"https:\/\/www.altinget.dk\/artikel\/dan-joergensen-i-dag-begynder-slutspurten-mod-cop28-her-er-danmarks-prioriteringer\"> <\/a><a rel=\"noreferrer noopener\" href=\"https:\/\/www.altinget.dk\/artikel\/dan-joergensen-i-dag-begynder-slutspurten-mod-cop28-her-er-danmarks-prioriteringer\" target=\"_blank\">han<\/a><a href=\"https:\/\/www.altinget.dk\/artikel\/dan-joergensen-i-dag-begynder-slutspurten-mod-cop28-her-er-danmarks-prioriteringer\"> i <\/a><a rel=\"noreferrer noopener\" href=\"https:\/\/www.altinget.dk\/artikel\/dan-joergensen-i-dag-begynder-slutspurten-mod-cop28-her-er-danmarks-prioriteringer\" target=\"_blank\">en<\/a><a href=\"https:\/\/www.altinget.dk\/artikel\/dan-joergensen-i-dag-begynder-slutspurten-mod-cop28-her-er-danmarks-prioriteringer\"> <\/a><a rel=\"noreferrer noopener\" href=\"https:\/\/www.altinget.dk\/artikel\/dan-joergensen-i-dag-begynder-slutspurten-mod-cop28-her-er-danmarks-prioriteringer\" target=\"_blank\">kronik<\/a>. Statsministeren pointerer ogs\u00e5, at <a rel=\"noreferrer noopener\" href=\"https:\/\/www.dr.dk\/nyheder\/seneste\/mette-frederiksen-tager-til-klimatopmoede-de-rige-lande-skal-levere\" target=\"_blank\">Danmark<\/a><a href=\"https:\/\/www.dr.dk\/nyheder\/seneste\/mette-frederiksen-tager-til-klimatopmoede-de-rige-lande-skal-levere\"> <\/a><a rel=\"noreferrer noopener\" href=\"https:\/\/www.dr.dk\/nyheder\/seneste\/mette-frederiksen-tager-til-klimatopmoede-de-rige-lande-skal-levere\" target=\"_blank\">vil<\/a><a href=\"https:\/\/www.dr.dk\/nyheder\/seneste\/mette-frederiksen-tager-til-klimatopmoede-de-rige-lande-skal-levere\"> <\/a><a rel=\"noreferrer noopener\" href=\"https:\/\/www.dr.dk\/nyheder\/seneste\/mette-frederiksen-tager-til-klimatopmoede-de-rige-lande-skal-levere\" target=\"_blank\">presse<\/a><a href=\"https:\/\/www.dr.dk\/nyheder\/seneste\/mette-frederiksen-tager-til-klimatopmoede-de-rige-lande-skal-levere\"> <\/a><a rel=\"noreferrer noopener\" href=\"https:\/\/www.dr.dk\/nyheder\/seneste\/mette-frederiksen-tager-til-klimatopmoede-de-rige-lande-skal-levere\" target=\"_blank\">p\u00e5<\/a><a href=\"https:\/\/www.dr.dk\/nyheder\/seneste\/mette-frederiksen-tager-til-klimatopmoede-de-rige-lande-skal-levere\"> <\/a><a rel=\"noreferrer noopener\" href=\"https:\/\/www.dr.dk\/nyheder\/seneste\/mette-frederiksen-tager-til-klimatopmoede-de-rige-lande-skal-levere\" target=\"_blank\">for<\/a><a href=\"https:\/\/www.dr.dk\/nyheder\/seneste\/mette-frederiksen-tager-til-klimatopmoede-de-rige-lande-skal-levere\"> <\/a><a rel=\"noreferrer noopener\" href=\"https:\/\/www.dr.dk\/nyheder\/seneste\/mette-frederiksen-tager-til-klimatopmoede-de-rige-lande-skal-levere\" target=\"_blank\">at<\/a><a href=\"https:\/\/www.dr.dk\/nyheder\/seneste\/mette-frederiksen-tager-til-klimatopmoede-de-rige-lande-skal-levere\"> <\/a><a rel=\"noreferrer noopener\" href=\"https:\/\/www.dr.dk\/nyheder\/seneste\/mette-frederiksen-tager-til-klimatopmoede-de-rige-lande-skal-levere\" target=\"_blank\">sikre<\/a><a href=\"https:\/\/www.dr.dk\/nyheder\/seneste\/mette-frederiksen-tager-til-klimatopmoede-de-rige-lande-skal-levere\"> <\/a><a rel=\"noreferrer noopener\" href=\"https:\/\/www.dr.dk\/nyheder\/seneste\/mette-frederiksen-tager-til-klimatopmoede-de-rige-lande-skal-levere\" target=\"_blank\">de<\/a><a href=\"https:\/\/www.dr.dk\/nyheder\/seneste\/mette-frederiksen-tager-til-klimatopmoede-de-rige-lande-skal-levere\"> <\/a><a rel=\"noreferrer noopener\" href=\"https:\/\/www.dr.dk\/nyheder\/seneste\/mette-frederiksen-tager-til-klimatopmoede-de-rige-lande-skal-levere\" target=\"_blank\">sociale<\/a><a href=\"https:\/\/www.dr.dk\/nyheder\/seneste\/mette-frederiksen-tager-til-klimatopmoede-de-rige-lande-skal-levere\"> balance<\/a>r i den globale klimaindsats.<\/p>\n\n<p>Dan J\u00f8rgensen kan f\u00e5 en vigtig rolle p\u00e5 dette klimatopm\u00f8de, da han sammen med den sydafrikanske milj\u00f8minister, Barbara Creecy, <a rel=\"noreferrer noopener\" href=\"https:\/\/klimamonitor.dk\/nyheder\/art9636466\/Dan-J%C3%B8rgensen-kan-f%C3%A5-%C2%BBmeget%C2%AB-vigtig-rolle-i-Dubai\" target=\"_blank\">skal lede forhandlingerne<\/a> om global stocktake &#8211; den f\u00f8rste store evaluering af, hvor t\u00e6t &#8211; eller m\u00e5ske n\u00e6rmere langt fra &#8211; verdens lande er p\u00e5 m\u00e5lene i Paris-aftalen.&nbsp;<\/p>\n\n<figure class=\"wp-block-image size-large\"><img loading=\"lazy\" decoding=\"async\" width=\"1024\" height=\"553\" src=\"https:\/\/www.greenpeace.org\/static\/planet4-denmark-stateless\/2023\/11\/19213b19-dubai-kort-stor-1024x553.png\" alt=\"\" class=\"wp-image-58693\" srcset=\"https:\/\/www.greenpeace.org\/static\/planet4-denmark-stateless\/2023\/11\/19213b19-dubai-kort-stor-1024x553.png 1024w, https:\/\/www.greenpeace.org\/static\/planet4-denmark-stateless\/2023\/11\/19213b19-dubai-kort-stor-300x162.png 300w, https:\/\/www.greenpeace.org\/static\/planet4-denmark-stateless\/2023\/11\/19213b19-dubai-kort-stor-768x415.png 768w, https:\/\/www.greenpeace.org\/static\/planet4-denmark-stateless\/2023\/11\/19213b19-dubai-kort-stor-510x276.png 510w, https:\/\/www.greenpeace.org\/static\/planet4-denmark-stateless\/2023\/11\/19213b19-dubai-kort-stor.png 1227w\" sizes=\"auto, (max-width: 1024px) 100vw, 1024px\" \/><\/figure>\n\n<h2 class=\"wp-block-heading\"><strong>Hvad betyder det, at klimatopm\u00f8det foreg\u00e5r i en oliestat?<\/strong><\/h2>\n\n<p>Alle lande, der er med i FN&#8217;s klimakonvention og har forpligtet sig til m\u00e5lene i Parisaftalen, kan v\u00e6re v\u00e6rter for FN&#8217;s \u00e5rlige klimakonferencer, og som alle andre COP-pr\u00e6sidentskaber kan De Forenede Arabiske Emirater ikke handle ud fra national egeninteresse. Som ledere for COP28 skal emiraterne sende et klart signal om, at topm\u00f8det i Dubai ikke er en greenwashing af olie- og gasindustrien.<\/p>\n\n<p>En udfasning af fossile br\u00e6ndsler \u2013 som er hovedtemaet for COP28 \u2013 er en stor udfordring for Golf-landene. Deres \u00f8konomi har i \u00e5rtier i h\u00f8j grad v\u00e6ret afh\u00e6ngig af olie og gas og er det fortsat. Men klimaforandringerne udg\u00f8r en eksistentiel trussel for mange lande i regionen, og blandt Golf-landene er De Forenede Arabiske Emirater nu i en ideel position til at tage teten i omstillingen i regionen.<\/p>\n\n<p>Valget af De Forenede Arabiske Emirater som v\u00e6rter for COP28 kom fra Asien-Stillehavsregionen. Greenpeace respekterer regionens valg af v\u00e6rtsland for klimaforhandlingerne og opfordrer De Forenede Arabiske Emirater til at arbejde for et vellykket resultat.<\/p>\n\n<h2 class=\"wp-block-heading\"><strong>Hvad er forventningerne til et resultat ved COP28?<\/strong><\/h2>\n\n<p>Klimatopm\u00f8der er flere gange tidligere sl\u00e5et fejl. Klimatopm\u00f8det i K\u00f8benhavn i 2009 endte som bekendt som en stor skuffelse \u2013 selvom man n\u00e5ede frem til princippet om at n\u00e5 m\u00e5let om 2 graders klima\u00e6ndringer inden udgangen af \u00e5rhundredet. Men landene n\u00e5ede ikke frem til nogen politisk eller juridisk bindende aftale, som ved Kyoto-aftalen fra 1996.<\/p>\n\n<p>COP28 kan blive endnu en fiasko, hvor verdens ledere viser sig ude i stand til at g\u00f8re det n\u00f8dvendige. Eller det kan blive vendepunktet, hvor vi kollektivt beslutter os for at udfase alle fossile br\u00e6ndsler. Hvor vi stopper jagten p\u00e5 ny olie, kul og gas, og hvor vi kommer i gang med at betale dem, der rammes af klimakrisens konsekvenser, for de tab og skader de lider under. I Greenpeace vil vi g\u00f8re vores for, at vi f\u00e5r en ambiti\u00f8s aftale, der respekterer klimavidenskaben og bliver juridisk bindende.<\/p>\n\n<p><em>L\u00e6s ogs\u00e5: <a rel=\"noreferrer noopener\" href=\"https:\/\/www.greenpeace.org\/denmark\/nyhed\/klimaforandringer\/her-er-hvad-der-skal-til-for-at-fns-klimatopmoede-i-dubai-bliver-en-succes\/?preview_id=58857&amp;preview_nonce=e5eef93993&amp;preview=true&amp;_thumbnail_id=58860\" target=\"_blank\">Her er, hvad der skal til for at FN\u2019s klimatopm\u00f8de i Dubai bliver en succes<\/a><\/em><\/p>\n\t\t\t<section\n\t\t\tclass=\"boxout post-5141  sticky-bottom-mobile collapse show\"\n\t\t\tid=\"action-card\"\n\t\t>\n\t\t\t<a\n\t\t\t\tdata-ga-category=\"Take Action Boxout\"\n\t\t\t\tdata-ga-action=\"Image\"\n\t\t\t\tdata-ga-label=\"n\/a\"\n\t\t\t\tclass=\"cover-card-overlay\"\n\t\t\t\thref=\"https:\/\/www.greenpeace.org\/denmark\/vaer-med\/klimakrise-er-her-nu\/\" \n\t\t\t><\/a>\n\t\t\t\t\t\t\t<img\n\t\t\t\t\t\tsrc=\"https:\/\/www.greenpeace.org\/static\/planet4-denmark-stateless\/2021\/08\/d0757f13-gettyimages-1234407019-1024x681.jpg\"\n\t\t\t\t\t\tsrcset=\"https:\/\/www.greenpeace.org\/static\/planet4-denmark-stateless\/2021\/08\/d0757f13-gettyimages-1234407019-300x200.jpg 300w, https:\/\/www.greenpeace.org\/static\/planet4-denmark-stateless\/2021\/08\/d0757f13-gettyimages-1234407019-1024x681.jpg 1024w, https:\/\/www.greenpeace.org\/static\/planet4-denmark-stateless\/2021\/08\/d0757f13-gettyimages-1234407019-768x511.jpg 768w, https:\/\/www.greenpeace.org\/static\/planet4-denmark-stateless\/2021\/08\/d0757f13-gettyimages-1234407019-510x340.jpg 510w, https:\/\/www.greenpeace.org\/static\/planet4-denmark-stateless\/2021\/08\/d0757f13-gettyimages-1234407019.jpg 1048w\"\n\t\t\t\t\t\tsizes=\"(min-width: 1000px) 358px, (min-width: 780px) 313px, 88px\"\n\t\t\t\t\t\talt=\"Klimaforandringer for\u00e5rsager brande\" title=\"Klimaforandringer for\u00e5rsager brande\"\n\t\t\t\t\/>\n            \t\t\t<div class=\"boxout-content\">\n\t\t\t\t\t\t\t\t\t<a\n\t\t\t\t\t\tclass=\"boxout-heading medium\"\n\t\t\t\t\t\tdata-ga-category=\"Take Action Boxout\"\n\t\t\t\t\t\tdata-ga-action=\"Title\"\n\t\t\t\t\t\tdata-ga-label=\"n\/a\"\n\t\t\t\t\t\thref=\"https:\/\/www.greenpeace.org\/denmark\/vaer-med\/klimakrise-er-her-nu\/\"\n\t\t\t\t\t\t\n\t\t\t\t\t>\n\t\t\t\t\t\tStop klimakrisen\n\t\t\t\t\t<\/a>\n\t\t\t\t\t\t\t\t\t\t\t\t\t<p class=\"boxout-excerpt\">Ny klimarapport afsl\u00f8rer, klimakrisen rammer os hurtigere og h\u00e5rdere, end hidtil troet. L\u00e6s mere om hvad der skal til for at bremse klimaforandringer.<\/p>\n\t\t\t\t                                    <a\n                        class=\"btn btn-primary\"\n                        data-ga-category=\"Take Action Boxout\"\n                        data-ga-action=\"Call to Action\"\n                        data-ga-label=\"n\/a\"\n                        href=\"https:\/\/www.greenpeace.org\/denmark\/vaer-med\/klimakrise-er-her-nu\/\"\n                        \n                    >\n                        V\u00e6r med\n                    <\/a>\n                \t\t\t<\/div>\n\t\t\t\t\t\t\t<a\n\t\t\t\t\tclass=\"not-now\"\n\t\t\t\t\trole=\"button\"\n\t\t\t\t\tdata-bs-toggle=\"collapse\"\n\t\t\t\t\thref=\"#action-card\"\n\t\t\t\t><\/a>\n\t\t\t\t\t<\/section>\n\t","protected":false},"excerpt":{"rendered":"<p>Fra slutningen af november 2023 og to uger frem samles 197 lande i Dubai for at fors\u00f8ge at blive enige om l\u00f8sninger p\u00e5 den globale klimakrise. Her f\u00e5r du svar p\u00e5 en r\u00e6kke af de vigtigste sp\u00f8rgsm\u00e5l om \u00e5rets klimatopm\u00f8de.\u00a0<\/p>\n","protected":false},"author":104,"featured_media":58686,"comment_status":"closed","ping_status":"closed","sticky":false,"template":"","format":"standard","meta":{"ep_exclude_from_search":false,"p4_og_title":"Din guide til FN\u2019s klimatopm\u00f8de COP28 i Dubai","p4_og_description":"Fra slutningen af november 2023 og to uger frem samles 197 lande i Dubai for at fors\u00f8ge at blive enige om l\u00f8sninger p\u00e5 den globale klimakrise. Her f\u00e5r du svar p\u00e5 en r\u00e6kke af de vigtigste sp\u00f8rgsm\u00e5l om \u00e5rets klimatopm\u00f8de.\u00a0","p4_og_image":"","p4_og_image_id":"","p4_seo_canonical_url":"","p4_campaign_name":"","p4_local_project":"","p4_basket_name":"","p4_department":"","footnotes":""},"categories":[1],"tags":[19,24],"p4-page-type":[72],"class_list":["post-58682","post","type-post","status-publish","format-standard","has-post-thumbnail","hentry","category-klimaforandringer","tag-fossilenergi","tag-klima","p4-page-type-viden"],"_links":{"self":[{"href":"https:\/\/www.greenpeace.org\/denmark\/wp-json\/wp\/v2\/posts\/58682","targetHints":{"allow":["GET"]}}],"collection":[{"href":"https:\/\/www.greenpeace.org\/denmark\/wp-json\/wp\/v2\/posts"}],"about":[{"href":"https:\/\/www.greenpeace.org\/denmark\/wp-json\/wp\/v2\/types\/post"}],"author":[{"embeddable":true,"href":"https:\/\/www.greenpeace.org\/denmark\/wp-json\/wp\/v2\/users\/104"}],"replies":[{"embeddable":true,"href":"https:\/\/www.greenpeace.org\/denmark\/wp-json\/wp\/v2\/comments?post=58682"}],"version-history":[{"count":13,"href":"https:\/\/www.greenpeace.org\/denmark\/wp-json\/wp\/v2\/posts\/58682\/revisions"}],"predecessor-version":[{"id":59429,"href":"https:\/\/www.greenpeace.org\/denmark\/wp-json\/wp\/v2\/posts\/58682\/revisions\/59429"}],"wp:featuredmedia":[{"embeddable":true,"href":"https:\/\/www.greenpeace.org\/denmark\/wp-json\/wp\/v2\/media\/58686"}],"wp:attachment":[{"href":"https:\/\/www.greenpeace.org\/denmark\/wp-json\/wp\/v2\/media?parent=58682"}],"wp:term":[{"taxonomy":"category","embeddable":true,"href":"https:\/\/www.greenpeace.org\/denmark\/wp-json\/wp\/v2\/categories?post=58682"},{"taxonomy":"post_tag","embeddable":true,"href":"https:\/\/www.greenpeace.org\/denmark\/wp-json\/wp\/v2\/tags?post=58682"},{"taxonomy":"p4-page-type","embeddable":true,"href":"https:\/\/www.greenpeace.org\/denmark\/wp-json\/wp\/v2\/p4-page-type?post=58682"}],"curies":[{"name":"wp","href":"https:\/\/api.w.org\/{rel}","templated":true}]}}