{"id":59780,"date":"2024-02-07T16:13:49","date_gmt":"2024-02-07T15:13:49","guid":{"rendered":"https:\/\/www.greenpeace.org\/denmark\/?p=59780"},"modified":"2024-02-07T16:13:53","modified_gmt":"2024-02-07T15:13:53","slug":"cop-aftalen-gaelder-jo-ogsaa-for-den-danske-olieproduktion-dan-joergensen","status":"publish","type":"post","link":"https:\/\/www.greenpeace.org\/denmark\/nyhed\/klimaforandringer\/cop-aftalen-gaelder-jo-ogsaa-for-den-danske-olieproduktion-dan-joergensen\/","title":{"rendered":"COP-aftalen g\u00e6lder jo ogs\u00e5 for den danske olieproduktion, Dan J\u00f8rgensen"},"content":{"rendered":"\n<p><strong>Hvis vi skal omstille v\u00e6k fra fossile br\u00e6ndsler, som der stod i COP28-aftalen, m\u00e5 det allerf\u00f8rste skridt m\u00e5 v\u00e6re et stop for al ny olie- og gasjagt. Ogs\u00e5 i Danmark. Alligevel sidder Energistyrelsen lige nu og behandler en ans\u00f8gning om at \u00e5bne et k\u00e6mpestort olie- og gasfelt i Nords\u00f8en.<\/strong><\/p>\n\n<figure class=\"wp-block-image size-full  caption-alignment-left\"><img loading=\"lazy\" decoding=\"async\" width=\"800\" height=\"600\" src=\"https:\/\/www.greenpeace.org\/static\/planet4-denmark-stateless\/2024\/02\/e6daafa1-gp0stysz9_low_res.jpg\" alt=\"\" class=\"wp-image-59783\" srcset=\"https:\/\/www.greenpeace.org\/static\/planet4-denmark-stateless\/2024\/02\/e6daafa1-gp0stysz9_low_res.jpg 800w, https:\/\/www.greenpeace.org\/static\/planet4-denmark-stateless\/2024\/02\/e6daafa1-gp0stysz9_low_res-300x225.jpg 300w, https:\/\/www.greenpeace.org\/static\/planet4-denmark-stateless\/2024\/02\/e6daafa1-gp0stysz9_low_res-768x576.jpg 768w, https:\/\/www.greenpeace.org\/static\/planet4-denmark-stateless\/2024\/02\/e6daafa1-gp0stysz9_low_res-453x340.jpg 453w\" sizes=\"auto, (max-width: 800px) 100vw, 800px\" \/><figcaption class=\"wp-element-caption\">COP28-aftalen kan kun blive vigtig, hvis vi overs\u00e6tter den til konkret politik. Ikke hvis vi som saudierne ser den som en \u201ca la carte menu\u201d, vi selv kan v\u00e6lge frit fra, siger Helene Hagel.                              \u00a9 Greenpeace<\/figcaption><\/figure>\n\n<p>En \u201ca la carte menu\u201d, som landene frit kan v\u00e6lge fra. S\u00e5dan beskriver <a href=\"https:\/\/twitter.com\/Amena__Bakr\/status\/1745137458864414779\" target=\"_blank\" rel=\"noreferrer noopener\">den saudiske energiminister<\/a> COP28-resultatet. Omvendt mener vores egen <a href=\"https:\/\/www.altinget.dk\/klima\/artikel\/dan-joergensen-efter-cop28-aftalen-var-ikke-perfekt-men-der-er-grund-til-optimisme\" target=\"_blank\" rel=\"noreferrer noopener\">Dan J\u00f8rgensen<\/a>, at klimatopm\u00f8dets beslutning om, at vi skal omstille v\u00e6k fra fossile br\u00e6ndsler kun kan pege \u00e9n vej: \u201cNu er det skrevet ind, hvilken retning verden skal bev\u00e6ge sig. Det betyder, at alle fremtidige beslutninger i COP-regi tager udgangspunkt i det.\u201d&nbsp;<\/p>\n\n<p>Dan J\u00f8rgensen har ret: COP28-beslutningen om, at vi skal omstille v\u00e6k fra fossile br\u00e6ndsler, er vildt vigtig. Hvis den alts\u00e5 bruges aktivt.&nbsp;<\/p>\n\n<h2 class=\"wp-block-heading\">Hvad betyder COP28 i Danmark?<\/h2>\n\n<p>Intet enkelt klimatopm\u00f8de vil nogensinde bringe os i m\u00e5l. Teksten har kun den v\u00e6rdi, som nationale politikere, borgere, aktivister, investorer, erhvervsledere og lovgivere giver den efterf\u00f8lgende. Der er COP to uger om \u00e5ret. De resterende 50 er en kamp om<em> <\/em>at bruge <em>ogs\u00e5<\/em> COP-beslutningerne til at presse p\u00e5 for hurtig handling. Derfor har vi brug for politikere, der overs\u00e6tter slutteksternes per definition svage og vage formuleringer til konkret klimapolitik.&nbsp;<\/p>\n\n<p>Hvad skal der s\u00e5 til for, at Dubai-aftalen f\u00e5r lige s\u00e5 stor, norms\u00e6ttende betydning som Parisaftalen og Kyotoprotokollen? Hvad skal der til for, at enigheden, om at vi skal \u201comstille v\u00e6k fra fossile br\u00e6ndsler\u201d, f\u00e5r st\u00f8rre betydning, end <a href=\"https:\/\/www.altinget.dk\/klima\/artikel\/dan-joergensen-efter-cop28-aftalen-var-ikke-perfekt-men-der-er-grund-til-optimisme\" target=\"_blank\" rel=\"noreferrer noopener\">\u201chvad juraen i aftalen forpligter landene til\u201d<\/a>? Hvad skal der til for, at aftalen vil \u201cs\u00e6tte retning\u201d?<\/p>\n\n<figure class=\"wp-block-image size-large  caption-alignment-left\"><img loading=\"lazy\" decoding=\"async\" width=\"1024\" height=\"768\" src=\"https:\/\/www.greenpeace.org\/static\/planet4-denmark-stateless\/2024\/02\/f2a2f8d9-gp0stvcqf_pressmedia-1024x768.jpg\" alt=\"\" class=\"wp-image-59788\" srcset=\"https:\/\/www.greenpeace.org\/static\/planet4-denmark-stateless\/2024\/02\/f2a2f8d9-gp0stvcqf_pressmedia-1024x768.jpg 1024w, https:\/\/www.greenpeace.org\/static\/planet4-denmark-stateless\/2024\/02\/f2a2f8d9-gp0stvcqf_pressmedia-300x225.jpg 300w, https:\/\/www.greenpeace.org\/static\/planet4-denmark-stateless\/2024\/02\/f2a2f8d9-gp0stvcqf_pressmedia-768x576.jpg 768w, https:\/\/www.greenpeace.org\/static\/planet4-denmark-stateless\/2024\/02\/f2a2f8d9-gp0stvcqf_pressmedia-1536x1152.jpg 1536w, https:\/\/www.greenpeace.org\/static\/planet4-denmark-stateless\/2024\/02\/f2a2f8d9-gp0stvcqf_pressmedia-2048x1536.jpg 2048w, https:\/\/www.greenpeace.org\/static\/planet4-denmark-stateless\/2024\/02\/f2a2f8d9-gp0stvcqf_pressmedia-1821x1366.jpg 1821w, https:\/\/www.greenpeace.org\/static\/planet4-denmark-stateless\/2024\/02\/f2a2f8d9-gp0stvcqf_pressmedia-453x340.jpg 453w\" sizes=\"auto, (max-width: 1024px) 100vw, 1024px\" \/><figcaption><div class=\"credit icon-left\"> \u00a9 Matthew Kemp \/ Greenpeace<\/div><\/figcaption><\/figure>\n\n<h2 class=\"wp-block-heading\">F\u00f8rste skridt er et stop for al ny olie- og gasjagt<\/h2>\n\n<p>Det er ret simpelt: Det absolut allerf\u00f8rste der skal til, m\u00e5 logisk set v\u00e6re et stop for al ny olie- og gasjagt. Ogs\u00e5 i Danmark. Vi kommer ingen steder, hvis vi ikke kan blive enige s\u00e5 langt. Jeg kan da heller ikke se, hvordan Dan J\u00f8rgensen og regeringens \u00f8vrige ministre overhovedet kan overs\u00e6tte en \u201comstilling v\u00e6k fra\u201d p\u00e5 andre m\u00e5der end med et \u00f8jeblikkeligt stop for alle nye tilladelser til at tr\u00e6kke olie og gas op af den danske undergrund.<\/p>\n\n<p>Alligevel sidder Energistyrelsen lige nu og behandler en ans\u00f8gning om at \u00e5bne et nyt og k\u00e6mpestort olie- og gasfelt i Nords\u00f8en, Hejre-feltet. Fossilgiganten INEOS har s\u00f8gt om lov til at starte produktion i Hejre-feltet i Nords\u00f8en, hvorfra de forventer en produktion p\u00e5 25.000 t\u00f8nder olie om dagen.&nbsp;<\/p>\n\n<h2 class=\"wp-block-heading\">Tilladelse til Hejre-feltet g\u00e5r uden om politikerne<\/h2>\n\n<p>Grunden til, at beslutningen ligger administrativt i Energistyrelsen og ikke politisk ved klimaminister Lars Aagaard, er alene den, at selve licensen til Hejre-feltet, er givet for mere end femogtyve \u00e5r siden. Til trods for at feltet aldrig har v\u00e6ret i produktion, og der immerv\u00e6k er l\u00f8bet meget olie under broen og lavet mange klimaaftaler, videnskabelige rapporter og udregninger af CO2-budgetter, siden da, s\u00e5 betragtes en tilladelse af uforst\u00e5elige grunde alts\u00e5 stadig som en administrativ beslutning.&nbsp;<\/p>\n\n<p>Men hvordan kan en tilladelse, som g\u00e5r direkte imod al klimavidenskab, direkte imod alt det Danmark k\u00e6mper for internationalt og direkte imod COP28-aftalen om at \u201comstille v\u00e6k fra fossile br\u00e6ndsler\u201d, som Dan J\u00f8rgensen k\u00e6mpede s\u00e5 h\u00e5rdt for i Dubai, ikke skulle gennemg\u00e5 en demokratisk behandling i folketinget?&nbsp;<\/p>\n\n<p>Jeg b\u00e5de h\u00e5ber og tror, at Dan J\u00f8rgensen og de dygtige COP og BOGA-folk omkring ham synes, det er ret s\u00e5 ubelejligt, at Danmark nu er ved at give tilladelse til spritny fossil produktion. Men som global klimaminister vil han nok sende ansvaret for denne sag videre til sin kollega med det nationale ansvar for Nords\u00f8en, Lars Aagaard. Dern\u00e6st vil de sandsynligvis begge mene, at det er helt fornuftigt og efter bogen, at ansvaret for denne ans\u00f8gning er uddelegeret til Energistyrelsen, og at INEOS er i sin fulde ret til at starte ny produktion i Hejre-feltet. L\u00e6s selv Undergrundsloven, Nords\u00f8aftalen\u2026 de har jo licensen! Der er absolut intet, vi kan g\u00f8re.&nbsp;<\/p>\n\n<figure class=\"wp-block-image size-full  caption-alignment-left\"><img loading=\"lazy\" decoding=\"async\" width=\"714\" height=\"400\" src=\"https:\/\/www.greenpeace.org\/static\/planet4-denmark-stateless\/2024\/02\/f6430f32-hejre-jacket.webp\" title=\"fundamentet til platformen p\u00e5 Hejre-feltet\" alt=\"fundamentet til platformen p\u00e5 Hejre-feltet\" class=\"wp-image-59789\" srcset=\"https:\/\/www.greenpeace.org\/static\/planet4-denmark-stateless\/2024\/02\/f6430f32-hejre-jacket.webp 714w, https:\/\/www.greenpeace.org\/static\/planet4-denmark-stateless\/2024\/02\/f6430f32-hejre-jacket-300x168.webp 300w, https:\/\/www.greenpeace.org\/static\/planet4-denmark-stateless\/2024\/02\/f6430f32-hejre-jacket-510x286.webp 510w\" sizes=\"auto, (max-width: 714px) 100vw, 714px\" \/><figcaption class=\"wp-element-caption\">Hejre-platformens b\u00e6rende struktur, jacket-fundamentet, har st\u00e5et klar siden 2014. Men platformen er aldrig blevet f\u00e6rdig, og feltet er aldrig taget i brug. Den tidligere ejer, DONG, valgte at droppe projektet og solgte i 2017 licencen videre til fossilgiganten INEOS.<div class=\"credit icon-left\"> \u00a9 \u00d8rsted.dk<\/div><\/figcaption><\/figure>\n\n<h2 class=\"wp-block-heading\">Tag politisk ansvar, selv om det er b\u00f8vlet<\/h2>\n\n<p>Men jo, Dan J\u00f8rgensen og Lars Aagaard. Det er der faktisk. I er politikere, og jeres opgave er at lave politik. Selvf\u00f8lgelig kan I tage det politiske ansvar for denne potentielle katastrofe, der b\u00e5de vil kompromittere vores globale arbejde for fossil udfasning og muligheden for at holde os indenfor CO2-budgettet.<\/p>\n\n<p>Jeg siger ikke, det bliver nemt eller ub\u00f8vlet. Fossilindustrien har m\u00e5ske nogle kontraktlige argumenter for, at de har ret til at g\u00e5 g\u00e5 p\u00e5 jagt efter ny olie, selvom verden br\u00e6nder. I har til geng\u00e6ld b\u00e5de nationale og internationale klimaaftaler udover den moralske pligt til at st\u00e5 imod deres krav i en situation, hvor den planlagte fossile produktion frem mod 2030 i forvejen er dobbelt s\u00e5 stor, som der er plads til, hvis vi skal n\u00e5 1,5 gradersm\u00e5let. I skal faktisk blot argumentere for, at denne sag har \u201cv\u00e6sentlig betydning\u201d og dermed b\u00f8r v\u00e6re politisk. Det er vel ikke s\u00e5 sv\u00e6rt, n\u00e5r nu man faktisk <em>er<\/em> politiker og gerne vil v\u00e6re \u00e9n, der tager ansvar?&nbsp;<\/p>\n\n<h2 class=\"wp-block-heading\">S\u00e5dan bliver COP28 til konkret politik<\/h2>\n\n<p>I m\u00e5 tage beslutningsmagten tilbage fra Energistyrelsen og afvise denne ans\u00f8gning om ny fossil produktion i Nords\u00f8en. Det er nemlig s\u00e5dan, det ser ud, n\u00e5r man overs\u00e6tter COP28-aftalen til reel politik. Lige pr\u00e6cis som du s\u00e5 fint foresl\u00e5r, Dan J\u00f8rgensen.&nbsp;<\/p>\n\n<p>COP-aftalen betyder helt konkret et stop for al ny oliejagt. Det er fuldst\u00e6ndig underordnet, hvorn\u00e5r en eller anden licens er givet. COP28-aftalen kan kun blive vigtig, hvis vi overs\u00e6tter den til konkret politik. Ikke hvis vi som saudierne ser den som en \u201ca la carte menu\u201d, vi selv kan v\u00e6lge frit fra.&nbsp;<\/p>\n\n<p><em><a href=\"https:\/\/www.altinget.dk\/klima\/artikel\/greenpeace-afvis-ansoegningen-om-ny-fossil-produktion-i-nordsoeen-dan-joergensen\" target=\"_blank\" rel=\"noreferrer noopener\">Debatindl\u00e6gget er oprindeligt bragt i Altinget.dk<\/a><\/em><\/p>\n","protected":false},"excerpt":{"rendered":"<p>Hvis vi skal omstille v\u00e6k fra fossile br\u00e6ndsler, som der stod i COP28-aftalen, m\u00e5 det allerf\u00f8rste skridt m\u00e5 v\u00e6re et stop for al ny olie- og gasjagt. Ogs\u00e5 i Danmark. Alligevel sidder Energistyrelsen lige nu og behandler en ans\u00f8gning om at \u00e5bne et k\u00e6mpestort olie- og gasfelt i Nords\u00f8en.<\/p>\n","protected":false},"author":78,"featured_media":59783,"comment_status":"closed","ping_status":"closed","sticky":false,"template":"","format":"standard","meta":{"ep_exclude_from_search":false,"p4_og_title":"COP-aftalen g\u00e6lder jo ogs\u00e5 for den danske olieproduktion, Dan J\u00f8rgensen","p4_og_description":"Greenpeace: Hvis vi skal omstille v\u00e6k fra fossile br\u00e6ndsler, som der stod i COP28-aftalen, m\u00e5 det allerf\u00f8rste skridt m\u00e5 v\u00e6re et stop for al ny olie- og gasjagt. Ogs\u00e5 i Danmark. Alligevel sidder Energistyrelsen lige nu og behandler en ans\u00f8gning om at \u00e5bne et k\u00e6mpestort olie- og gasfelt i Nords\u00f8en.","p4_og_image":"","p4_og_image_id":"","p4_seo_canonical_url":"","p4_campaign_name":"","p4_local_project":"","p4_basket_name":"","p4_department":"","footnotes":""},"categories":[1],"tags":[19,24],"p4-page-type":[16],"class_list":["post-59780","post","type-post","status-publish","format-standard","has-post-thumbnail","hentry","category-klimaforandringer","tag-fossilenergi","tag-klima","p4-page-type-nyhed"],"_links":{"self":[{"href":"https:\/\/www.greenpeace.org\/denmark\/wp-json\/wp\/v2\/posts\/59780","targetHints":{"allow":["GET"]}}],"collection":[{"href":"https:\/\/www.greenpeace.org\/denmark\/wp-json\/wp\/v2\/posts"}],"about":[{"href":"https:\/\/www.greenpeace.org\/denmark\/wp-json\/wp\/v2\/types\/post"}],"author":[{"embeddable":true,"href":"https:\/\/www.greenpeace.org\/denmark\/wp-json\/wp\/v2\/users\/78"}],"replies":[{"embeddable":true,"href":"https:\/\/www.greenpeace.org\/denmark\/wp-json\/wp\/v2\/comments?post=59780"}],"version-history":[{"count":5,"href":"https:\/\/www.greenpeace.org\/denmark\/wp-json\/wp\/v2\/posts\/59780\/revisions"}],"predecessor-version":[{"id":59800,"href":"https:\/\/www.greenpeace.org\/denmark\/wp-json\/wp\/v2\/posts\/59780\/revisions\/59800"}],"wp:featuredmedia":[{"embeddable":true,"href":"https:\/\/www.greenpeace.org\/denmark\/wp-json\/wp\/v2\/media\/59783"}],"wp:attachment":[{"href":"https:\/\/www.greenpeace.org\/denmark\/wp-json\/wp\/v2\/media?parent=59780"}],"wp:term":[{"taxonomy":"category","embeddable":true,"href":"https:\/\/www.greenpeace.org\/denmark\/wp-json\/wp\/v2\/categories?post=59780"},{"taxonomy":"post_tag","embeddable":true,"href":"https:\/\/www.greenpeace.org\/denmark\/wp-json\/wp\/v2\/tags?post=59780"},{"taxonomy":"p4-page-type","embeddable":true,"href":"https:\/\/www.greenpeace.org\/denmark\/wp-json\/wp\/v2\/p4-page-type?post=59780"}],"curies":[{"name":"wp","href":"https:\/\/api.w.org\/{rel}","templated":true}]}}