{"id":60995,"date":"2024-04-30T17:39:58","date_gmt":"2024-04-30T15:39:58","guid":{"rendered":"https:\/\/www.greenpeace.org\/denmark\/?p=60995"},"modified":"2025-08-29T10:45:19","modified_gmt":"2025-08-29T08:45:19","slug":"klimapolitikkens-store-problem-har-en-simpel-loesning-beskat-hvert-eneste-ton-olie-kul-og-gas","status":"publish","type":"post","link":"https:\/\/www.greenpeace.org\/denmark\/nyhed\/klimaforandringer\/klimapolitikkens-store-problem-har-en-simpel-loesning-beskat-hvert-eneste-ton-olie-kul-og-gas\/","title":{"rendered":"Klimapolitikkens store problem har en simpel l\u00f8sning: Beskat hvert eneste ton olie, kul og gas"},"content":{"rendered":"\n<p><strong>Den globale fond for klimaskabte tab og skader indeholder lige nu mindre end en sjettedel af den erstatning, den danske minkbranche st\u00e5r til at f\u00e5. Men vi f\u00e5r ikke alle lande til at reducere deres udledninger, f\u00f8r den fond fyldes op, <strong>skriver klima- og milj\u00f8politisk leder, Helene Hagel<\/strong><\/strong>.<strong> Og l\u00f8sningen er faktisk b\u00e5de simpel og ligger lige for.<\/strong><\/p>\n\n<figure class=\"wp-block-image size-full  caption-alignment-left\"><img loading=\"lazy\" decoding=\"async\" width=\"800\" height=\"541\" src=\"https:\/\/www.greenpeace.org\/static\/planet4-denmark-stateless\/2024\/04\/d2f6e084-gp0stv5zb_low-res-800px.jpg\" alt=\"\" class=\"wp-image-60996\" srcset=\"https:\/\/www.greenpeace.org\/static\/planet4-denmark-stateless\/2024\/04\/d2f6e084-gp0stv5zb_low-res-800px.jpg 800w, https:\/\/www.greenpeace.org\/static\/planet4-denmark-stateless\/2024\/04\/d2f6e084-gp0stv5zb_low-res-800px-300x203.jpg 300w, https:\/\/www.greenpeace.org\/static\/planet4-denmark-stateless\/2024\/04\/d2f6e084-gp0stv5zb_low-res-800px-768x519.jpg 768w, https:\/\/www.greenpeace.org\/static\/planet4-denmark-stateless\/2024\/04\/d2f6e084-gp0stv5zb_low-res-800px-503x340.jpg 503w\" sizes=\"auto, (max-width: 800px) 100vw, 800px\" \/><figcaption><div class=\"credit icon-left\"> \u00a9 Chris J Ratcliffe \/ Greenpeace<\/div><\/figcaption><\/figure>\n\n<p>I Helsing\u00f8r for et par uger siden var minister for global klimapolitik Dan J\u00f8rgensen v\u00e6rt for et klimam\u00f8de for hele verden. Her satte man kursen mod COP29 i Azerbaijan til november, hvor det store tema bliver klimafinansiering til verdens fattigste. En af de st\u00f8rste \u2013 hvis ikke den st\u00f8rste \u2013 udfordring i den globale klimapolitik er, at de mest s\u00e5rbare folk rundt omkring i mange \u00e5r har haft b\u00e5de krav p\u00e5 og ret til \u00f8konomisk erstatning, men ikke har f\u00e5et den. F\u00f8r de mest s\u00e5rbare lande bliver kompenseret for de klimaskabte tab og skader, de lige nu oplever, og som kun vil vokse i de kommende \u00e5r, vil det v\u00e6re umuligt at f\u00e5 skabt tillid mellem landene og f\u00e5 alle med p\u00e5, at ogs\u00e5 de skal reducere deres udledninger hurtigt.&nbsp;<\/p>\n\n<p>Derfor f\u00e5r vi ikke h\u00e6vet det globale ambitionsniveau f\u00f8r vi 1) kommer i gang med at skaffe nogle af de penge, der skal ind i den nye klimafond til tab og skader, som hele verden oprettede p\u00e5 COP28 i Dubai sidste \u00e5r og 2) vedtager et retf\u00e6rdigt nyt finansieringm\u00e5l p\u00e5 COP29.&nbsp;<\/p>\n\n<p>Der er pt. 661 millioner USD i fonden, hvilket svarer til mindre end en sjettedel af den erstatning de danske minkavlere lige nu st\u00e5r til at f\u00e5. Og vi ved, at der er brug for op imod 580 milliarder USD inden 2030, hvis fonden skal kunne hj\u00e6lpe dem, der f\u00e5r brug for det.<\/p>\n\n<h2 class=\"wp-block-heading\"><strong>L\u00f8sningen er en afgift p\u00e5 hvert ton kul, olie og gas der indvindes \u2013 en CO2-skadeskat<\/strong><\/h2>\n\n<p>Heldigvis ligger l\u00f8sningen lige for. En l\u00f8sning, der ikke vil koste skatteborgerne penge, men som tv\u00e6rtimod ogs\u00e5 vil hj\u00e6lpe befolkningerne i de olieproducerende lande. Til og med en l\u00f8sning, der vil bidrage dobbelt til form\u00e5let: den vil skaffe penge til \u201cFonden for tab og skader\u201d, mens den samtidig vil sv\u00e6kke den fossile industri, der skaber klimakrisen og de medf\u00f8lgende tab og skader.<\/p>\n\n<p>Vores forslag er som f\u00f8lger:<\/p>\n\n<ul class=\"wp-block-list\">\n<li>En indledende afgift p\u00e5 5 USD per ton CO2e, der hvert \u00e5r stiger med yderligere 5 USD, hvilket vil generere:<\/li>\n<\/ul>\n\n<ul class=\"wp-block-list\">\n<li>41,9 milliarder USD i 2024, hvis afgiften udelukkende p\u00e5f\u00f8res af G7-landene. Ved udgangen af 2020\u2019erne vil det kumulerede provenue v\u00e6re 675 milliarder USD, hvoraf man kan bruge 80 pct. (540 milliarder) til \u201cFonden for tab og skader\u201d og 20 pct. (135 milliarder) til national klimahandling.<\/li>\n<\/ul>\n\n<ul class=\"wp-block-list\">\n<li>Hvis afgiften p\u00e5l\u00e6gges i alle OECD-lande, vil den kunne generere 56 milliarder USD i 2024. Inden 2030 vil den samlet set skaffe os 900 milliarder USD. Igen kan 80 pct. (720 mia. USD) g\u00e5 til \u201cFonden for tab og skader\u201d og 20 pct. (180 mia. USD) til national klimahandling.&nbsp;<\/li>\n<\/ul>\n\n<h2 class=\"wp-block-heading\"><strong>Forureneren skal betale<\/strong><\/h2>\n\n<p>De forventede \u00f8konomiske omkostninger for tab og skader ligger p\u00e5 mellem 290 og 580 mia. USD inden 2030. Men ved at benytte forureneren betaler princippet, vil langt st\u00f8rstedelen af det, der er brug for, alts\u00e5 kunne hentes p\u00e5 en direkte afgift p\u00e5 fossile br\u00e6ndsler.&nbsp;<\/p>\n\n<p>Men vil fossilindustrien s\u00e5 ikke blot tilbagef\u00f8re afgiften p\u00e5 forbrugerne \u2013 s\u00e5 benzin og kul bliver dyrere, og skatteborgerne ender med at betale? Vores forslag er meget klart: forbrugerne skal ikke betale prisen. Fossilindustrien har i gennemsnit haft 2,8 mia. USD i profit HVER DAG de sidste 50 \u00e5r. Industrien, ikke borgerne, skal betale regningen for klimakrisen. Regeringerne m\u00e5 derfor, hvor muligt, regulere for at kontrollere, at afgiften ikke l\u00e6gges over p\u00e5 forbrugerne, ved at kr\u00e6ve at fossilindustrien betaler afgiften fra deres profitter.&nbsp;<\/p>\n\n<p>Fordelene ved en \u201cCO2-skadeskat\u201d kan s\u00e5ledes opsummeres:&nbsp;<\/p>\n\n<p>1) Mobilisering af penge til at betale for tab og skader&nbsp;<\/p>\n\n<p>2) St\u00f8tte til omstilling for lokalsamfund i olieproducerende lande<\/p>\n\n<p>3) Accelerering af fossil udfasning ved at fordyre produktionen<\/p>\n\n<p>4) \u00d8konomisk pres p\u00e5 industrien til at \u00e6ndre sin forretningsmodel.<\/p>\n\n<p>Win. Win. Win. Win. Win. Win\u2026.<\/p>\n\t\t\t<section\n\t\t\tclass=\"boxout post-65943 \"\n\t\t\t\n\t\t>\n\t\t\t<a\n\t\t\t\tdata-ga-category=\"Take Action Boxout\"\n\t\t\t\tdata-ga-action=\"Image\"\n\t\t\t\tdata-ga-label=\"n\/a\"\n\t\t\t\tclass=\"cover-card-overlay\"\n\t\t\t\thref=\"https:\/\/www.greenpeace.org\/denmark\/vaer-med\/klimaskat-pa-oliegiganterne\/\" \n\t\t\t><\/a>\n\t\t\t\t\t\t\t<img\n\t\t\t\t\t\tsrc=\"https:\/\/www.greenpeace.org\/static\/planet4-denmark-stateless\/2025\/03\/408be879-total-gave-low-1024x683.jpg\"\n\t\t\t\t\t\tsrcset=\"https:\/\/www.greenpeace.org\/static\/planet4-denmark-stateless\/2025\/03\/408be879-total-gave-low-300x200.jpg 300w, https:\/\/www.greenpeace.org\/static\/planet4-denmark-stateless\/2025\/03\/408be879-total-gave-low-1024x683.jpg 1024w, https:\/\/www.greenpeace.org\/static\/planet4-denmark-stateless\/2025\/03\/408be879-total-gave-low-768x512.jpg 768w, https:\/\/www.greenpeace.org\/static\/planet4-denmark-stateless\/2025\/03\/408be879-total-gave-low-1536x1024.jpg 1536w, https:\/\/www.greenpeace.org\/static\/planet4-denmark-stateless\/2025\/03\/408be879-total-gave-low-2048x1366.jpg 2048w, https:\/\/www.greenpeace.org\/static\/planet4-denmark-stateless\/2025\/03\/408be879-total-gave-low-510x340.jpg 510w\"\n\t\t\t\t\t\tsizes=\"(min-width: 1000px) 358px, (min-width: 780px) 313px, 88px\"\n\t\t\t\t\t\talt=\"\" title=\"\"\n\t\t\t\t\/>\n            \t\t\t<div class=\"boxout-content\">\n\t\t\t\t\t\t\t\t\t<a\n\t\t\t\t\t\tclass=\"boxout-heading medium\"\n\t\t\t\t\t\tdata-ga-category=\"Take Action Boxout\"\n\t\t\t\t\t\tdata-ga-action=\"Title\"\n\t\t\t\t\t\tdata-ga-label=\"n\/a\"\n\t\t\t\t\t\thref=\"https:\/\/www.greenpeace.org\/denmark\/vaer-med\/klimaskat-pa-oliegiganterne\/\"\n\t\t\t\t\t\t\n\t\t\t\t\t>\n\t\t\t\t\t\tL\u00e6g klimaskat p\u00e5 oliegiganterne\ud83d\udcb8\n\t\t\t\t\t<\/a>\n\t\t\t\t\t\t\t\t\t\t\t\t\t<p class=\"boxout-excerpt\">Oliegiganterne skal st\u00e5 til ansvar og betale for de skader, de forvolder.<\/p>\n\t\t\t\t                                    <a\n                        class=\"btn btn-primary\"\n                        data-ga-category=\"Take Action Boxout\"\n                        data-ga-action=\"Call to Action\"\n                        data-ga-label=\"n\/a\"\n                        href=\"https:\/\/www.greenpeace.org\/denmark\/vaer-med\/klimaskat-pa-oliegiganterne\/\"\n                        \n                    >\n                        V\u00e6r med\n                    <\/a>\n                \t\t\t<\/div>\n\t\t\t\t\t<\/section>\n\t\n<p><em><a href=\"https:\/\/klimamonitor.dk\/debat\/art9871226\/Beskat-hvert-eneste-ton-olie-kul-og-gas\" data-type=\"link\" data-id=\"https:\/\/klimamonitor.dk\/debat\/art9871226\/Beskat-hvert-eneste-ton-olie-kul-og-gas\" target=\"_blank\" rel=\"noreferrer noopener\">Debatindl\u00e6gget er oprindeligt bragt i Klimamonitor<\/a><\/em><\/p>\n","protected":false},"excerpt":{"rendered":"<p>Den globale fond for klimaskabte tab og skader indeholder lige nu mindre end en sjettedel af den erstatning, den danske minkbranche st\u00e5r til at f\u00e5. Men vi f\u00e5r ikke alle lande til at reducere deres udledninger, f\u00f8r den fond fyldes op, skriver klima- og milj\u00f8politisk leder, Helene Hagel.<\/p>\n","protected":false},"author":78,"featured_media":60996,"comment_status":"closed","ping_status":"closed","sticky":false,"template":"","format":"standard","meta":{"ep_exclude_from_search":false,"p4_og_title":"Klimapolitikkens store problem har en simpel l\u00f8sning: Beskat hvert eneste ton olie, kul og gas","p4_og_description":"Den globale fond for klimaskabte tab og skader indeholder lige nu mindre end en sjettedel af den erstatning, den danske minkbranche st\u00e5r til at f\u00e5. Men vi f\u00e5r ikke alle lande til at reducere deres udledninger, f\u00f8r den fond fyldes op, skriver klima- og milj\u00f8politisk leder, Helene Hagel.","p4_og_image":"","p4_og_image_id":"","p4_seo_canonical_url":"","p4_campaign_name":"","p4_local_project":"","p4_basket_name":"","p4_department":"","footnotes":""},"categories":[1],"tags":[19,24],"p4-page-type":[16],"class_list":["post-60995","post","type-post","status-publish","format-standard","has-post-thumbnail","hentry","category-klimaforandringer","tag-fossilenergi","tag-klima","p4-page-type-nyhed"],"_links":{"self":[{"href":"https:\/\/www.greenpeace.org\/denmark\/wp-json\/wp\/v2\/posts\/60995","targetHints":{"allow":["GET"]}}],"collection":[{"href":"https:\/\/www.greenpeace.org\/denmark\/wp-json\/wp\/v2\/posts"}],"about":[{"href":"https:\/\/www.greenpeace.org\/denmark\/wp-json\/wp\/v2\/types\/post"}],"author":[{"embeddable":true,"href":"https:\/\/www.greenpeace.org\/denmark\/wp-json\/wp\/v2\/users\/78"}],"replies":[{"embeddable":true,"href":"https:\/\/www.greenpeace.org\/denmark\/wp-json\/wp\/v2\/comments?post=60995"}],"version-history":[{"count":4,"href":"https:\/\/www.greenpeace.org\/denmark\/wp-json\/wp\/v2\/posts\/60995\/revisions"}],"predecessor-version":[{"id":66416,"href":"https:\/\/www.greenpeace.org\/denmark\/wp-json\/wp\/v2\/posts\/60995\/revisions\/66416"}],"wp:featuredmedia":[{"embeddable":true,"href":"https:\/\/www.greenpeace.org\/denmark\/wp-json\/wp\/v2\/media\/60996"}],"wp:attachment":[{"href":"https:\/\/www.greenpeace.org\/denmark\/wp-json\/wp\/v2\/media?parent=60995"}],"wp:term":[{"taxonomy":"category","embeddable":true,"href":"https:\/\/www.greenpeace.org\/denmark\/wp-json\/wp\/v2\/categories?post=60995"},{"taxonomy":"post_tag","embeddable":true,"href":"https:\/\/www.greenpeace.org\/denmark\/wp-json\/wp\/v2\/tags?post=60995"},{"taxonomy":"p4-page-type","embeddable":true,"href":"https:\/\/www.greenpeace.org\/denmark\/wp-json\/wp\/v2\/p4-page-type?post=60995"}],"curies":[{"name":"wp","href":"https:\/\/api.w.org\/{rel}","templated":true}]}}