{"id":61474,"date":"2024-06-13T06:02:00","date_gmt":"2024-06-13T04:02:00","guid":{"rendered":"https:\/\/www.greenpeace.org\/denmark\/?p=61474"},"modified":"2024-09-17T13:54:14","modified_gmt":"2024-09-17T11:54:14","slug":"bagom-statens-retssag-mod-greenpeace","status":"publish","type":"post","link":"https:\/\/www.greenpeace.org\/denmark\/nyhed\/greenpeace\/bagom-statens-retssag-mod-greenpeace\/","title":{"rendered":"Bagom statens retssag mod Greenpeace"},"content":{"rendered":"\n<p><strong>Staten tr\u00e6kker Greenpeace i retten for fire fredelige aktioner mod russisk olie i marts 2022. Forst\u00e5 sagen, der b\u00e5de rejser sp\u00f8rgsm\u00e5l om myndighedernes prioriteringer, n\u00e5r det g\u00e6lder blokader af russisk olie, og om vores demokrati fortsat kan rumme fredelig civil ulydighed som protestform.&nbsp;<\/strong><\/p>\n\n<figure class=\"wp-block-image size-full  caption-alignment-left\"><img loading=\"lazy\" decoding=\"async\" width=\"800\" height=\"533\" src=\"https:\/\/www.greenpeace.org\/static\/planet4-denmark-stateless\/2024\/06\/ddacc8a6-gp1sx2ll_low-res-800px.jpg\" alt=\"\" class=\"wp-image-61470\" srcset=\"https:\/\/www.greenpeace.org\/static\/planet4-denmark-stateless\/2024\/06\/ddacc8a6-gp1sx2ll_low-res-800px.jpg 800w, https:\/\/www.greenpeace.org\/static\/planet4-denmark-stateless\/2024\/06\/ddacc8a6-gp1sx2ll_low-res-800px-300x200.jpg 300w, https:\/\/www.greenpeace.org\/static\/planet4-denmark-stateless\/2024\/06\/ddacc8a6-gp1sx2ll_low-res-800px-768x512.jpg 768w, https:\/\/www.greenpeace.org\/static\/planet4-denmark-stateless\/2024\/06\/ddacc8a6-gp1sx2ll_low-res-800px-510x340.jpg 510w\" sizes=\"auto, (max-width: 800px) 100vw, 800px\" \/><figcaption class=\"wp-element-caption\">Greenpeaces kampagnechef, Sune Scheller, deltog i tre af de fredelige protester, der er indg\u00e5r i retssagen. Her ligger han i vandet foran olietankeren SCF Baltica ved aktionen den 19. marts 2022. P\u00e5 banneret st\u00e5r der &#8220;Oil Fuels War&#8221;.<div class=\"credit icon-left\"> \u00a9 Will Rose \/ Greenpeace<\/div><\/figcaption><\/figure>\n\n<p><em>Opdatering den 17. september 2024: Den 3. september id\u00f8mte byretten Greenpeace en historisk stor b\u00f8de p\u00e5 360.000 kr. Greenpeace har i dag anket strafudm\u00e5lingen til landsretten. <\/em><\/p>\n\n<p>Den 18. juni kl. 9:00 skal Greenpeace m\u00f8de ved Retten i Svendborg i en sag, hvor myndighederne tager paragraffer i brug, der ikke tidligere har v\u00e6ret anvendt i sager som denne, og som kan f\u00f8re til en flerdobling af straffen for fredelig civil ulydighed.<\/p>\n\n<h2 class=\"wp-block-heading\"><strong>Hvad g\u00e5r sagen ud p\u00e5<\/strong><\/h2>\n\n<p>Sagen udspringer af <a href=\"https:\/\/www.greenpeace.org\/denmark\/nyhed\/klimaforandringer\/saadan-gik-vi-i-vejen-for-putins-olie-to-uger\/\" data-type=\"link\" data-id=\"https:\/\/www.greenpeace.org\/denmark\/nyhed\/klimaforandringer\/saadan-gik-vi-i-vejen-for-putins-olie-to-uger\/\" target=\"_blank\" rel=\"noreferrer noopener\">en r\u00e6kke fredelige aktioner<\/a> Greenpeace udf\u00f8rte tilbage i marts 2022, kun f\u00e5 uger efter at russiske bomber for f\u00f8rste gang faldt over Ukraine. I sympati med den ukrainske befolkning, fors\u00f8gte aktivister over flere omgange at blokere for russiske olietankere p\u00e5 vej gennem dansk farvand med olie, der skulle s\u00e6lges p\u00e5 verdensmarkedet og dermed skulle v\u00e6re med til at fylde den russiske krigskasse med valuta. Her to \u00e5r efter har anklagemyndigheden, p\u00e5 baggrund af en politianmeldelse fra S\u00f8fartsstyrelsen, s\u00e5 valgt at tr\u00e6kke Greenpeace i retten p\u00e5 grund af aktionerne.&nbsp;<\/p>\n\n<p>\u201cDet her er ikke alene et voldsomt angreb mod hele retten til fredelig protest, men ogs\u00e5 en helt absurd situation. For mens myndighederne bek\u00e6mper os i retten, sejler der&nbsp; dagligt adskillige tankere fra Putins rustne og lyssky skyggefl\u00e5de gennem de smalle danske str\u00e6der med sanktionsramt russisk olie. Olien finder stadig vej til danske forbrugere, og de nedslidte olietankere er mere end nogensinde en tikkende milj\u00f8bombe for vores havmilj\u00f8 og kyststr\u00e6kninger. Det virker \u00e6rlig talt som om, de danske myndigheder har lidt rod i deres prioriteter,\u201d siger kampagnechef for Greenpeace Danmark, Sune Scheller om sagen.<\/p>\n\n<p><em>L\u00e6s ogs\u00e5: <a href=\"https:\/\/www.greenpeace.org\/denmark\/nyhed\/natur\/skyggeflaade-med-russisk-olie-truer-dansk-havmiljoe\/\" data-type=\"link\" data-id=\"https:\/\/www.greenpeace.org\/denmark\/nyhed\/natur\/skyggeflaade-med-russisk-olie-truer-dansk-havmiljoe\/\" target=\"_blank\" rel=\"noreferrer noopener\">Skyggefl\u00e5de med russisk olie truer dansk havmilj\u00f8<\/a> <\/em><\/p>\n\n<figure class=\"wp-block-image size-full  caption-alignment-left\"><img loading=\"lazy\" decoding=\"async\" width=\"800\" height=\"533\" src=\"https:\/\/www.greenpeace.org\/static\/planet4-denmark-stateless\/2024\/06\/9d23b384-gp1sx9se_low-res-800px.jpg\" alt=\"\" class=\"wp-image-61480\" srcset=\"https:\/\/www.greenpeace.org\/static\/planet4-denmark-stateless\/2024\/06\/9d23b384-gp1sx9se_low-res-800px.jpg 800w, https:\/\/www.greenpeace.org\/static\/planet4-denmark-stateless\/2024\/06\/9d23b384-gp1sx9se_low-res-800px-300x200.jpg 300w, https:\/\/www.greenpeace.org\/static\/planet4-denmark-stateless\/2024\/06\/9d23b384-gp1sx9se_low-res-800px-768x512.jpg 768w, https:\/\/www.greenpeace.org\/static\/planet4-denmark-stateless\/2024\/06\/9d23b384-gp1sx9se_low-res-800px-510x340.jpg 510w\" sizes=\"auto, (max-width: 800px) 100vw, 800px\" \/><figcaption class=\"wp-element-caption\">Ved en aktion i \u00c5lb\u00e6k Bugt ved Skagen den 31. marts 2022 maler Greenpeace-aktivister fra Danmark, Sverige, Norge, Finland og Rusland her beskeden &#8220;Oil Fuels War&#8221; p\u00e5 siden af et tankskib.<div class=\"credit icon-left\"> \u00a9 Kristian Buus \/ Greenpeace<\/div><\/figcaption><\/figure>\n\n<h2 class=\"wp-block-heading\"><strong>Hvad skete der under aktionerne<\/strong><\/h2>\n\n<p>Greenpeace som organisation st\u00e5r anklaget for fire fredelige aktioner, vi udf\u00f8rte mod russiske olietransporter i dansk farvand den 18., 19., 25. og 31. marts 2022. <a href=\"https:\/\/www.greenpeace.org\/denmark\/pressemeddelelse\/klimaforandringer\/greenpeace-aktivister-skruer-op-for-olieprotester\/\" target=\"_blank\" rel=\"noreferrer noopener\">De tre f\u00f8rste forhold<\/a> handler om, at vi ved hj\u00e6lp af sv\u00f8mmere, kajakker og i et enkelt tilf\u00e6lde ogs\u00e5 det mindre sejlskib Tanker Tracker fors\u00f8gte at l\u00e6gge os i vejen for flere gigantiske russiske olietankere, der passerede forbi i farvandet syd for Langeland p\u00e5 deres vej fra en russisk oliehavn, op gennem Storeb\u00e6lt og op forbi Skagen.<\/p>\n\n<p>Med den fjerde aktion fors\u00f8gte aktivister at <a href=\"https:\/\/www.greenpeace.org\/denmark\/pressemeddelelse\/klimaforandringer\/aktivister-blokerer-omlastning-af-100-000-tons-russisk-olie-ved-frederikshavn\/\" target=\"_blank\" rel=\"noreferrer noopener\">forhindre en omlastning af russisk olie<\/a> mellem to tankskibe i \u00c5lb\u00e6k Bugt lige syd\u00f8st for Skagen. Denne fredelige protest var med Greenpeace \u00f8jne den mest succesfulde. Med kajakker, sv\u00f8mmere og sm\u00e5 gummib\u00e5de lykkedes det nemlig aktivisterne at blokere omlastningen af olie i mere end 24 timer, f\u00f8r politiet greb ind. Aktionen var med til at <a href=\"https:\/\/www.dr.dk\/nyheder\/regionale\/nordjylland\/greenpeace-aktivister-forhindrede-omlastning-af-100000-tons-russisk\" target=\"_blank\" rel=\"noreferrer noopener\">s\u00e6tte spot p\u00e5 Danmarks medvirken<\/a> til den russiske olieeksport, der fortsat medfinansierer den russiske krigsmaskine.&nbsp;<\/p>\n\n<h2 class=\"wp-block-heading\"><strong>Hvad betyder det, at der inddrages en ny slags paragraf i sagen<\/strong><\/h2>\n\n<p>Myndighederne vil have retten til at se det som en sk\u00e6rpende omst\u00e6ndighed, at der var tale om gentagne forseelser. Derudover kr\u00e6ver anklagemyndigheden oveni som noget nyt i den her slags sager, at der tr\u00e6kkes en paragraf ind fra straffeloven, \u00a7 81 nr. 1, der g\u00f8r det til en sk\u00e6rpende omst\u00e6ndighed, at vi som organisation er tidligere d\u00f8mt i andre lignende sager. Det kan betyde, at eventuelle b\u00f8der kan blive v\u00e6sentligt st\u00f8rre, hvilket vil f\u00e5 betydning for, om vi og andre organisationer fremover kan protestere fredeligt mod store multinationale olieselskaber, mod uretf\u00e6rdighed og for mere klimahandling og mere biodiversitet.&nbsp;<\/p>\n\n<p>\u201cAt bringe den paragraf i spil, kan set med vores \u00f8jne ikke tolkes som andet end et fors\u00f8g p\u00e5 helt at stoppe vores aktivisme ved at p\u00e5l\u00e6gge os nogle meget store b\u00f8der nu og i fremtiden. Det vidner om et stort demokratisk underskud, n\u00e5r et samfund fra magthavernes side ikke vil rumme fredelige protester. Det g\u00e6lder is\u00e6r, n\u00e5r der er tale om protester mod eksistentielle trusler som klimakrisen, men i h\u00f8j grad ogs\u00e5 n\u00e5r det g\u00e6lder vores store afh\u00e6ngighed af russisk olie, der finansierer bomberegn over den ukrainske civilbefolkning. Det er helt ude af proportioner, s\u00e5 det bliver vi n\u00f8dt til at k\u00e6mpe kraftigt imod,\u201d siger Sune Scheller.<\/p>\n\n<figure class=\"wp-block-image size-full  caption-alignment-left\"><img loading=\"lazy\" decoding=\"async\" width=\"800\" height=\"533\" src=\"https:\/\/www.greenpeace.org\/static\/planet4-denmark-stateless\/2024\/06\/14268c1b-gp1sx912_low-res-800px.jpg\" alt=\"\" class=\"wp-image-61472\" srcset=\"https:\/\/www.greenpeace.org\/static\/planet4-denmark-stateless\/2024\/06\/14268c1b-gp1sx912_low-res-800px.jpg 800w, https:\/\/www.greenpeace.org\/static\/planet4-denmark-stateless\/2024\/06\/14268c1b-gp1sx912_low-res-800px-300x200.jpg 300w, https:\/\/www.greenpeace.org\/static\/planet4-denmark-stateless\/2024\/06\/14268c1b-gp1sx912_low-res-800px-768x512.jpg 768w, https:\/\/www.greenpeace.org\/static\/planet4-denmark-stateless\/2024\/06\/14268c1b-gp1sx912_low-res-800px-510x340.jpg 510w\" sizes=\"auto, (max-width: 800px) 100vw, 800px\" \/><figcaption class=\"wp-element-caption\">I et d\u00f8gn fra den 31. marts til den 1. april 2022 l\u00e5 aktivister i vandet, i kajakker, og i sm\u00e5 gummib\u00e5de, i vejen for en omlastning af russisk olie mellem to tankskibe I \u00c5lb\u00e6k Bugt ved Skagen<div class=\"credit icon-left\"> \u00a9 Kristian Buus \/ Greenpeace<\/div><\/figcaption><\/figure>\n\n<h2 class=\"wp-block-heading\"><strong>Hvor sikre var aktionerne&nbsp;<\/strong><\/h2>\n\n<p>Forud for alle de fredelige protester, der indg\u00e5r i sagen, var der lavet grundige risikoanalyser for at sikre b\u00e5de aktivister og den generelle s\u00f8sikkerhed, ligesom Greenpeace ogs\u00e5 varslede b\u00e5de myndigheder og skibe forud. (En del af radiokommunikationen i forbindelse med aktionen ved Skagen <a href=\"https:\/\/www.tv2nord.dk\/frederikshavn\/lods-advarer-aktivister-i-lydklip-det-vil-vaere-meget-farligt-for-jer\" target=\"_blank\" rel=\"noreferrer noopener\">kan h\u00f8res her<\/a>. Her beslutter olietankerens lods sig for at begynde p\u00e5sejlingen igen, efter at skibet havde trukket sig i f\u00f8rste omgang. Det til trods for, at han var fuldt vidende om, at der l\u00e5 aktivister i vandet ved det andet tankskib.)&nbsp;<\/p>\n\n<p>\u201cInden en aktion bruger vi altid lang tid p\u00e5 vores grundige risikoanalyser, der skal sikre, at vores protester er ansvarligt udf\u00f8rt. Det gjorde vi selvf\u00f8lgelig ogs\u00e5 her. Det g\u00e6lder ogs\u00e5 for situationen i \u00c5lb\u00e6k Bugt, hvor det ene tankskib begyndte at insistere p\u00e5 at sejle hen for at omlaste sin olie, selvom de vidste, at vi l\u00e5 i vejen med sv\u00f8mmere, kajakker og sm\u00e5 gummib\u00e5de. S\u00e5dan et scenarie ligger der ogs\u00e5 klare procedurer for,\u201d siger Sune Scheller, der b\u00e5de f\u00f8rte den omtalte samtale med den danske lods, og ogs\u00e5 selv var en af de sv\u00f8mmere, der i en af de andre aktioner blev kastet i vandet foran et af tankskibene.&nbsp;<\/p>\n\n<h2 class=\"wp-block-heading\"><strong>Hvordan er det g\u00e5et i lignende retssager mod Greenpeace i andre lande<\/strong><\/h2>\n\n<p>Aktionerne udf\u00f8rt af Greenpeace Danmark i farvandet syd for Langeland og ud for Frederikshavn stod i 2022 langt fra alene. Fredelige protester mod import af russiske fossile br\u00e6ndsler fandt sted i mange europ\u00e6iske lande, mens de folkevalgte vaklede i deres beslutsomhed. I b\u00e5de Storbritannien og Finland har aktionerne ogs\u00e5 efterf\u00f8lgende f\u00f8rt til retssager.<\/p>\n\n<p>I november 2022 blev <a href=\"https:\/\/www.bbc.com\/news\/uk-england-essex-63519487\" target=\"_blank\" rel=\"noreferrer noopener\">ti Greenpeace-aktivister pure frifundet<\/a> af en britisk domstol, efter de i maj \u201822 havde l\u00e6nket sig til en anl\u00f8bsbro, hvilket tvang en olietanker til at vende om. Her udtalte dommeren efterf\u00f8lgende: <em>\u201cI mine \u00f8jne er det mere den russiske krig, som kan beskrives som terrorisme. Som jeg ser det, er det losningen af olie, der er den potentielle forbrydelse.\u201d<\/em>&nbsp;<\/p>\n\n<p>Og i maj 2023 blev <a href=\"https:\/\/www.greenpeace.org\/finland\/tiedotteet\/greenpeace\/historic-decision-greenpeace-activists-not-sentenced-for-their-protests-prevented-import-of-russian-coal-to-helsinki-a-day-after-the-bucha-massacre-was-revealed\/\" target=\"_blank\" rel=\"noreferrer noopener\">ni Greenpeace-aktivister ligeledes fritaget for straf<\/a> ved en finsk domstol, efter de i april \u201822 havde forhindret et fragtskib i at losse sin last af russisk kul ved et kraftv\u00e6rk i Helsinki. Her lagde retten v\u00e6gt p\u00e5, at aktivisterne havde handlet ud fra en moralsk pligt, at protesten foregik fredeligt, og at skaden m\u00e5tte anses som minimal. Aktivisternes klatreudstyr, som var blevet konfiskeret efter aktionen, blev endda d\u00f8mt tilbageleveret.&nbsp;&nbsp;<\/p>\n\n<figure class=\"wp-block-image size-full  caption-alignment-left\"><img loading=\"lazy\" decoding=\"async\" width=\"800\" height=\"533\" src=\"https:\/\/www.greenpeace.org\/static\/planet4-denmark-stateless\/2024\/06\/31e12b8b-gp1sx2ia_low-res-800px.jpg\" alt=\"\" class=\"wp-image-61471\" srcset=\"https:\/\/www.greenpeace.org\/static\/planet4-denmark-stateless\/2024\/06\/31e12b8b-gp1sx2ia_low-res-800px.jpg 800w, https:\/\/www.greenpeace.org\/static\/planet4-denmark-stateless\/2024\/06\/31e12b8b-gp1sx2ia_low-res-800px-300x200.jpg 300w, https:\/\/www.greenpeace.org\/static\/planet4-denmark-stateless\/2024\/06\/31e12b8b-gp1sx2ia_low-res-800px-768x512.jpg 768w, https:\/\/www.greenpeace.org\/static\/planet4-denmark-stateless\/2024\/06\/31e12b8b-gp1sx2ia_low-res-800px-510x340.jpg 510w\" sizes=\"auto, (max-width: 800px) 100vw, 800px\" \/><figcaption class=\"wp-element-caption\">Den 18. marts 2022 lavede Greenpeace Danmark den f\u00f8rste af en hel r\u00e6kke af fredelige protester mod den russiske olietransport gennem dansk farvand. Her l\u00e6gger kajakker sig i vejen for tankskibet Waikiki.<div class=\"credit icon-left\"> \u00a9 Will Rose \/ Greenpeace<\/div><\/figcaption><\/figure>\n\n<h2 class=\"wp-block-heading\"><strong>Greenpeace kr\u00e6ver frifindelse<\/strong><\/h2>\n\n<p>Greenpeace g\u00e5r ogs\u00e5 efter fuld frifindelse i denne sag. I aktionerne har vi benyttet vores ret til fredelig protest og retten til at ytre sig gennem demonstrationer. Det er rettigheder, der er sikret gennem Menneskerettighedskonventionens artikel 10 og 11.&nbsp;<\/p>\n\n<p>\u201cVi mener ikke, at vi har gjort noget ulovligt. Der er tale om fredelige protester, der er udf\u00f8rt for at g\u00f8re opm\u00e6rksom p\u00e5 vigtige samfundsm\u00e6ssige forhold. Derfor er det ogs\u00e5 helt uh\u00f8rt, at anklageren kr\u00e6ver en flerdobling af b\u00f8destraffen. Skulle retten alligevel v\u00e6re enig med anklagemyndigheden i, at Greenpeace har overtr\u00e5dt s\u00f8fartsreglerne, s\u00e5 skal straffen under alle omst\u00e6ndigheder v\u00e6re proportional,\u201d siger Sune Scheller.<\/p>\n\n<figure class=\"wp-block-image size-full  caption-alignment-left\"><img loading=\"lazy\" decoding=\"async\" width=\"800\" height=\"533\" src=\"https:\/\/www.greenpeace.org\/static\/planet4-denmark-stateless\/2024\/06\/59be0b4a-gp1sx7t1_low-res-800px.jpg\" alt=\"\" class=\"wp-image-61481\" srcset=\"https:\/\/www.greenpeace.org\/static\/planet4-denmark-stateless\/2024\/06\/59be0b4a-gp1sx7t1_low-res-800px.jpg 800w, https:\/\/www.greenpeace.org\/static\/planet4-denmark-stateless\/2024\/06\/59be0b4a-gp1sx7t1_low-res-800px-300x200.jpg 300w, https:\/\/www.greenpeace.org\/static\/planet4-denmark-stateless\/2024\/06\/59be0b4a-gp1sx7t1_low-res-800px-768x512.jpg 768w, https:\/\/www.greenpeace.org\/static\/planet4-denmark-stateless\/2024\/06\/59be0b4a-gp1sx7t1_low-res-800px-510x340.jpg 510w\" sizes=\"auto, (max-width: 800px) 100vw, 800px\" \/><figcaption class=\"wp-element-caption\">Ved aktionen den 25. marts 2022 brugte vi blandt andet den lille sejlb\u00e5d, Tanker Tracker, i fors\u00f8get p\u00e5 stoppe  den store olietanker, Louie.<div class=\"credit icon-left\"> \u00a9 Johanna Hanno \/ Greenpeace<\/div><\/figcaption><\/figure>\n\n<h2 class=\"wp-block-heading\"><strong>Hvordan kan du hj\u00e6lpe<\/strong><\/h2>\n\n<p>Greenpeace er i disse \u00e5r under angreb fra to sider. B\u00e5de fra private multinationale olieselskaber som <a href=\"https:\/\/www.greenpeace.org\/denmark\/nyhed\/greenpeace\/shell-sagsoeger-greenpeace-truer-med-gigantisk-erstatningskrav-og-forbud-mod-at-protestere\/\" target=\"_blank\" rel=\"noreferrer noopener\">Shell<\/a> og <a href=\"https:\/\/www.greenpeace.org\/international\/press-release\/66110\/breaking-major-victory-for-freedom-of-speech-in-totalenergies-case-against-greenpeace-france\/\" target=\"_blank\" rel=\"noreferrer noopener\">TotalEnergies<\/a>, der tjener milliarder p\u00e5 at smadre vores klima, og som samtidig v\u00e6lger at sags\u00f8ge os for astronomiske bel\u00f8b, n\u00e5r vi protesterer mod deres klimaskadelige virksomhed. Og af uransagelige \u00e5rsager nu ogs\u00e5 af staten, der ogs\u00e5 fors\u00f8ger at st\u00e6kke vores muligheder for at aktionere. <a href=\"https:\/\/politiken.dk\/debat\/kroniken\/art9802148\/%C2%BBKlimaaktivister-er-blevet-m%C3%B8dt-med-stigende-politiundertrykkelse-h%C3%A5rdere-juridiske-konsekvenser-og-neds%C3%A6ttende-sprogbrug%C2%AB\" target=\"_blank\" rel=\"noreferrer noopener\">For nylig slog en FN-rapport fast<\/a>, at statens undertrykkelse af milj\u00f8protester og civil ulydighed er en stor trussel mod menneskerettigheder og demokrati. Her bliver Danmark n\u00e6vnt flere steder for vores h\u00e5ndtering og kriminalisering af milj\u00f8aktivisme.<\/p>\n\n<p><em>L\u00e6s ogs\u00e5: <a href=\"http:\/\/Protest imod russisk olieskyggefl\u00e5de, der er en tikkende milj\u00f8bombe i dansk farvand\" target=\"_blank\" rel=\"noreferrer noopener\">Protest imod russisk olieskyggefl\u00e5de, der er en tikkende milj\u00f8bombe i dansk farvand<\/a><\/em><\/p>\n\n<p>Men vi n\u00e6gter at f\u00e5 mundkurv p\u00e5. Vi vil forts\u00e6tte med at k\u00e6mpe for retten til fredelige protester som mulighed for at g\u00f8re opm\u00e6rksom p\u00e5 uretf\u00e6rdigheder og \u00e5benlyse fejl og mangler i vores samfund. Og vi vil forts\u00e6tte med at vise solidaritet med Ukraine og k\u00e6mpe imod russisk olie i Danmark.<\/p>\n\n<p>Hj\u00e6lp Greenpeace med at forsvare retten til fredelig protest. G\u00e5 herind og se, hvad du kan g\u00f8re:<\/p>\n\n<div class=\"wp-block-buttons is-layout-flex wp-block-buttons-is-layout-flex\">\n<div class=\"wp-block-button has-custom-width wp-block-button__width-50\"><a class=\"wp-block-button__link has-white-color has-crimson-background-color has-text-color has-background has-link-color wp-element-button\" href=\"https:\/\/stoet.greenpeace.org\/retssag\/~min-donation\" target=\"_blank\" rel=\"noreferrer noopener\"><strong>HJ\u00c6LP OS I RETTEN<\/strong><\/a><\/div>\n<\/div>\n","protected":false},"excerpt":{"rendered":"<p>Staten tr\u00e6kker Greenpeace i retten for fire fredelige aktioner mod russisk olie i marts 2022. Forst\u00e5 sagen, der b\u00e5de rejser sp\u00f8rgsm\u00e5l om myndighedernes prioriteringer, n\u00e5r det g\u00e6lder blokader af russisk olie, og om vores demokrati fortsat kan rumme fredelig civil ulydighed som protestform.\u00a0<\/p>\n","protected":false},"author":104,"featured_media":61470,"comment_status":"closed","ping_status":"closed","sticky":false,"template":"","format":"standard","meta":{"ep_exclude_from_search":false,"p4_og_title":"Bagom statens retssag mod Greenpeace","p4_og_description":"Staten tr\u00e6kker Greenpeace i retten for fire fredelige aktioner mod russisk olie i marts 2022. Forst\u00e5 sagen, der b\u00e5de rejser sp\u00f8rgsm\u00e5l om myndighedernes prioriteringer, n\u00e5r det g\u00e6lder blokader af russisk olie, og om vores demokrati fortsat kan rumme fredelig civil ulydighed som protestform.\u00a0","p4_og_image":"","p4_og_image_id":"","p4_seo_canonical_url":"","p4_campaign_name":"","p4_local_project":"","p4_basket_name":"","p4_department":"","footnotes":""},"categories":[4],"tags":[30,19],"p4-page-type":[16],"class_list":["post-61474","post","type-post","status-publish","format-standard","has-post-thumbnail","hentry","category-greenpeace","tag-aktivisme","tag-fossilenergi","p4-page-type-nyhed"],"_links":{"self":[{"href":"https:\/\/www.greenpeace.org\/denmark\/wp-json\/wp\/v2\/posts\/61474","targetHints":{"allow":["GET"]}}],"collection":[{"href":"https:\/\/www.greenpeace.org\/denmark\/wp-json\/wp\/v2\/posts"}],"about":[{"href":"https:\/\/www.greenpeace.org\/denmark\/wp-json\/wp\/v2\/types\/post"}],"author":[{"embeddable":true,"href":"https:\/\/www.greenpeace.org\/denmark\/wp-json\/wp\/v2\/users\/104"}],"replies":[{"embeddable":true,"href":"https:\/\/www.greenpeace.org\/denmark\/wp-json\/wp\/v2\/comments?post=61474"}],"version-history":[{"count":9,"href":"https:\/\/www.greenpeace.org\/denmark\/wp-json\/wp\/v2\/posts\/61474\/revisions"}],"predecessor-version":[{"id":62214,"href":"https:\/\/www.greenpeace.org\/denmark\/wp-json\/wp\/v2\/posts\/61474\/revisions\/62214"}],"wp:featuredmedia":[{"embeddable":true,"href":"https:\/\/www.greenpeace.org\/denmark\/wp-json\/wp\/v2\/media\/61470"}],"wp:attachment":[{"href":"https:\/\/www.greenpeace.org\/denmark\/wp-json\/wp\/v2\/media?parent=61474"}],"wp:term":[{"taxonomy":"category","embeddable":true,"href":"https:\/\/www.greenpeace.org\/denmark\/wp-json\/wp\/v2\/categories?post=61474"},{"taxonomy":"post_tag","embeddable":true,"href":"https:\/\/www.greenpeace.org\/denmark\/wp-json\/wp\/v2\/tags?post=61474"},{"taxonomy":"p4-page-type","embeddable":true,"href":"https:\/\/www.greenpeace.org\/denmark\/wp-json\/wp\/v2\/p4-page-type?post=61474"}],"curies":[{"name":"wp","href":"https:\/\/api.w.org\/{rel}","templated":true}]}}