{"id":62069,"date":"2024-09-03T15:36:33","date_gmt":"2024-09-03T13:36:33","guid":{"rendered":"https:\/\/www.greenpeace.org\/denmark\/?p=62069"},"modified":"2024-09-16T16:30:21","modified_gmt":"2024-09-16T14:30:21","slug":"greenpeace-idoemmes-stor-boede-for-protester-mod-russisk-olie","status":"publish","type":"post","link":"https:\/\/www.greenpeace.org\/denmark\/pressemeddelelse\/greenpeace\/greenpeace-idoemmes-stor-boede-for-protester-mod-russisk-olie\/","title":{"rendered":"Greenpeace id\u00f8mmes stor b\u00f8de for protester mod russisk olie"},"content":{"rendered":"\n<p><strong>Greenpeace blev i dag id\u00f8mt en b\u00f8de p\u00e5 360.000 kr. ved Retten i Svendborg. Retten har dermed i store tr\u00e6k fulgt anklagemyndighedens krav i sagen. B\u00f8dest\u00f8rrelsen er et k\u00e6mpe spring i praksis i forhold til tidligere og g\u00f8r sagen principiel.\u00a0<\/strong><br><\/p>\n\n<figure class=\"wp-block-image size-full  caption-alignment-left\"><img loading=\"lazy\" decoding=\"async\" width=\"800\" height=\"533\" src=\"https:\/\/www.greenpeace.org\/static\/planet4-denmark-stateless\/2024\/09\/d439fe1f-gp1sx7t1_low-res-800px.jpg\" alt=\"\" class=\"wp-image-62071\" srcset=\"https:\/\/www.greenpeace.org\/static\/planet4-denmark-stateless\/2024\/09\/d439fe1f-gp1sx7t1_low-res-800px.jpg 800w, https:\/\/www.greenpeace.org\/static\/planet4-denmark-stateless\/2024\/09\/d439fe1f-gp1sx7t1_low-res-800px-300x200.jpg 300w, https:\/\/www.greenpeace.org\/static\/planet4-denmark-stateless\/2024\/09\/d439fe1f-gp1sx7t1_low-res-800px-768x512.jpg 768w, https:\/\/www.greenpeace.org\/static\/planet4-denmark-stateless\/2024\/09\/d439fe1f-gp1sx7t1_low-res-800px-510x340.jpg 510w\" sizes=\"auto, (max-width: 800px) 100vw, 800px\" \/><figcaption class=\"wp-element-caption\">Ved aktionen den 25. marts 2022 blev den lille sejlb\u00e5d, Tanker Tracker, blandt andet brugt i fors\u00f8get p\u00e5 stoppe den store olietanker, Louie.<div class=\"credit icon-left\"> \u00a9 Johanna Hanno \/ Greenpeace<\/div><\/figcaption><\/figure>\n\n<p>Greenpeace havde fra sin side kr\u00e6vet frifindelse, straffrihed eller subsidi\u00e6rt rettens mildeste b\u00f8destraf og er dybt bekymret over den retning dommen s\u00e6tter for retten til fri protest, som er beskyttet gennem Den Europ\u00e6iske Menneskerettighedskonventions artikel 10 og 11.&nbsp;<\/p>\n\n<p><strong>Kampagnechef i Greenpeace Danmark, Sune Scheller:<\/strong><\/p>\n\n<p>\u201cDet er en meget h\u00e5rd straf for en fredelig aktion mod Danmarks og EU&#8217;s import af den russiske olie, der finansierer Ruslands krig i Ukraine. Jeg er meget skuffet over, at retten s\u00e5 ensidigt har fulgt anklagemyndighedens p\u00e5stand om skyld og straf, og i det store hele hverken har lagt v\u00e6gt p\u00e5 uafh\u00e6ngige ekspertvidner, vores forklaring eller Den Europ\u00e6iske Menneskerettighedskonvention.\u201d&nbsp;<\/p>\n\n<p>\u201cVi har \u00e5bent og \u00e6rligt fortalt om vores protester b\u00e5de under og efter de fandt sted, og vi er m\u00f8dt op i retten med samme \u00e5benhed og har redegjort for de mange sikkerhedshensyn, vi har taget. Retten har kvitteret med at d\u00f8mme os efter paragraffer, der aldrig har v\u00e6ret anvendt mod organisationen f\u00f8r og give os en historisk stor b\u00f8de. Det er jeg ret chokeret over\u201d<\/p>\n\n<p>\u201cRetten finder ikke, at vi kan frifindes med henvisning til Den Europ\u00e6iske Menneskerettighedskonvention, men det fremg\u00e5r ikke klart af dommen, hvordan konventionen er vurderet i forhold til strafudm\u00e5lingen. Her er det for os tydeligt, at straffen, hvis der alts\u00e5 overhovedet skal v\u00e6re en, skal v\u00e6re mindre i sager om fredelig protest. Helt i mods\u00e6tning hertil har retten sl\u00e5et os oven i hovedet med den helt store hammer og tildelt os en k\u00e6mpe b\u00f8de. En s\u00e5dan dom kan ikke andet end blive kv\u00e6lende h\u00e6nder omkring halsen p\u00e5 fredelige protester i fremtiden.\u201d<\/p>\n\n<p>\u201cNu vil vi tage os god til at l\u00e6se dommen grundigt igennem og overveje dens fulde konsekvenser, og s\u00e5 vil vi r\u00e5df\u00f8re os med vores advokat om, hvordan vi skal forholde os til afg\u00f8relsen.\u201d<\/p>\n\n<figure class=\"wp-block-image size-full  caption-alignment-left\"><img loading=\"lazy\" decoding=\"async\" width=\"800\" height=\"533\" src=\"https:\/\/www.greenpeace.org\/static\/planet4-denmark-stateless\/2024\/06\/31e12b8b-gp1sx2ia_low-res-800px.jpg\" alt=\"\" class=\"wp-image-61471\" srcset=\"https:\/\/www.greenpeace.org\/static\/planet4-denmark-stateless\/2024\/06\/31e12b8b-gp1sx2ia_low-res-800px.jpg 800w, https:\/\/www.greenpeace.org\/static\/planet4-denmark-stateless\/2024\/06\/31e12b8b-gp1sx2ia_low-res-800px-300x200.jpg 300w, https:\/\/www.greenpeace.org\/static\/planet4-denmark-stateless\/2024\/06\/31e12b8b-gp1sx2ia_low-res-800px-768x512.jpg 768w, https:\/\/www.greenpeace.org\/static\/planet4-denmark-stateless\/2024\/06\/31e12b8b-gp1sx2ia_low-res-800px-510x340.jpg 510w\" sizes=\"auto, (max-width: 800px) 100vw, 800px\" \/><figcaption class=\"wp-element-caption\">Den 18. marts lavede Greenpeace Danmark den f\u00f8rste af en r\u00e6kke fredelige protest mod den russiske olietransport gennem dansk farvand. Her l\u00e6gger kajakker sig i vejen for tankskibet Waikiki.<div class=\"credit icon-left\"> \u00a9 Will Rose \/ Greenpeace<\/div><\/figcaption><\/figure>\n\n<h2 class=\"wp-block-heading\"><strong>Sagen kort<\/strong><\/h2>\n\n<p>I marts 2022, f\u00e5 uger efter russiske bomber for f\u00f8rste gang faldt over Ukraine, valgte Greenpeace Danmark i sympati med den ukrainske befolkning, at udf\u00f8re en r\u00e6kke <a href=\"https:\/\/www.greenpeace.org\/denmark\/nyhed\/klimaforandringer\/saadan-gik-vi-i-vejen-for-putins-olie-to-uger\/\">fredelige blokader af olietankere<\/a> for at g\u00f8re opm\u00e6rksom p\u00e5 Danmarks import af russisk olie og medfinansiering af Putins krigsmaskine. S\u00f8fartsstyrelsen valgte herefter at politianmelde aktionerne &#8211; ingen af de involverede tankskibe har indgivet nogen anmeldelser &#8211; og fire af dem er nu pr\u00f8vet ved byretten, hvor der i dag faldt dom.<\/p>\n\n<p>Der er tale om aktionerne den 18., 19., 25. og 31. marts 2022. <a href=\"https:\/\/www.greenpeace.org\/denmark\/pressemeddelelse\/klimaforandringer\/greenpeace-aktivister-skruer-op-for-olieprotester\/\">De tre f\u00f8rste forhold<\/a> handler om, at vi ved hj\u00e6lp af sv\u00f8mmere, kajakker og i et enkelt tilf\u00e6lde ogs\u00e5 det mindre sejlskib Tanker Tracker fors\u00f8gte at l\u00e6gge os i vejen for flere gigantiske russiske olietankere, der passerede forbi i farvandet syd for Langeland p\u00e5 deres vej fra en russisk oliehavn, op gennem Storeb\u00e6lt og op forbi Skagen.<\/p>\n\n<p>Med den fjerde aktion fors\u00f8gte aktivister at <a href=\"https:\/\/www.greenpeace.org\/denmark\/pressemeddelelse\/klimaforandringer\/aktivister-blokerer-omlastning-af-100-000-tons-russisk-olie-ved-frederikshavn\/\">forhindre en omlastning af russisk olie<\/a> mellem to tankskibe i \u00c5lb\u00e6k Bugt lige syd\u00f8st for Skagen. Med kajakker, sv\u00f8mmere og sm\u00e5 gummib\u00e5de lykkedes det her aktivisterne at blokere omlastningen af olie i mere end 24 timer, f\u00f8r politiet greb ind. Aktionen var medvirkende til at <a href=\"https:\/\/www.dr.dk\/nyheder\/regionale\/nordjylland\/greenpeace-aktivister-forhindrede-omlastning-af-100000-tons-russisk\">s\u00e6tte spot p\u00e5 Danmarks medvirken<\/a> til den russiske olieeksport, der fortsat medfinansierer den russiske krigsmaskine, og som i dag foreg\u00e5r ved hj\u00e6lp af den s\u00e5kaldte skyggefl\u00e5de af gamle rustne olietankere med tvivlsomme forsikringer, og udg\u00f8r en st\u00f8rre milj\u00f8trussel for de danske kyster end nogensinde.&nbsp;<\/p>\n\n<p>Sagen har k\u00f8rt over to dage &#8211; den 18. juni og den 27. august &#8211; ved byretten i Svendborg. Ved det sidste retsm\u00f8de valgte dommeren at optage sagen til dom, hvilket bet\u00f8d, at selve domsafsigelsen blev udskudt en uge til i dag.<\/p>\n\n<p>SLUT<\/p>\n\n<p>Tidligere pressemeddelelser i sagen kan l\u00e6ses her: <a href=\"https:\/\/via.ritzau.dk\/pressemeddelelse\/13902899\/protester-mod-russisk-olie-far-staten-til-at-traekke-greenpeace-i-retten?lang=da\">PM1<\/a> og <a href=\"https:\/\/via.ritzau.dk\/pressemeddelelse\/14004440\/anklager-kraever-chokerende-hoj-bodestraf-for-protester-mod-russisk-olie?publisherId=13561876&amp;lang=da\">PM2<\/a>&nbsp;<\/p>\n\n<p>Billeder og video fra aktionerne kan hentes <a href=\"https:\/\/media.greenpeace.org\/Share\/26eeo58o084cn2o4gi10556k04e6g73a\">HER<\/a>&nbsp;<\/p>\n\n<figure class=\"wp-block-image size-full  caption-alignment-left\"><img loading=\"lazy\" decoding=\"async\" width=\"800\" height=\"533\" src=\"https:\/\/www.greenpeace.org\/static\/planet4-denmark-stateless\/2024\/06\/ddacc8a6-gp1sx2ll_low-res-800px.jpg\" alt=\"\" class=\"wp-image-61470\" srcset=\"https:\/\/www.greenpeace.org\/static\/planet4-denmark-stateless\/2024\/06\/ddacc8a6-gp1sx2ll_low-res-800px.jpg 800w, https:\/\/www.greenpeace.org\/static\/planet4-denmark-stateless\/2024\/06\/ddacc8a6-gp1sx2ll_low-res-800px-300x200.jpg 300w, https:\/\/www.greenpeace.org\/static\/planet4-denmark-stateless\/2024\/06\/ddacc8a6-gp1sx2ll_low-res-800px-768x512.jpg 768w, https:\/\/www.greenpeace.org\/static\/planet4-denmark-stateless\/2024\/06\/ddacc8a6-gp1sx2ll_low-res-800px-510x340.jpg 510w\" sizes=\"auto, (max-width: 800px) 100vw, 800px\" \/><figcaption class=\"wp-element-caption\">Greenpeaces kampagnechef, Sune Scheller, deltog selv i tre af de fredelige protester, der er indg\u00e5r i retssagen. Her ligger han i vandet foran olietankeren SCF Baltica ved aktionen den 19. marts 2022. P\u00e5 banneret st\u00e5r der &#8220;Oil Fuels War&#8221;.<div class=\"credit icon-left\"> \u00a9 Will Rose \/ Greenpeace<\/div><\/figcaption><\/figure>\n\n<figure class=\"wp-block-image size-full  caption-alignment-left\"><img loading=\"lazy\" decoding=\"async\" width=\"800\" height=\"533\" src=\"https:\/\/www.greenpeace.org\/static\/planet4-denmark-stateless\/2024\/06\/14268c1b-gp1sx912_low-res-800px.jpg\" alt=\"\" class=\"wp-image-61472\" srcset=\"https:\/\/www.greenpeace.org\/static\/planet4-denmark-stateless\/2024\/06\/14268c1b-gp1sx912_low-res-800px.jpg 800w, https:\/\/www.greenpeace.org\/static\/planet4-denmark-stateless\/2024\/06\/14268c1b-gp1sx912_low-res-800px-300x200.jpg 300w, https:\/\/www.greenpeace.org\/static\/planet4-denmark-stateless\/2024\/06\/14268c1b-gp1sx912_low-res-800px-768x512.jpg 768w, https:\/\/www.greenpeace.org\/static\/planet4-denmark-stateless\/2024\/06\/14268c1b-gp1sx912_low-res-800px-510x340.jpg 510w\" sizes=\"auto, (max-width: 800px) 100vw, 800px\" \/><figcaption class=\"wp-element-caption\">I et d\u00f8gn fra den 31. marts til den 1. april 2022 l\u00e5 aktivister i vandet, i kajakker og i sm\u00e5 gummib\u00e5de, i vejen for en omlastning af russisk olie mellem to tankskibe I \u00c5lb\u00e6k Bugt ved Skagen<div class=\"credit icon-left\"> \u00a9 Kristian Buus \/ Greenpeace<\/div><\/figcaption><\/figure>\n","protected":false},"excerpt":{"rendered":"<p>Greenpeace blev i dag id\u00f8mt en b\u00f8de p\u00e5 360.000 kr. ved Retten i Svendborg. Retten har dermed i store tr\u00e6k fulgt anklagemyndighedens krav i sagen. B\u00f8dest\u00f8rrelsen er et k\u00e6mpe spring i praksis i forhold til tidligere og g\u00f8r sagen principiel.\u00a0<\/p>\n","protected":false},"author":35,"featured_media":62071,"comment_status":"open","ping_status":"closed","sticky":false,"template":"","format":"standard","meta":{"ep_exclude_from_search":false,"p4_og_title":"Greenpeace id\u00f8mmes stor b\u00f8de for protester mod russisk olie","p4_og_description":"Greenpeace blev i dag id\u00f8mt en b\u00f8de p\u00e5 360.000 kr. ved Retten i Svendborg. Retten har dermed i store tr\u00e6k fulgt anklagemyndighedens krav i sagen. B\u00f8dest\u00f8rrelsen er et k\u00e6mpe spring i praksis i forhold til tidligere og g\u00f8r sagen principiel.\u00a0\n","p4_og_image":"","p4_og_image_id":"","p4_seo_canonical_url":"","p4_campaign_name":"","p4_local_project":"","p4_basket_name":"","p4_department":"","footnotes":""},"categories":[4],"tags":[30,19],"p4-page-type":[14],"class_list":["post-62069","post","type-post","status-publish","format-standard","has-post-thumbnail","hentry","category-greenpeace","tag-aktivisme","tag-fossilenergi","p4-page-type-pressemeddelelse"],"_links":{"self":[{"href":"https:\/\/www.greenpeace.org\/denmark\/wp-json\/wp\/v2\/posts\/62069","targetHints":{"allow":["GET"]}}],"collection":[{"href":"https:\/\/www.greenpeace.org\/denmark\/wp-json\/wp\/v2\/posts"}],"about":[{"href":"https:\/\/www.greenpeace.org\/denmark\/wp-json\/wp\/v2\/types\/post"}],"author":[{"embeddable":true,"href":"https:\/\/www.greenpeace.org\/denmark\/wp-json\/wp\/v2\/users\/35"}],"replies":[{"embeddable":true,"href":"https:\/\/www.greenpeace.org\/denmark\/wp-json\/wp\/v2\/comments?post=62069"}],"version-history":[{"count":5,"href":"https:\/\/www.greenpeace.org\/denmark\/wp-json\/wp\/v2\/posts\/62069\/revisions"}],"predecessor-version":[{"id":62210,"href":"https:\/\/www.greenpeace.org\/denmark\/wp-json\/wp\/v2\/posts\/62069\/revisions\/62210"}],"wp:featuredmedia":[{"embeddable":true,"href":"https:\/\/www.greenpeace.org\/denmark\/wp-json\/wp\/v2\/media\/62071"}],"wp:attachment":[{"href":"https:\/\/www.greenpeace.org\/denmark\/wp-json\/wp\/v2\/media?parent=62069"}],"wp:term":[{"taxonomy":"category","embeddable":true,"href":"https:\/\/www.greenpeace.org\/denmark\/wp-json\/wp\/v2\/categories?post=62069"},{"taxonomy":"post_tag","embeddable":true,"href":"https:\/\/www.greenpeace.org\/denmark\/wp-json\/wp\/v2\/tags?post=62069"},{"taxonomy":"p4-page-type","embeddable":true,"href":"https:\/\/www.greenpeace.org\/denmark\/wp-json\/wp\/v2\/p4-page-type?post=62069"}],"curies":[{"name":"wp","href":"https:\/\/api.w.org\/{rel}","templated":true}]}}