{"id":62388,"date":"2024-09-26T19:28:00","date_gmt":"2024-09-26T17:28:00","guid":{"rendered":"https:\/\/www.greenpeace.org\/denmark\/?p=62388"},"modified":"2024-09-27T11:43:30","modified_gmt":"2024-09-27T09:43:30","slug":"carsten-jensen-og-nicoline-hagen-om-klimaaktivisme-verden-traenger-i-den-grad-til-at-blive-flyttet","status":"publish","type":"post","link":"https:\/\/www.greenpeace.org\/denmark\/nyhed\/greenpeace\/carsten-jensen-og-nicoline-hagen-om-klimaaktivisme-verden-traenger-i-den-grad-til-at-blive-flyttet\/","title":{"rendered":"Carsten Jensen og Nicoline Hagen om klimaaktivisme: \u201cVerden tr\u00e6nger i den grad til at blive flyttet\u201d\u00a0"},"content":{"rendered":"\n<p><strong>Vi lever lige nu midt i et paradoks. P\u00e5 den ene side st\u00e5r verden i en kraftigt eskalerende klima- og biodiversitetskrise. P\u00e5 den anden side bliver det mere og mere risikabelt at v\u00e6re klimaaktivist og deltage i fredelige protester, der skal g\u00f8re opm\u00e6rksom p\u00e5 problemerne. Det faktum afskr\u00e6kker dog hverken den 72-\u00e5rige forfatter og aktivist, Carsten Jensen, eller den 29-\u00e5rige illustrator, grafiske designer og mange\u00e5rige Greenpeace-aktivist, Nicoline Hagen. De er begge drevet af en st\u00e6rk trang til at handle og fors\u00f8ge at r\u00e5be verden op.&nbsp;<\/strong><\/p>\n\n<figure class=\"wp-block-image size-large  caption-alignment-left\"><img loading=\"lazy\" decoding=\"async\" width=\"1024\" height=\"768\" src=\"https:\/\/www.greenpeace.org\/static\/planet4-denmark-stateless\/2024\/09\/f17a1a52-carstenognico-1024x768.jpg\" title=\"Carsten Jensen og Nicoline Hagen\" alt=\"\" class=\"wp-image-62391\" srcset=\"https:\/\/www.greenpeace.org\/static\/planet4-denmark-stateless\/2024\/09\/f17a1a52-carstenognico-1024x768.jpg 1024w, https:\/\/www.greenpeace.org\/static\/planet4-denmark-stateless\/2024\/09\/f17a1a52-carstenognico-300x225.jpg 300w, https:\/\/www.greenpeace.org\/static\/planet4-denmark-stateless\/2024\/09\/f17a1a52-carstenognico-768x576.jpg 768w, https:\/\/www.greenpeace.org\/static\/planet4-denmark-stateless\/2024\/09\/f17a1a52-carstenognico-454x340.jpg 454w, https:\/\/www.greenpeace.org\/static\/planet4-denmark-stateless\/2024\/09\/f17a1a52-carstenognico.jpg 1154w\" sizes=\"auto, (max-width: 1024px) 100vw, 1024px\" \/><figcaption class=\"wp-element-caption\">Tv. forfatter, journalist og aktivist, Carsten jensen. Th. grafisk designer, illustrator og Greenpeaceaktivist, Nicoline Hagen.<div class=\"credit icon-left\"> \u00a9 Greenpeace<\/div><\/figcaption><\/figure>\n\n<p>Selvom de umiddelbart kunne ligne et umage par, den aldrende forfatter og den unge b\u00e5df\u00f8rer i Greenpeace, s\u00e5 er de det langt fra. Begge er de nemlig dedikerede klimaaktivister, og for dem begge er troen og h\u00e5bet p\u00e5, at det faktisk hj\u00e6lper at k\u00e6mpe aktivt for at \u00e6ndre verden drivkraften bag deres aktivisme.<\/p>\n\n<p>\u201cJeg f\u00f8ler virkelig, at det der med at g\u00f8re noget og v\u00e6re aktiv, det er der super meget kraft i,\u201d forklarer Nicoline Hagen, der har v\u00e6ret aktivist i Greenpeace siden sin 18-\u00e5rs f\u00f8dselsdag og hvert \u00e5r deltager i mellem to og tre Greenpeace-aktioner af forskellig karakter i b\u00e5de Danmark og andre steder i verden.&nbsp;<\/p>\n\n<h2 class=\"wp-block-heading\"><strong>\u201cDu skal tro p\u00e5 det du g\u00f8r\u201d<\/strong><\/h2>\n\n<p>Carsten Jensen v\u00e6grer sig p\u00e5 sin side lidt imod at pynte sig med udtrykket aktivist:<\/p>\n\n<p>\u201cJeg synes jo, det er et lidt overdrevet udtryk, n\u00e5r det kommer til mig. Jeg plejer i stedet at sige, at jeg er en \u00e6ldre forfatter, der kommer, n\u00e5r I kalder,\u201d forklarer han.&nbsp;<\/p>\n\n<p>Men n\u00e5r man graver lidt dybere, s\u00e5 er han gennem \u00e5rene rent faktisk blevet hidkaldt rigtigt mange gange og er ogs\u00e5 endt i politiets varet\u00e6gt, s\u00e5 han ender alligevel med at godtage betegnelsen.&nbsp;<\/p>\n\n<div class=\"wp-block-group has-grey-200-background-color has-background is-layout-constrained wp-container-core-group-is-layout-afb388fb wp-block-group-is-layout-constrained\" style=\"padding-top:var(--wp--preset--spacing--60);padding-right:var(--wp--preset--spacing--60);padding-bottom:var(--wp--preset--spacing--60);padding-left:var(--wp--preset--spacing--60)\">\n<p><strong>NICOLINE HAGEN<\/strong>:<\/p>\n\n\n\n<ul class=\"wp-block-list\">\n<li>Er 29 \u00e5r og bor i Aarhus<\/li>\n\n\n\n<li>Arbejder til daglig som selvst\u00e6ndig grafisk designer og illustrator<\/li>\n\n\n\n<li>Har v\u00e6ret frivillig i Greenpeace siden hun blev 18 \u00e5r<\/li>\n\n\n\n<li>Har i alt deltaget i omkring 25 fredelige aktioner for Greenpeace forskellige steder i verden<\/li>\n\n\n\n<li>Er uddannet b\u00e5df\u00f8rer i Greenpeace&nbsp;<\/li>\n<\/ul>\n<\/div>\n\n<p>I begyndelsen var det dog s\u00e5 som s\u00e5 for Carsten Jensen med troen p\u00e5, at det faktisk nyttede noget at protestere. Men den holdning m\u00e5tte han revidere kraftigt efter en samtale han havde med sin dengang 13-\u00e5rige datter, mens de var p\u00e5 vej til en stor demonstration til fordel for en gruppe irakiske asylans\u00f8gere, der i 2009 havde s\u00f8gt <a href=\"https:\/\/www.dr.dk\/nyheder\/indland\/et-aar-efter-rydningen-af-brorsonskirken\" target=\"_blank\" rel=\"noreferrer noopener\">tilflugt i Brorsons Kirke<\/a> p\u00e5 N\u00f8rrebro i K\u00f8benhavn. P\u00e5 vejen derhen gav hans datter ham nemlig et r\u00e5d, som han har fulgt lige siden:<\/p>\n\n<p>\u201cJeg havde sagt ja til at holde en tale ved demonstrationen, og p\u00e5 vejen derhen spurgte min datter mig: \u201cFar, tror du, det her hj\u00e6lper?<strong>\u201d <\/strong>Og s\u00e5 m\u00e5tte jeg sige sandheden og svare: \u201cNej, det tror jeg ikke rigtigt, det g\u00f8r.\u201d \u201cMen hvorfor g\u00f8r du det s\u00e5?\u201d spurgte hun videre. \u201cFordi der ikke bagefter skal komme nogen og sp\u00f8rge mig, hvorfor jeg var tavs.\u201d Men s\u00e5 kunne jeg m\u00e6rke, at hun blev vred, og s\u00e5 sagde hun: \u201cDet svar er ikke godt nok. Du skal tro p\u00e5 det, du g\u00f8r. Du skal tro p\u00e5 det, du siger.\u201d Og det var jo fantastisk klogt sagt og ogs\u00e5 rigtig sandt, og det har jeg virkelig haft som rettesnor lige siden,\u201d fort\u00e6ller han.&nbsp;<\/p>\n\n<div class=\"wp-block-group has-grey-200-background-color has-background is-layout-constrained wp-container-core-group-is-layout-afb388fb wp-block-group-is-layout-constrained\" style=\"padding-top:var(--wp--preset--spacing--60);padding-right:var(--wp--preset--spacing--60);padding-bottom:var(--wp--preset--spacing--60);padding-left:var(--wp--preset--spacing--60)\">\n<p><strong>CARSTEN JENSEN<\/strong><\/p>\n\n\n\n<ul class=\"wp-block-list\">\n<li>Er 72 \u00e5r og bor i K\u00f8benhavn<\/li>\n\n\n\n<li>Journalist og prisvindende forfatter til en r\u00e6kke romaner, rejseskildringer, essaysamlinger og debatb\u00f8ger, blandt andet bestselleren \u201dVi, de druknede\u201d (2006) og rejsebogsklassikeren \u201dJeg har set verden begynde\u201d, der i 1996 indbragte ham De Gyldne Laurb\u00e6r<\/li>\n\n\n\n<li>Gift med den britiske forfatter Liz Jensen. Har datteren Las fra et tidligere forhold<\/li>\n\n\n\n<li>Har talt til en lang r\u00e6kke demonstrationer for blandt andre Greenpeace og Fridays for Future og har ogs\u00e5 deltaget i aktioner for blandt andre XR og Den Gr\u00f8nne Ungdomsbev\u00e6gelse<\/li>\n<\/ul>\n<\/div>\n\n<p><em>Hvad t\u00e6nker du s\u00e5 i dag, n\u00e5r du er ude til et arrangement? Tror du s\u00e5, det g\u00f8r en forskel?<\/em><\/p>\n\n<p>\u201cAlts\u00e5, jeg h\u00e5ber det, ja. For resignation duer ikke. Det er jo altid en fristende mulighed bare at traske hjem og t\u00e6nde for Netflix, men det flytter jo ikke verden, og verden tr\u00e6nger i den grad til at blive flyttet, hvis vi skal have en fremtid p\u00e5 jorden som mennesker.\u201d<\/p>\n\n<figure class=\"wp-block-image size-large  caption-alignment-left\"><img loading=\"lazy\" decoding=\"async\" width=\"1024\" height=\"768\" src=\"https:\/\/www.greenpeace.org\/static\/planet4-denmark-stateless\/2024\/09\/6146816d-vlcsnap-2024-09-18-16h08m44s253-1024x768.jpg\" alt=\"\" class=\"wp-image-62393\" srcset=\"https:\/\/www.greenpeace.org\/static\/planet4-denmark-stateless\/2024\/09\/6146816d-vlcsnap-2024-09-18-16h08m44s253-1024x768.jpg 1024w, https:\/\/www.greenpeace.org\/static\/planet4-denmark-stateless\/2024\/09\/6146816d-vlcsnap-2024-09-18-16h08m44s253-300x225.jpg 300w, https:\/\/www.greenpeace.org\/static\/planet4-denmark-stateless\/2024\/09\/6146816d-vlcsnap-2024-09-18-16h08m44s253-768x576.jpg 768w, https:\/\/www.greenpeace.org\/static\/planet4-denmark-stateless\/2024\/09\/6146816d-vlcsnap-2024-09-18-16h08m44s253-453x340.jpg 453w, https:\/\/www.greenpeace.org\/static\/planet4-denmark-stateless\/2024\/09\/6146816d-vlcsnap-2024-09-18-16h08m44s253.jpg 1080w\" sizes=\"auto, (max-width: 1024px) 100vw, 1024px\" \/><figcaption class=\"wp-element-caption\">Den 27. april 2023 deltog Carsten Jensen sammen med Den Gr\u00f8nne Ungdomsbev\u00e6gelse i en protest mod Landbrug &amp; F\u00f8devarers lobbyvirksomhed. <div class=\"credit icon-left\"> \u00a9 Den Gr\u00f8nne Ungdomsbev\u00e6gelse<\/div><\/figcaption><\/figure>\n\n<h2 class=\"wp-block-heading\"><strong>F\u00f8rste aktion f\u00f8rte til forandringer<\/strong><\/h2>\n\n<p>At det faktisk batter noget at protestere, m\u00e6rkede Nikoline Hagen allerede under sin f\u00f8rste store aktion, der foregik i Finland. De \u00f8vrige skandinaviske hovedst\u00e6der havde lavet en plan for at udfase kulforbruget, men her ville Helsinki ikke v\u00e6re med. For at s\u00e6tte fokus p\u00e5 det, havde Greenpeace derfor planlagt en aktion mod et kulskib, og her skulle Nicoline Hagen v\u00e6re b\u00e5df\u00f8rer i en \u201csafety boat\u201d for nogle \u201ckajaktivister\u201d, der skulle lede protesten:<\/p>\n\n<p>\u201cJeg sejlede jo egentlig bare rundt i den der lille jolle og skulle holde \u00f8je med, at der ikke var nogen, der druknede, s\u00e5 det var ikke s\u00e6rligt dramatisk. Bagefter blev vi arresteret og stod et par timer p\u00e5 en finsk politistation i fuldt b\u00e5dgear, og s\u00e5 blev vi l\u00f8sladt. Og s\u00e5 var det egentlig bare det. S\u00e5dan lidt antiklimatisk,\u201d fort\u00e6ller hun.<\/p>\n\n<p>Men aktionen skulle efterf\u00f8lgende vise sig at f\u00e5 store politiske konsekvenser.&nbsp;<\/p>\n\n<p>\u201cBagefter kom der simpelthen s\u00e5 meget furore og snak om den her aktion, og det at Helsinki ikke ville tilslutte sig aftalen, s\u00e5 det endte med at de tilsluttede sig. Og det var ligesom min f\u00f8rste smagspr\u00f8ve p\u00e5, at civil ulydighed kan virke. Det var k\u00e6mpe stort.\u201d&nbsp;<\/p>\n\t\t\t<section\n\t\t\tclass=\"boxout  \"\n\t\t\t\n\t\t>\n\t\t\t<a\n\t\t\t\tdata-ga-category=\"Take Action Boxout\"\n\t\t\t\tdata-ga-action=\"Image\"\n\t\t\t\tdata-ga-label=\"n\/a\"\n\t\t\t\tclass=\"cover-card-overlay\"\n\t\t\t\thref=\"https:\/\/www.greenpeace.org\/denmark\/nyhed\/klimaforandringer\/kulturnat-hos-greenpeace-vi-aabner-doerene-for-dig-klimahaabet-og-forfatter-carsten-jensen\/\" target=\"_blank\"\n\t\t\t><\/a>\n\t\t\t\t\t\t\t<img\n\t\t\t\t\t\tsrc=\"https:\/\/www.greenpeace.org\/static\/planet4-denmark-stateless\/2024\/09\/f17a1a52-carstenognico-1024x768.jpg\"\n\t\t\t\t\t\tsrcset=\"https:\/\/www.greenpeace.org\/static\/planet4-denmark-stateless\/2024\/09\/f17a1a52-carstenognico-300x225.jpg 300w, https:\/\/www.greenpeace.org\/static\/planet4-denmark-stateless\/2024\/09\/f17a1a52-carstenognico-1024x768.jpg 1024w, https:\/\/www.greenpeace.org\/static\/planet4-denmark-stateless\/2024\/09\/f17a1a52-carstenognico-768x576.jpg 768w, https:\/\/www.greenpeace.org\/static\/planet4-denmark-stateless\/2024\/09\/f17a1a52-carstenognico-454x340.jpg 454w, https:\/\/www.greenpeace.org\/static\/planet4-denmark-stateless\/2024\/09\/f17a1a52-carstenognico.jpg 1154w\"\n\t\t\t\t\t\tsizes=\"(min-width: 1000px) 358px, (min-width: 780px) 313px, 88px\"\n\t\t\t\t\t\talt=\"Carsten Jensen og Nicoline Hagen\" title=\"Carsten Jensen og Nicoline Hagen\"\n\t\t\t\t\/>\n            \t\t\t<div class=\"boxout-content\">\n\t\t\t\t\t\t\t\t\t<a\n\t\t\t\t\t\tclass=\"boxout-heading medium\"\n\t\t\t\t\t\tdata-ga-category=\"Take Action Boxout\"\n\t\t\t\t\t\tdata-ga-action=\"Title\"\n\t\t\t\t\t\tdata-ga-label=\"n\/a\"\n\t\t\t\t\t\thref=\"https:\/\/www.greenpeace.org\/denmark\/nyhed\/klimaforandringer\/kulturnat-hos-greenpeace-vi-aabner-doerene-for-dig-klimahaabet-og-forfatter-carsten-jensen\/\"\n\t\t\t\t\t\ttarget=\"_blank\"\n\t\t\t\t\t>\n\t\t\t\t\t\tKulturnat 2024 hos Greenpeace\n\t\t\t\t\t<\/a>\n\t\t\t\t\t\t\t\t\t\t\t\t\t<p class=\"boxout-excerpt\">M\u00f8d de to aktivister Carsten Jensen og Nicoline Hagen<\/p>\n\t\t\t\t                                    <a\n                        class=\"btn btn-primary\"\n                        data-ga-category=\"Take Action Boxout\"\n                        data-ga-action=\"Call to Action\"\n                        data-ga-label=\"n\/a\"\n                        href=\"https:\/\/www.greenpeace.org\/denmark\/nyhed\/klimaforandringer\/kulturnat-hos-greenpeace-vi-aabner-doerene-for-dig-klimahaabet-og-forfatter-carsten-jensen\/\"\n                        target=\"_blank\"\n                    >\n                        Program for Kulturnat 2024\n                    <\/a>\n                \t\t\t<\/div>\n\t\t\t\t\t<\/section>\n\t\n<p><\/p>\n\n<p><em>Men der er jo ogs\u00e5 mange gange, hvor der m\u00e5ske ikke kommer noget ud af det. Hvordan holder du s\u00e5 hum\u00f8ret h\u00f8jt?<\/em><\/p>\n\n<p>\u201cJamen, jeg tror egentlig ikke, jeg tager det s\u00e5 tungt, om der sker noget eller ej. Det handler ogs\u00e5 om helt personligt at f\u00f8le, at man g\u00f8r noget. At man ikke bare er stille. Og s\u00e5 kan det v\u00e6re det virker, eller det kan v\u00e6re det ikke virker. Men et eller andet sted er det lidt ligegyldigt. Jeg vil hellere g\u00f8re noget dumt end ikke at g\u00f8re noget. S\u00e5 for mig betyder det noget i sig selv at g\u00f8re noget og ikke bare at sidde og se til, mens verden den g\u00e5r under,\u201d forklarer hun.<\/p>\n\n<figure class=\"wp-block-image size-large  caption-alignment-left\"><img loading=\"lazy\" decoding=\"async\" width=\"1024\" height=\"683\" src=\"https:\/\/www.greenpeace.org\/static\/planet4-denmark-stateless\/2024\/09\/24b2214a-stop-fossil-trade-finland-17922-\u00a9-antti-yrjonen-greenpeace-1024x683.jpg\" alt=\"\" class=\"wp-image-62408\" srcset=\"https:\/\/www.greenpeace.org\/static\/planet4-denmark-stateless\/2024\/09\/24b2214a-stop-fossil-trade-finland-17922-\u00a9-antti-yrjonen-greenpeace-1024x683.jpg 1024w, https:\/\/www.greenpeace.org\/static\/planet4-denmark-stateless\/2024\/09\/24b2214a-stop-fossil-trade-finland-17922-\u00a9-antti-yrjonen-greenpeace-300x200.jpg 300w, https:\/\/www.greenpeace.org\/static\/planet4-denmark-stateless\/2024\/09\/24b2214a-stop-fossil-trade-finland-17922-\u00a9-antti-yrjonen-greenpeace-768x512.jpg 768w, https:\/\/www.greenpeace.org\/static\/planet4-denmark-stateless\/2024\/09\/24b2214a-stop-fossil-trade-finland-17922-\u00a9-antti-yrjonen-greenpeace-1536x1024.jpg 1536w, https:\/\/www.greenpeace.org\/static\/planet4-denmark-stateless\/2024\/09\/24b2214a-stop-fossil-trade-finland-17922-\u00a9-antti-yrjonen-greenpeace-2048x1366.jpg 2048w, https:\/\/www.greenpeace.org\/static\/planet4-denmark-stateless\/2024\/09\/24b2214a-stop-fossil-trade-finland-17922-\u00a9-antti-yrjonen-greenpeace-510x340.jpg 510w\" sizes=\"auto, (max-width: 1024px) 100vw, 1024px\" \/><figcaption class=\"wp-element-caption\">I 2022 var Nicoline Hagen med ved en aktion i det nordlige Finland, hvor aktivister fra Greenpeace Nordic blokerede for, at skibet Coral Energice kunne afleveres sin last med russisk gas. Aktivisterne kr\u00e6vede, at Finland skulle stoppe sin import af russisk olie, gas og kul, som er med til at finansierede Ruslands krig i Ukraine. <div class=\"credit icon-left\"> \u00a9 Antti Yrjo\u0308nen \/ Greenpeace<\/div><\/figcaption><\/figure>\n\n<h2 class=\"wp-block-heading\"><strong>F\u00f8ler et k\u00e6mpe ansvar<\/strong><\/h2>\n\n<p>N\u00e5r Carsten Jensen taler til demonstrationer eller deltager i aktioner for Den Gr\u00f8nne Ungdomsbev\u00e6gelse, Extinction Rebellion (XR) eller Greenpeace, s\u00e5 handler det for ham ogs\u00e5 om, at han f\u00f8ler et k\u00e6mpe ansvar for den situation, hans generation har sat de unge i. Han f\u00f8ler simpelthen en forpligtelse til at bruge det netv\u00e6rk og den platform, han har, s\u00e5 det ikke blot overlades til Nicoline og hendes generation at bringe verden tilbage i balance.<\/p>\n\n<p>\u201cJeg har 70.000 f\u00f8lgere p\u00e5 Facebook og har derigennem en mulighed for at f\u00e5 mange mennesker i tale. Og det f\u00f8ler jeg, at jeg har et ansvar og en forpligtelse til at g\u00f8re. Jeg synes, det er en forr\u00e6deri, n\u00e5r man l\u00e6ner sig tilbage og siger, at det er de unge, der m\u00e5 handle. For det er jo os alle sammen. Alle generationer. Det her er ikke et generationssp\u00f8rgsm\u00e5l,\u201d siger han.&nbsp;<\/p>\n\n<figure class=\"wp-block-image size-large  caption-alignment-left\"><img loading=\"lazy\" decoding=\"async\" width=\"1024\" height=\"683\" src=\"https:\/\/www.greenpeace.org\/static\/planet4-denmark-stateless\/2024\/09\/390d4d2d-345031290_1791176744612794_735622982949550978_n-1024x683.jpg\" alt=\"\" class=\"wp-image-62409\" srcset=\"https:\/\/www.greenpeace.org\/static\/planet4-denmark-stateless\/2024\/09\/390d4d2d-345031290_1791176744612794_735622982949550978_n-1024x683.jpg 1024w, https:\/\/www.greenpeace.org\/static\/planet4-denmark-stateless\/2024\/09\/390d4d2d-345031290_1791176744612794_735622982949550978_n-300x200.jpg 300w, https:\/\/www.greenpeace.org\/static\/planet4-denmark-stateless\/2024\/09\/390d4d2d-345031290_1791176744612794_735622982949550978_n-768x512.jpg 768w, https:\/\/www.greenpeace.org\/static\/planet4-denmark-stateless\/2024\/09\/390d4d2d-345031290_1791176744612794_735622982949550978_n-1536x1024.jpg 1536w, https:\/\/www.greenpeace.org\/static\/planet4-denmark-stateless\/2024\/09\/390d4d2d-345031290_1791176744612794_735622982949550978_n-510x340.jpg 510w, https:\/\/www.greenpeace.org\/static\/planet4-denmark-stateless\/2024\/09\/390d4d2d-345031290_1791176744612794_735622982949550978_n.jpg 2048w\" sizes=\"auto, (max-width: 1024px) 100vw, 1024px\" \/><figcaption class=\"wp-element-caption\">Carsten Jensen stiller gerne op, n\u00e5r han bliver spurgt, om han vil komme og tale til en demonstration, og han f\u00f8ler et stort h\u00e5b for fremtiden, n\u00e5r han m\u00e6rker de unges engagement i klimasagen. Her deltager han i en Extinction Rebellion (XR) demonstration i maj 2023. <div class=\"credit icon-left\"> \u00a9 B-Joe<\/div><\/figcaption><\/figure>\n\n<p>\u201cOg s\u00e5 vil jeg jo sige, at der for mig ogs\u00e5 er en ekstra gevinst ved at deltage i klimaaktivismen, nemlig alle de unge mennesker, jeg m\u00f8der. Jeg synes, det er s\u00e5 opmuntrende at opleve den indsigt og det gl\u00f8dende engagement, de viser. Det giver mig bare s\u00e5 meget h\u00e5b.\u201d<\/p>\n\n<p>En af de unge der har haft speciel stor indflydelse p\u00e5 Carsten Jensens engagement i den mere aktivistiske side af klimabev\u00e6gelsen er hans steds\u00f8n, Rapha\u00ebl Coleman, der var et af de stiftende medlemmer af Extinction Rebellion i Storbritannien:<\/p>\n\n<p>\u201cHan var en meget meget karismatisk ung mand, som talte ved utallige demonstrationer og styrede deres sociale medier. Han d\u00f8de af en udiagnostiseret hjertefejl, da han var 25 \u00e5r. Min kone Liz og jeg f\u00f8ler begge, at vi skylder ham s\u00e5 meget, s\u00e5 det er p\u00e5 en m\u00e5de ogs\u00e5 en arv, vi videref\u00f8rer fra ham og hans indsats,\u201d forklarer han.<\/p>\n\n<figure class=\"wp-block-image size-large  caption-alignment-left\"><img loading=\"lazy\" decoding=\"async\" width=\"1024\" height=\"768\" src=\"https:\/\/www.greenpeace.org\/static\/planet4-denmark-stateless\/2024\/09\/09867159-img_8217-2-1024x768.jpg\" alt=\"\" class=\"wp-image-62417\" srcset=\"https:\/\/www.greenpeace.org\/static\/planet4-denmark-stateless\/2024\/09\/09867159-img_8217-2-1024x768.jpg 1024w, https:\/\/www.greenpeace.org\/static\/planet4-denmark-stateless\/2024\/09\/09867159-img_8217-2-300x225.jpg 300w, https:\/\/www.greenpeace.org\/static\/planet4-denmark-stateless\/2024\/09\/09867159-img_8217-2-768x576.jpg 768w, https:\/\/www.greenpeace.org\/static\/planet4-denmark-stateless\/2024\/09\/09867159-img_8217-2-1536x1152.jpg 1536w, https:\/\/www.greenpeace.org\/static\/planet4-denmark-stateless\/2024\/09\/09867159-img_8217-2-2048x1536.jpg 2048w, https:\/\/www.greenpeace.org\/static\/planet4-denmark-stateless\/2024\/09\/09867159-img_8217-2-1821x1366.jpg 1821w, https:\/\/www.greenpeace.org\/static\/planet4-denmark-stateless\/2024\/09\/09867159-img_8217-2-453x340.jpg 453w\" sizes=\"auto, (max-width: 1024px) 100vw, 1024px\" \/><figcaption class=\"wp-element-caption\">Carsten Jensens steds\u00f8n, Rapha\u00ebl Coleman, var et af de stiftende medlemmer af Extinction Rebellion (XR) i Storbritannien. Han har v\u00e6ret en stor inspiration for Carsten Jensen. Han d\u00f8de som 25-\u00e5rig af en hjertefejl. <div class=\"credit icon-left\"> \u00a9 Carsten Jensen<\/div><\/figcaption><\/figure>\n\n<h2 class=\"wp-block-heading\"><strong>Der er i den grad nogen der betaler prisen<\/strong><\/h2>\n\n<p>Ogs\u00e5 for Nikoline Hagen betyder samv\u00e6ret med de andre klimaaktivister rigtigt meget for hendes gejst til at k\u00e6mpe videre.&nbsp;<\/p>\n\n<p>\u201cJeg m\u00f8der jo bare virkelig mange gode mennesker,\u201d siger hun med et stort smil p\u00e5 stemmen.&nbsp;<\/p>\n\n<p>\u201cDet betyder alts\u00e5 rigtigt meget, at man, hver gang man er afsted, f\u00f8ler, at man er sammen med nogle ligesindede, som bare virkelig gerne vil en forandring. Og som ogs\u00e5 virkelig gerne vil hinanden.\u201d<\/p>\n\n<figure class=\"wp-block-image size-large  caption-alignment-left\"><img loading=\"lazy\" decoding=\"async\" width=\"1024\" height=\"768\" src=\"https:\/\/www.greenpeace.org\/static\/planet4-denmark-stateless\/2024\/09\/9c679727-img_3523-1024x768.jpeg\" alt=\"\" class=\"wp-image-62404\" srcset=\"https:\/\/www.greenpeace.org\/static\/planet4-denmark-stateless\/2024\/09\/9c679727-img_3523-1024x768.jpeg 1024w, https:\/\/www.greenpeace.org\/static\/planet4-denmark-stateless\/2024\/09\/9c679727-img_3523-300x225.jpeg 300w, https:\/\/www.greenpeace.org\/static\/planet4-denmark-stateless\/2024\/09\/9c679727-img_3523-768x576.jpeg 768w, https:\/\/www.greenpeace.org\/static\/planet4-denmark-stateless\/2024\/09\/9c679727-img_3523-1536x1152.jpeg 1536w, https:\/\/www.greenpeace.org\/static\/planet4-denmark-stateless\/2024\/09\/9c679727-img_3523-2048x1536.jpeg 2048w, https:\/\/www.greenpeace.org\/static\/planet4-denmark-stateless\/2024\/09\/9c679727-img_3523-1821x1366.jpeg 1821w, https:\/\/www.greenpeace.org\/static\/planet4-denmark-stateless\/2024\/09\/9c679727-img_3523-453x340.jpeg 453w\" sizes=\"auto, (max-width: 1024px) 100vw, 1024px\" \/><figcaption class=\"wp-element-caption\">Nicoline Hagen ved en aktion i Amsterdam i 2022 mod import af soyab\u00f8nner fra Brasilien <div class=\"credit icon-left\"> \u00a9 Greenpeace<\/div><\/figcaption><\/figure>\n\n<p>Det er dog s\u00e6rligt m\u00f8det med nogle af de mennesker, der til dagligt lever i klimakatastrofens frontlinje, som for hende har givet klimakampen ekstra betydning. Det skete i forbindelse med en soyaaktion i Holland, hvor der var nogle repr\u00e6sentanter fra det oprindelige folk i Brasilien til stede, for at skabe et link mellem det der sker p\u00e5 vores og p\u00e5 deres side:&nbsp;<\/p>\n\n<p>\u201cUnder vores debrief efter aktionen begyndte de her mennesker bare at gr\u00e6de og fort\u00e6lle om alt det, de havde mistet p\u00e5 grund af den her skovrydningsindustri. Familiemedlemmer og deres hjem. Og pludselig gik det op for en, at det her handler om meget mere, end man lige gik og t\u00e6nkte. Det handler faktisk om deres rettigheder til at leve. Det var et af de momenter, som bare var s\u00e5 r\u00f8rende at f\u00e5 lov at v\u00e6re med til. Bare det at se deres ansigt, n\u00e5r de fortalte, gav mig en helt anden forst\u00e5else af, hvordan tingene h\u00e6nger sammen globalt. At der i den grad er nogen, der allerede betaler prisen,\u201d fort\u00e6ller Nicoline Hagen.<\/p>\n\n<figure class=\"wp-block-image size-full  caption-alignment-left\"><img loading=\"lazy\" decoding=\"async\" width=\"800\" height=\"533\" src=\"https:\/\/www.greenpeace.org\/static\/planet4-denmark-stateless\/2024\/09\/6a7d2dfb-soy-demo-amsterdam-\u00a9-joris-van-gennip-greenpeace.jpg\" alt=\"\" class=\"wp-image-62402\" srcset=\"https:\/\/www.greenpeace.org\/static\/planet4-denmark-stateless\/2024\/09\/6a7d2dfb-soy-demo-amsterdam-\u00a9-joris-van-gennip-greenpeace.jpg 800w, https:\/\/www.greenpeace.org\/static\/planet4-denmark-stateless\/2024\/09\/6a7d2dfb-soy-demo-amsterdam-\u00a9-joris-van-gennip-greenpeace-300x200.jpg 300w, https:\/\/www.greenpeace.org\/static\/planet4-denmark-stateless\/2024\/09\/6a7d2dfb-soy-demo-amsterdam-\u00a9-joris-van-gennip-greenpeace-768x512.jpg 768w, https:\/\/www.greenpeace.org\/static\/planet4-denmark-stateless\/2024\/09\/6a7d2dfb-soy-demo-amsterdam-\u00a9-joris-van-gennip-greenpeace-510x340.jpg 510w\" sizes=\"auto, (max-width: 800px) 100vw, 800px\" \/><figcaption class=\"wp-element-caption\">Her ses de to repr\u00e6sentanter for Brasiliens oprindelige folk, som Nikoline Hagen m\u00f8dte, da hun i maj 2022 var i Amsterdam for at deltage i en Greenpeace-aktion, hvor aktivister fra forskellige lande blokerede for et skib med sojab\u00f8nner fra Brasilien. <div class=\"credit icon-left\"> \u00a9 Joris van Gennip \/ Greenpeace<\/div><\/figcaption><\/figure>\n\n<h2 class=\"wp-block-heading\"><strong>En fantastisk time i samfundsl\u00e6re<\/strong><\/h2>\n\n<p>At v\u00e6re klimaaktivist og nogle gange v\u00e6lge at deltage i fredelig civil ulydighed, er dog ikke uden omkostninger. B\u00e5de Nicoline Hagen og Carsten Jensen har da ogs\u00e5 pr\u00f8vet at blive arresteret efter en aktion. Nicoline en 5-6 gange, mens Carsten Jensen kun har pr\u00f8vet det en enkelt gang. Den oplevelse gjorde til geng\u00e6ld et k\u00e6mpe indtryk.&nbsp;<\/p>\n\n<p><a href=\"https:\/\/www.facebook.com\/carstenjensendk\/posts\/s%C3%A5dan-er-det-at-v%C3%A6re-i-f%C3%A6ngsel-en-bedsteborgers-bekendelserhvad-nu-hvis-jeg-komm\/551569656327374\/\" target=\"_blank\" rel=\"noreferrer noopener\">Det skete under en XR-aktion p\u00e5 H\u00f8jbro ved Christiansborg for to \u00e5r siden<\/a>, hvor han var blevet inviteret til at komme og tale, og hvor han ogs\u00e5 p\u00e5 forh\u00e5nd var blevet spurgt, om han var klar p\u00e5 at blive arresteret, hvis det skulle v\u00e6re:<\/p>\n\n<p>\u201c\u200b\u200bS\u00e5 svarede jeg bare, \u201cja, det er jeg\u201d, og da jeg havde holdt min tale, s\u00e5 satte jeg mig simpelthen ned blandt de andre demonstranter p\u00e5 broen. Jeg var s\u00e5 blevet instrueret i, at n\u00e5r politiet s\u00e5 kom og bad mig om at flytte mig, s\u00e5 skulle jeg sige nej, og jeg skulle ogs\u00e5 sidde i en bestemt stilling med kn\u00e6ene i vejret og holde rundt om mine ben, fordi det var en god stilling at blive b\u00e5ret v\u00e6k i. Alts\u00e5, s\u00e5 man ikke bare blev sl\u00e6bt. S\u00e5 da en betjent kom hen og sagde til mig, at jeg skulle flytte mig, s\u00e5 sagde jeg simpelthen bare, at det havde jeg ikke lyst til. S\u00e5 blev jeg b\u00e5ret v\u00e6k, og s\u00e5 var jeg arresteret,\u201d forklarer han.<\/p>\n\n<figure class=\"wp-block-image size-large  caption-alignment-left\"><img loading=\"lazy\" decoding=\"async\" width=\"682\" height=\"1024\" src=\"https:\/\/www.greenpeace.org\/static\/planet4-denmark-stateless\/2024\/09\/65d43e50-carsten-jensen.-foto-frej-pries-schmedes-682x1024.jpeg\" alt=\"\" class=\"wp-image-62398\" srcset=\"https:\/\/www.greenpeace.org\/static\/planet4-denmark-stateless\/2024\/09\/65d43e50-carsten-jensen.-foto-frej-pries-schmedes-682x1024.jpeg 682w, https:\/\/www.greenpeace.org\/static\/planet4-denmark-stateless\/2024\/09\/65d43e50-carsten-jensen.-foto-frej-pries-schmedes-200x300.jpeg 200w, https:\/\/www.greenpeace.org\/static\/planet4-denmark-stateless\/2024\/09\/65d43e50-carsten-jensen.-foto-frej-pries-schmedes-768x1152.jpeg 768w, https:\/\/www.greenpeace.org\/static\/planet4-denmark-stateless\/2024\/09\/65d43e50-carsten-jensen.-foto-frej-pries-schmedes-1024x1536.jpeg 1024w, https:\/\/www.greenpeace.org\/static\/planet4-denmark-stateless\/2024\/09\/65d43e50-carsten-jensen.-foto-frej-pries-schmedes-1365x2048.jpeg 1365w, https:\/\/www.greenpeace.org\/static\/planet4-denmark-stateless\/2024\/09\/65d43e50-carsten-jensen.-foto-frej-pries-schmedes-910x1366.jpeg 910w, https:\/\/www.greenpeace.org\/static\/planet4-denmark-stateless\/2024\/09\/65d43e50-carsten-jensen.-foto-frej-pries-schmedes-227x340.jpeg 227w, https:\/\/www.greenpeace.org\/static\/planet4-denmark-stateless\/2024\/09\/65d43e50-carsten-jensen.-foto-frej-pries-schmedes-scaled.jpeg 1706w\" sizes=\"auto, (max-width: 682px) 100vw, 682px\" \/><figcaption class=\"wp-element-caption\">Sammen med 138 andre klimaaktivister blev Carsten Jensen den 6. maj 2022 arresteret ved klimagruppen Extinction Rebellions (XR) sit down demonstration p\u00e5 H\u00f8jbro i K\u00f8benhavn.<div class=\"credit icon-left\"> \u00a9 Frej Pries Schmedes<\/div><\/figcaption><\/figure>\n\n<p><a href=\"https:\/\/solidaritet.dk\/carsten-jensen-saadan-er-det-at-vaere-i-faengsel-en-bedsteborgers-bekendelser\/\" target=\"_blank\" rel=\"noreferrer noopener\">Carsten Jensen blev tilbageholdt af politiet i knap otte timer<\/a>, hvoraf han en stor del af tiden opholdt sig i en um\u00f8bleret enecelle.&nbsp;<\/p>\n\n<p>\u201cDet var en fantastisk time i samfundsl\u00e6re, jeg fik der p\u00e5 Bellah\u00f8j Politistation. Jeg har jo efterf\u00f8lgende tit vendt det en del i tankerne, og det, som jeg retrospektivt egentlig synes, er det mest interessante, er, at politifolkene opf\u00f8rte sig som om, de aldrig havde h\u00f8rt om magtens tredeling. Alts\u00e5, at magten i et demokratisk samfund er opdelt i den ud\u00f8vende, d\u00f8mmende og lovgivende magt. For de blev ved med at fort\u00e6lle mig, at jeg stod til halvandet \u00e5r i f\u00e6ngsel. Det bruger de alts\u00e5 til at intimidere de arresterede med. Jeg synes faktisk, at der er en meget ubehagelig tanke, at politiet i den forstand ikke er i en neutral instans, som de burde v\u00e6re,\u201d siger Carsten Jensen.<\/p>\n\n<p>Alle anklager mod forfatteren blev efterf\u00f8lgende frafaldet.&nbsp;&nbsp;<\/p>\n\n<h2 class=\"wp-block-heading\"><strong>Aktivismen er et n\u00f8dsignal<\/strong><\/h2>\n\n<p>Hverken Carsten Jensen eller Nicoline Hagen har endnu takket nej til invitationer om at v\u00e6re med til demonstrationer eller aktioner, der involverer fredelig civil ulydighed, hvis de ellers tror p\u00e5 budskabet.<\/p>\n\n<p>\u201cN\u00e5r jeg til en briefing f\u00f8r en aktion har f\u00e5et at vide, at vi s\u00e5dan en worst case scenario-agtigt kan ende to \u00e5r i f\u00e6ngsel, s\u00e5 har jeg da v\u00e6ret i tvivl, men jeg har heldigvis aldrig f\u00e5et andet end b\u00f8der,\u201d fort\u00e6ller Nicoline Hagen.<\/p>\n\n<p>Trods deres g\u00e5p\u00e5mod er begge aktivister dog enige om, at <a href=\"https:\/\/www.theguardian.com\/environment\/article\/2024\/sep\/10\/climate-rights-report-draconian-measures-protest\" target=\"_blank\" rel=\"noreferrer noopener\">fredelig klimaaktivisme i disse \u00e5r er under et st\u00e6rkt pres<\/a> mange steder, hvilket underst\u00f8ttes af en <a href=\"https:\/\/cri.org\/reports\/on-thin-ice\/\" target=\"_blank\" rel=\"noreferrer noopener\">ny rapport fra Climate Rights International<\/a>. Den viser en tydelig tendens til, at der b\u00e5de bliver sl\u00e5et h\u00e5rdere ned p\u00e5 fredelige protester, og at aktivisterne nu ogs\u00e5 risikerer lange f\u00e6ngselsstraffe. I Storbritannien blev fem aktivister i juli id\u00f8mt henholdsvis fire og fem \u00e5rs f\u00e6ngsel for at planl\u00e6gge en blokade af en motorvej. Og i Tyskland fik en 65-\u00e5rig aktivist for nylig 22 m\u00e5neders f\u00e6ngsel for sit engagement i en protest, der ligeledes blokerede en vej.&nbsp;&nbsp;&nbsp;<\/p>\n\n<figure class=\"wp-block-image size-large  caption-alignment-left\"><img loading=\"lazy\" decoding=\"async\" width=\"1024\" height=\"768\" src=\"https:\/\/www.greenpeace.org\/static\/planet4-denmark-stateless\/2024\/09\/56944fa5-344237345_3442848992710081_7486530729504410722_n-1024x768.jpg\" alt=\"\" class=\"wp-image-62401\" srcset=\"https:\/\/www.greenpeace.org\/static\/planet4-denmark-stateless\/2024\/09\/56944fa5-344237345_3442848992710081_7486530729504410722_n-1024x768.jpg 1024w, https:\/\/www.greenpeace.org\/static\/planet4-denmark-stateless\/2024\/09\/56944fa5-344237345_3442848992710081_7486530729504410722_n-300x225.jpg 300w, https:\/\/www.greenpeace.org\/static\/planet4-denmark-stateless\/2024\/09\/56944fa5-344237345_3442848992710081_7486530729504410722_n-768x576.jpg 768w, https:\/\/www.greenpeace.org\/static\/planet4-denmark-stateless\/2024\/09\/56944fa5-344237345_3442848992710081_7486530729504410722_n-1536x1152.jpg 1536w, https:\/\/www.greenpeace.org\/static\/planet4-denmark-stateless\/2024\/09\/56944fa5-344237345_3442848992710081_7486530729504410722_n-1821x1366.jpg 1821w, https:\/\/www.greenpeace.org\/static\/planet4-denmark-stateless\/2024\/09\/56944fa5-344237345_3442848992710081_7486530729504410722_n-453x340.jpg 453w, https:\/\/www.greenpeace.org\/static\/planet4-denmark-stateless\/2024\/09\/56944fa5-344237345_3442848992710081_7486530729504410722_n.jpg 2048w\" sizes=\"auto, (max-width: 1024px) 100vw, 1024px\" \/><figcaption class=\"wp-element-caption\">Carsten Jensen i sit down blokade i K\u00f8benhavn sammen med en r\u00e6kke medlemmer af gruppen &#8220;Forfattere ser gr\u00f8nt&#8221; ved en XR-demonstration den 13. maj 2023.<div class=\"credit icon-left\"> \u00a9 B-Joe<\/div><\/figcaption><\/figure>\n\n<p>Ogs\u00e5 herhjemme er der ved at opst\u00e5 en stemning for, at der skal sl\u00e5s h\u00e5rdere ned mod klimaaktivisme. Venstres retsordf\u00f8rer, Preben Bang Henriksen, har f.eks. for nylig erkl\u00e6ret, at han <a href=\"https:\/\/klimamonitor.dk\/nyheder\/art10064306\/Venstres-retsordf%C3%B8rer-%C3%B8nsker-sig-h%C3%A5rdere-straffe-til-klimaaktivister\" target=\"_blank\" rel=\"noreferrer noopener\">\u00f8nsker langt h\u00e5rdere straffe til klimaaktivister<\/a>, og i august i \u00e5r blev Greenpeace Danmark id\u00f8mt en <a href=\"https:\/\/www.greenpeace.org\/denmark\/nyhed\/greenpeace\/historisk-dom-mod-greenpeace-for-protester-mod-russisk-olie\/\" target=\"_blank\" rel=\"noreferrer noopener\">historisk stor b\u00f8de<\/a>, for fire fredelige aktioner rettet mod russiske olietankskibe og EU\u2019s og Danmarks import af russisk olie og gas efter den russiske invasion af Ukraine.<\/p>\n\n<p>En tendens Carsten Jensen ser p\u00e5 med stor alvor:<\/p>\n\n<p>\u201cAktivisme er jo et n\u00f8dsignal. Den opst\u00e5r, n\u00e5r politikerne ikke g\u00f8r noget. Hvis politikerne gjorde noget, hvis politikerne fulgte med, satte sig ind i tingene, var \u00e5rv\u00e5gne, og frem for alt ikke havde ladet sig l\u00e6nke af lobbyorganisationerne, jamen s\u00e5 havde der ikke v\u00e6ret brug for aktivisme. Det er jo derfor aktivismen er der. Fordi de etablerede institutioner svigter. Det er jo stort set altid aktivister, der forhindrer demokratiet i at falde i en farlig s\u00f8vn,\u201d siger han.<\/p>\n\n<h2 class=\"wp-block-heading\"><strong>En blanding af sorg og h\u00e5b<\/strong><\/h2>\n\n<p>Hele klimakrisen har efterladt Carsten Jensen med en f\u00f8lelse af sorg over det, vi har mistet. En sorg han blandt andet gav udtryk for under en <a href=\"https:\/\/www.greenpeace.org\/denmark\/nyhed\/landbrug\/stor-og-smuk-begravelse-af-vejle-giver-haab-om-nyt-liv-i-vandet\/\" target=\"_blank\" rel=\"noreferrer noopener\">begravelsesceremoni for Veje Fjord<\/a>, arrangeret af Greenpeace og Danmarks Sportsfiskerforbund i april.<\/p>\n\n<p>\u201cDer ligger jo ogs\u00e5 en sorg i det. I det tab vi bliver udsat for. Det er en verden, der forsvinder mellem h\u00e6nderne p\u00e5 os,\u201d forklarer han sin f\u00f8lelse.<\/p>\n\n<p><em>L\u00e6s ogs\u00e5: <\/em><a href=\"https:\/\/www.greenpeace.org\/denmark\/nyhed\/natur\/verden-er-ikke-vores-carsten-jensens-tale-ved-begravelsen-af-vejle-fjord\/\" target=\"_blank\" rel=\"noreferrer noopener\"><em>\u201cVerden er ikke vores\u201d \u2013 Carsten Jensens tale ved begravelsen af Vejle Fjord<\/em><\/a><\/p>\n\n<figure class=\"wp-block-image size-full  caption-alignment-left\"><img loading=\"lazy\" decoding=\"async\" width=\"800\" height=\"533\" src=\"https:\/\/www.greenpeace.org\/static\/planet4-denmark-stateless\/2024\/09\/f8437f3a-begravelsestale.jpg\" alt=\"\" class=\"wp-image-62405\" srcset=\"https:\/\/www.greenpeace.org\/static\/planet4-denmark-stateless\/2024\/09\/f8437f3a-begravelsestale.jpg 800w, https:\/\/www.greenpeace.org\/static\/planet4-denmark-stateless\/2024\/09\/f8437f3a-begravelsestale-300x200.jpg 300w, https:\/\/www.greenpeace.org\/static\/planet4-denmark-stateless\/2024\/09\/f8437f3a-begravelsestale-768x512.jpg 768w, https:\/\/www.greenpeace.org\/static\/planet4-denmark-stateless\/2024\/09\/f8437f3a-begravelsestale-510x340.jpg 510w\" sizes=\"auto, (max-width: 800px) 100vw, 800px\" \/><figcaption class=\"wp-element-caption\">Den 12. april holdt Carsten Jensen en begravelsestale for den d\u00f8de Vejle Fjord ved en ceremoni arrangeret af Greenpeace og Danmarks Sportsfiskerforbund. Det var dog en tale, der ogs\u00e5 rummede et gran af h\u00e5b om, at vi mennesker vil indse vores fejl, s\u00e5 fjorden igen kan opst\u00e5.<div class=\"credit icon-left\"> \u00a9 Michael Hedelain \/ Greenpeace<\/div><\/figcaption><\/figure>\n\n<p>Alligevel mener de begge, at der fortsat er masser af h\u00e5b for fremtiden.<\/p>\n\n<p>\u201cJeg er ikke klimadeprimeret. Jeg har ikke mistet h\u00e5bet endnu. Og jeg vil forts\u00e6tte med at k\u00e6mpe for alt det jeg ser omkring mig,\u201d forklarer Nicoline Hagen.<\/p>\n\n<h2 class=\"wp-block-heading\"><strong>\u201cEr du trist og deprimeret p\u00e5 grund af klimaet, s\u00e5 pr\u00f8v aktivisme!\u201d<\/strong><\/h2>\n\n<p>Nicoline Hagen kalder i det hele taget sine 11 \u00e5r som aktivist for en vild dannelsesrejse,&nbsp;<\/p>\n\n<p>\u201cAlts\u00e5 jeg startede som 18-\u00e5rig, og shit hvor har jeg l\u00e6rt meget.\u201d<\/p>\n\n<p><em>Hvad er det vigtigste, du har l\u00e6rt?<\/em><\/p>\n\n<p>\u201cDet allervigtigste, jeg har l\u00e6rt, det er helt klart, at jeg ved, at jeg kan holde hovedet koldt, og det er jeg virkelig glad for.\u201d<\/p>\n\n<figure class=\"wp-block-image size-large  caption-alignment-left\"><img loading=\"lazy\" decoding=\"async\" width=\"1024\" height=\"682\" src=\"https:\/\/www.greenpeace.org\/static\/planet4-denmark-stateless\/2024\/09\/37bfba24-photo-2022-08-14-10-28-10-2-1024x682.jpg\" alt=\"\" class=\"wp-image-62406\" srcset=\"https:\/\/www.greenpeace.org\/static\/planet4-denmark-stateless\/2024\/09\/37bfba24-photo-2022-08-14-10-28-10-2-1024x682.jpg 1024w, https:\/\/www.greenpeace.org\/static\/planet4-denmark-stateless\/2024\/09\/37bfba24-photo-2022-08-14-10-28-10-2-300x200.jpg 300w, https:\/\/www.greenpeace.org\/static\/planet4-denmark-stateless\/2024\/09\/37bfba24-photo-2022-08-14-10-28-10-2-768x512.jpg 768w, https:\/\/www.greenpeace.org\/static\/planet4-denmark-stateless\/2024\/09\/37bfba24-photo-2022-08-14-10-28-10-2-1536x1023.jpg 1536w, https:\/\/www.greenpeace.org\/static\/planet4-denmark-stateless\/2024\/09\/37bfba24-photo-2022-08-14-10-28-10-2-510x340.jpg 510w, https:\/\/www.greenpeace.org\/static\/planet4-denmark-stateless\/2024\/09\/37bfba24-photo-2022-08-14-10-28-10-2.jpg 1600w\" sizes=\"auto, (max-width: 1024px) 100vw, 1024px\" \/><figcaption class=\"wp-element-caption\">Her er Nicoline Hagen ude at sejle med Greenpeaceskibet Witness i 2022<div class=\"credit icon-left\"> \u00a9 Greenpeace<\/div><\/figcaption><\/figure>\n\n<p>Nikoline Hagen vil da ogs\u00e5 kun anbefale andre at komme og v\u00e6re med.<\/p>\n\n<p>\u201cAlts\u00e5, den der f\u00f8lelse af at <em>g\u00f8re<\/em> noget, den er bare helt vild. Jeg tror faktisk, at jeg vil sige det s\u00e5dan her: \u201cEr du trist og deprimeret p\u00e5 grund af klimaet? S\u00e5 pr\u00f8v aktivisme! S\u00e5 f\u00e5r du det meget bedre,\u201d\u201d griner hun.&nbsp;<\/p>\n\n<p>\u201cOg s\u00e5 f\u00e5r man jo bare de vildeste oplevelser. T\u00e6nk, jeg f\u00e5r lov til at rejse rundt i hele Europa og opleve de fedeste ting helt gratis. Jeg har lige v\u00e6ret en m\u00e5ned ude med The Arctic Sunrise, hvor jeg har sejlet rundt ude p\u00e5 Nords\u00f8en. Alts\u00e5, jeg f\u00f8ler mig simpelthen s\u00e5 privilegeret. Og alle kan jo g\u00f8re det. Det kan godt v\u00e6re, at du ind imellem lige skal sidde i brummen i 20 timer, men det er fandme ikke en stor pris at betale for det,\u201d slutter hun med et smil.<\/p>\n","protected":false},"excerpt":{"rendered":"<p>Vi lever lige nu midt i et paradoks. P\u00e5 den ene side st\u00e5r verden i en kraftigt eskalerende klima- og biodiversitetskrise. P\u00e5 den anden side bliver det mere og mere risikabelt at v\u00e6re klimaaktivist og deltage i fredelige protester, der skal g\u00f8re opm\u00e6rksom p\u00e5 problemerne. Det faktum afskr\u00e6kker dog hverken den 72-\u00e5rige forfatter og aktivist, Carsten Jensen, eller den 29-\u00e5rige illustrator, grafiske designer og mange\u00e5rige Greenpeace-aktivist, Nicoline Hagen. De er begge drevet af en st\u00e6rk trang til at handle og fors\u00f8ge at r\u00e5be verden op.\u00a0<\/p>\n","protected":false},"author":104,"featured_media":62391,"comment_status":"open","ping_status":"closed","sticky":false,"template":"","format":"standard","meta":{"ep_exclude_from_search":false,"p4_og_title":"Carsten Jensen og Nicoline Hagen om klimaaktivisme: \u201cVerden tr\u00e6nger i den grad til at blive flyttet\u201d\u00a0","p4_og_description":"Vi lever lige nu midt i et paradoks. P\u00e5 den ene side st\u00e5r verden i en kraftigt eskalerende klima- og biodiversitetskrise. P\u00e5 den anden side bliver det mere og mere risikabelt at v\u00e6re klimaaktivist og deltage i fredelige protester, der skal g\u00f8re opm\u00e6rksom p\u00e5 problemerne. Det faktum afskr\u00e6kker dog hverken den 72-\u00e5rige forfatter og aktivist, Carsten Jensen, eller den 29-\u00e5rige illustrator, grafiske designer og mange\u00e5rige Greenpeace-aktivist, Nicoline Hagen. De er begge drevet af en st\u00e6rk trang til at handle og fors\u00f8ge at r\u00e5be verden op.\u00a0","p4_og_image":"","p4_og_image_id":"","p4_seo_canonical_url":"","p4_campaign_name":"","p4_local_project":"","p4_basket_name":"","p4_department":"","footnotes":""},"categories":[4],"tags":[30,24],"p4-page-type":[16],"class_list":["post-62388","post","type-post","status-publish","format-standard","has-post-thumbnail","hentry","category-greenpeace","tag-aktivisme","tag-klima","p4-page-type-nyhed"],"_links":{"self":[{"href":"https:\/\/www.greenpeace.org\/denmark\/wp-json\/wp\/v2\/posts\/62388","targetHints":{"allow":["GET"]}}],"collection":[{"href":"https:\/\/www.greenpeace.org\/denmark\/wp-json\/wp\/v2\/posts"}],"about":[{"href":"https:\/\/www.greenpeace.org\/denmark\/wp-json\/wp\/v2\/types\/post"}],"author":[{"embeddable":true,"href":"https:\/\/www.greenpeace.org\/denmark\/wp-json\/wp\/v2\/users\/104"}],"replies":[{"embeddable":true,"href":"https:\/\/www.greenpeace.org\/denmark\/wp-json\/wp\/v2\/comments?post=62388"}],"version-history":[{"count":9,"href":"https:\/\/www.greenpeace.org\/denmark\/wp-json\/wp\/v2\/posts\/62388\/revisions"}],"predecessor-version":[{"id":62446,"href":"https:\/\/www.greenpeace.org\/denmark\/wp-json\/wp\/v2\/posts\/62388\/revisions\/62446"}],"wp:featuredmedia":[{"embeddable":true,"href":"https:\/\/www.greenpeace.org\/denmark\/wp-json\/wp\/v2\/media\/62391"}],"wp:attachment":[{"href":"https:\/\/www.greenpeace.org\/denmark\/wp-json\/wp\/v2\/media?parent=62388"}],"wp:term":[{"taxonomy":"category","embeddable":true,"href":"https:\/\/www.greenpeace.org\/denmark\/wp-json\/wp\/v2\/categories?post=62388"},{"taxonomy":"post_tag","embeddable":true,"href":"https:\/\/www.greenpeace.org\/denmark\/wp-json\/wp\/v2\/tags?post=62388"},{"taxonomy":"p4-page-type","embeddable":true,"href":"https:\/\/www.greenpeace.org\/denmark\/wp-json\/wp\/v2\/p4-page-type?post=62388"}],"curies":[{"name":"wp","href":"https:\/\/api.w.org\/{rel}","templated":true}]}}