{"id":62718,"date":"2024-10-18T10:13:58","date_gmt":"2024-10-18T08:13:58","guid":{"rendered":"https:\/\/www.greenpeace.org\/denmark\/?p=62718"},"modified":"2025-08-29T10:42:22","modified_gmt":"2025-08-29T08:42:22","slug":"familier-som-vores-er-det-fiktion-eller-et-blik-ind-i-fremtiden","status":"publish","type":"post","link":"https:\/\/www.greenpeace.org\/denmark\/nyhed\/klimaforandringer\/familier-som-vores-er-det-fiktion-eller-et-blik-ind-i-fremtiden\/","title":{"rendered":"\u201cFamilier som vores\u201d &#8211; er det fiktion? Eller et blik ind i fremtiden?"},"content":{"rendered":"\n<p><strong>Den nyeste serie fra Thomas Vinterberg, instrukt\u00f8ren af de prisvindende film Jagten, Druk og Festen, itales\u00e6tter og viser et meget skr\u00e6mmende scenarie for danskere. Hvad g\u00f8r vi, hvis vi ikke l\u00e6ngere kan bo i Danmark p\u00e5 grund af menneskeskabte klimaforandringer?&nbsp;<\/strong><\/p>\n\n<figure class=\"wp-block-image\"><img decoding=\"async\" src=\"https:\/\/www.greenpeace.org\/static\/planet4-denmark-stateless\/2024\/10\/0844ec17-gp0su2fqm.jpg\" title=\"Floods Caused by Storm Boris in Czech Republic. \u00a9 Greenpeace \/ Adolf Horsinka\" alt=\"Alvorlige oversv\u00f8mmelser i Tjekkiet ramte n\u00e6sten alle landets regioner og resulterede i omfattende skader og str\u00f8mafbrydelser. Billederne er fra Ostrava i regionen M\u00e6hren-Schlesien i 2024.<div class=\"credit icon-left\"> \u00a9 Greenpeace \/ Adolf Horsinka<\/div>&#8221; class=&#8221;wp-image-62719&#8243;\/><figcaption class=\"wp-element-caption\">Alvorlige oversv\u00f8mmelser i Tjekkiet ramte n\u00e6sten alle landets regioner og resulterede i omfattende skader og str\u00f8mafbrydelser. Billederne er fra Ostrava i regionen M\u00e6hren-Schlesien i 2024.<div class=\"credit icon-left\"> \u00a9 Greenpeace \/ Adolf Horsinka<\/div><\/figcaption><\/figure>\n\n<p>Storme, oversv\u00f8mmelser og andet ekstremt vejr plager mennesker over hele kloden.&nbsp;<\/p>\n\n<p>Og vi ved det godt. Vi h\u00f8rer ofte om klimaflygtninge, som m\u00e5 g\u00e5 fra hus og hjem, fordi klimaet ikke l\u00e6ngere tillader dem at bo der. I 2020 l\u00e5 antallet af <a href=\"https:\/\/help.drc.ngo\/da\/sadan-arbejder-vi\/livet-som-flygtning\/klimahjaelp\/\" target=\"_blank\" rel=\"noreferrer noopener\">klimaflygtninge p\u00e5 30 millioner<\/a>. Det er mennesker, som fortvivlet m\u00e5 s\u00f8ge hj\u00e6lp i andre lande uden at vide, hvordan fremtiden kommer til at se ud. Medierne viser flere gange tilf\u00e6lde af ekstremt vejr;<a href=\"https:\/\/www.dr.dk\/nyheder\/udland\/florida-staar-stadig-med-oedelaeggelser-efter-doedbringende-orkan-men-nu-kommer-den\" target=\"_blank\" rel=\"noreferrer noopener\"> d\u00f8dbringende orkan i Florida <\/a>som \u00f8del\u00e6gger huse,<a href=\"https:\/\/www.dr.dk\/nyheder\/vejret\/ekstremt-kraftigt-regnvejr-kan-give-katastrofale-oversvoemmelser-flere-steder-i\" target=\"_blank\" rel=\"noreferrer noopener\"> ekstremregn i Centraleuropa<\/a>, der har f\u00f8rt til store oversv\u00f8mmelser, og <a href=\"https:\/\/www.climatecouncil.org.au\/2024s-climate-crisis-extreme-weather-around-the-globe\/\" target=\"_blank\" rel=\"noreferrer noopener\">hedeb\u00f8lger i Asien<\/a>.&nbsp;<\/p>\n\n<p>Det nemme ved dette er, at man sagtens kan undg\u00e5 det. Man skal blot skifte kanal fra nyhederne til et hyggeligt familieprogram, droppe netavisen for sociale medier og lukke \u00f8jnene, n\u00e5r man g\u00e5r forbi avissektionen i kiosken. Men hvad g\u00f8r man, n\u00e5r man ikke kan undg\u00e5 det? Hvad g\u00f8r man, n\u00e5r ekstremt vejr og klimaforandringer kommer s\u00e5 t\u00e6t p\u00e5, at det bliver en realitet?&nbsp;<\/p>\n\n<p><em>L\u00e6s ogs\u00e5: <a href=\"https:\/\/www.greenpeace.org\/denmark\/viden\/klimaforandringer\/bagom-ekstremt-vejr-konsekvenserne-af-global-opvarmning\/\" target=\"_blank\" rel=\"noreferrer noopener\">Bagom ekstremt vejr<\/a><\/em><\/p>\n\n<p>Det er netop denne realitet, som Thomas Vinterberg gerne vil vise i sin nye serie \u201cFamilier som vores\u201d. Klimaforandringer plager Danmark, s\u00e5 det ikke l\u00e6ngere kan ignoreres, og regeringen beslutter, at Danmark skal evakueres.&nbsp;<\/p>\n\n<p>I serien f\u00f8lger man en dansk familie og deres n\u00e6rmeste i deres rejse ud af Danmark og gennem Europa. Penge giver frihed, og dem, som har nok, kan selv v\u00e6lge hvor og hvordan de vil bo. Mindre frit er det for dem, som enten er arbejdsl\u00f8se eller har en lav indkomst. De skal til Bukarest og leve som sild i en t\u00f8nde i delelejligheder, hvor der bor 8 andre. For danskerne er denne nye hverdag en h\u00e5rd realitet. <a href=\"https:\/\/omtv2.tv2.dk\/presse\/pressekit\/familier-som-vores-2024\/\" target=\"_blank\" rel=\"noreferrer noopener\">Det vestlige menneske har ikke oplevet at v\u00e6re p\u00e5 flugt siden 2 verdenskrig<\/a>. De bliver m\u00f8dt med problemstillinger om menneskesmugling og fordomme om deres tilstedev\u00e6relse i de nye lande.&nbsp;<\/p>\n\n<figure class=\"wp-block-image\"><img decoding=\"async\" src=\"https:\/\/www.greenpeace.org\/static\/planet4-denmark-stateless\/2024\/10\/7caf27c4-gp1suj4m.jpg\" title=\"Evacuation Center in the Philippines. \u00a9 Basilio Sepe \/ Greenpeace\" alt=\"Beboere s\u00f8ger ly i telte p\u00e5 grundskolen Rosauro Almario i Tondo, Manila. Omkring 22 familier, der boede i oversv\u00f8mmelsestruede omr\u00e5der i San Juan, blev tvunget til at evakuere p\u00e5 grund af supertyfonen Goni i 2020.<div class=\"credit icon-left\"> \u00a9 Basilio Sepe \/ Greenpeace<\/div>&#8221; class=&#8221;wp-image-62720&#8243;\/><figcaption class=\"wp-element-caption\">Beboere s\u00f8ger ly i telte p\u00e5 grundskolen Rosauro Almario i Tondo, Manila. Omkring 22 familier, der boede i oversv\u00f8mmelsestruede omr\u00e5der i San Juan, blev tvunget til at evakuere p\u00e5 grund af supertyfonen Goni i 2020.<div class=\"credit icon-left\"> \u00a9 Basilio Sepe \/ Greenpeace<\/div><\/figcaption><\/figure>\n\n<p>Heldigvis er dette blot et scenarie. Heldigvis er dette blot en tv-serie, som vi kan slukke, n\u00e5r det dystre kommer for t\u00e6t p\u00e5. Men s\u00e5 let er det ikke for 30 millioner mennesker. Alle disse problemstillinger, som danskerne m\u00f8der i serien, er 30 millioner mennesker stillet over for hver dag. De m\u00e5 forlade alt, hvad de kender, og rejse mange kilometer separeret fra deres familie, stuvet sammen p\u00e5 skibe og uden en rigtig viden om, hvor de skal hen, og hvad der skal ske. Fra den vestlige side bliver de m\u00f8dt af fordomme, og de m\u00e5 k\u00e6mpe for at finde et nyt hjem.<\/p>\n\n<p>Fra den danske befolkningen er der ikke den st\u00f8rste st\u00f8tte til klimaflygtninge. Der er blevet lavet <a href=\"https:\/\/videnskab.dk\/kultur-samfund\/klimamigranterne-kommer-vil-danskerne-tage-imod-dem\/\" target=\"_blank\" rel=\"noreferrer noopener\">en unders\u00f8gelse<\/a> om danskernes holdning til, for hvilke grunde man burde kunne f\u00e5 permanent opholdstilladelse i Danmark. Hvis man er gift med en dansker, s\u00e5 er der stor opbakning. Hvorimod som klimaflygtning er det kun en mellem<a href=\"https:\/\/videnskab.dk\/kultur-samfund\/klimamigranterne-kommer-vil-danskerne-tage-imod-dem\/\" target=\"_blank\" rel=\"noreferrer noopener\"> acceptabel grund til <\/a>at f\u00e5 opholdstilladelse &#8211; hvilket vil sige, at det ikke er blandt favoritterne af grunde til, hvorfor man kan komme til Danmark. Det er ikke kun set i Danmark. Som klimaflygtning er man ikke <a href=\"https:\/\/care.dk\/det-goer-vi\/klima\/klimaflygtninge\" target=\"_blank\" rel=\"noreferrer noopener\">beskyttet under FN\u2019s Flygtningekonvention<\/a>, da man faktisk ikke reelt bliver set som en flygtning. Man er derfor ikke beskyttet med bolig og social velf\u00e6rd, som hvis man er flygtning af andre \u00e5rsager.&nbsp;<\/p>\n\n<h2 class=\"wp-block-heading\">Klimaflygtninge vil kun blive flere og flere<\/h2>\n\n<figure class=\"wp-block-image size-full\"><img loading=\"lazy\" decoding=\"async\" width=\"800\" height=\"533\" src=\"https:\/\/www.greenpeace.org\/static\/planet4-denmark-stateless\/2023\/01\/d6246909-gp1swkop_web_size.jpg\" title=\"To b\u00f8rn sv\u00f8mmer i vandmasserne ved oversv\u00f8mmelse i Palangka Raya i Indonesien.\" alt=\"B\u00f8rn sv\u00f8mmer gennem oversv\u00f8mmelserne i Palangka Raya, Central Kalimantan. De omfattende oversv\u00f8mmelser tvang byr\u00e5det i Palangka Raya til at erkl\u00e6re undtagelsestilstand i 14 dage fra den 12. til den 25. november 2021. \" class=\"wp-image-54685\" srcset=\"https:\/\/www.greenpeace.org\/static\/planet4-denmark-stateless\/2023\/01\/d6246909-gp1swkop_web_size.jpg 800w, https:\/\/www.greenpeace.org\/static\/planet4-denmark-stateless\/2023\/01\/d6246909-gp1swkop_web_size-300x200.jpg 300w, https:\/\/www.greenpeace.org\/static\/planet4-denmark-stateless\/2023\/01\/d6246909-gp1swkop_web_size-768x512.jpg 768w, https:\/\/www.greenpeace.org\/static\/planet4-denmark-stateless\/2023\/01\/d6246909-gp1swkop_web_size-510x340.jpg 510w\" sizes=\"auto, (max-width: 800px) 100vw, 800px\" \/><figcaption class=\"wp-element-caption\">B\u00f8rn sv\u00f8mmer gennem oversv\u00f8mmelserne i Palangka Raya, Central Kalimantan. De omfattende oversv\u00f8mmelser tvang byr\u00e5det i Palangka Raya til at erkl\u00e6re undtagelsestilstand i 14 dage fra den 12. til den 25. november 2021. \u00a9 Pram \/ Greenpeace<\/figcaption><\/figure>\n\n<p>I takt med at klimaforandringer bliver voldsommere og voldsommere, kommer der til at v\u00e6re flere klimaflygtninge hvert \u00e5r. Det er estimeret, at der frem til <a href=\"https:\/\/care.dk\/det-goer-vi\/klima\/klimaflygtninge\" target=\"_blank\" rel=\"noreferrer noopener\">2050 kommer til at v\u00e6re 200 millioner klimaflygtninge<\/a>, hvis vi ikke tager vores klimaproblemer alvorligt. Man kan ikke l\u00e6ngere ignorere det og sige \u201cdet kommer ikke til at ske for mig\u201d og bare slukke for fjernsynet. For hvor er solidariteten? Hvor er vores medf\u00f8lelse til andre mennesker? Hvorn\u00e5r begynder man at tage klimaproblemerne seri\u00f8st,&nbsp;s\u00e5 der bliver gjort noget? Er det virkelig f\u00f8rst, n\u00e5r vi selv som i \u201cFamilier som vores\u201d m\u00e6rker det p\u00e5 egen h\u00e5nd? Er det f\u00f8rst, n\u00e5r det er for sent?&nbsp;<\/p>\n\n<p>Klimakrisen er heller ikke s\u00e5 langt fra os. Det er kun \u00e9t \u00e5r siden, at der var stormflod i Danmark, som \u00f8delagde en masse hjem for danskere. S\u00e5 Thomas Vinterbergs realitet er alts\u00e5 ikke s\u00e5 usandsynlig, som man skulle tro. Her vil der ikke v\u00e6re mulighed for bare at slukke TV\u2019et og let ignorere det. Det er derfor vigtigt, at vi skal stoppe klimaforandringerne, inden at det faktisk kommer til at ske.&nbsp;<\/p>\n\n<h2 class=\"wp-block-heading\">Hvem skal betale for skaderne?<\/h2>\n\n<p>Vi skal passe p\u00e5 vores jord og hinanden. Vi skal derfor s\u00f8rge for at stoppe klimaforandringerne, inden det er for sent. Derudover, skal vi genopbygge de \u00f8del\u00e6ggelser, som er blevet for\u00e5rsaget af klimaforandringer. Olie- og gasindustrien er en af de industrier, som udleder de fleste CO2-udledninger og derfor en de st\u00f8rste syndere, n\u00e5r det kommer til klimakrisen. For at kunne bek\u00e6mpe klimaforandringer, s\u00e5 skal vi stoppe olie- og gasindustrien med at udvide sig, og i stedet skal de begynde at betale for de skader, de har forvoldt p\u00e5 kloden.&nbsp;<\/p>\n\n<p>Heldigvis er Thomas Vinterbergs scenarie endnu bare fiktion. Og heldigvis, kan vi stadig n\u00e5 at stoppe klimaforandringerne og olie- og gasselskaberne inden, at det er for sent. Men vi skal hj\u00e6lpe hinanden og vise solidaritet.&nbsp;<\/p>\n\n<h2 class=\"wp-block-heading\">Hvad kan du g\u00f8re?<\/h2>\n\n<p>Du kan v\u00e6re med til at g\u00f8re en forskel ved at t\u00e6nke over, hvordan du rejser og hvilket mad, du spiser. Men, du kan ogs\u00e5 st\u00e5 sammen med Greenpeace og v\u00e6re med til at l\u00e6gge pres p\u00e5 regeringer og f\u00e5 dem til at tvinge oliegiganterne til at betale for de skader, de er skyld i. Skriv under og v\u00e6r med til at g\u00f8re en forskel:<\/p>\n\t\t\t<section\n\t\t\tclass=\"boxout post-65943 \"\n\t\t\t\n\t\t>\n\t\t\t<a\n\t\t\t\tdata-ga-category=\"Take Action Boxout\"\n\t\t\t\tdata-ga-action=\"Image\"\n\t\t\t\tdata-ga-label=\"n\/a\"\n\t\t\t\tclass=\"cover-card-overlay\"\n\t\t\t\thref=\"https:\/\/www.greenpeace.org\/denmark\/vaer-med\/klimaskat-pa-oliegiganterne\/\" \n\t\t\t><\/a>\n\t\t\t\t\t\t\t<img\n\t\t\t\t\t\tsrc=\"https:\/\/www.greenpeace.org\/static\/planet4-denmark-stateless\/2025\/03\/408be879-total-gave-low-1024x683.jpg\"\n\t\t\t\t\t\tsrcset=\"https:\/\/www.greenpeace.org\/static\/planet4-denmark-stateless\/2025\/03\/408be879-total-gave-low-300x200.jpg 300w, https:\/\/www.greenpeace.org\/static\/planet4-denmark-stateless\/2025\/03\/408be879-total-gave-low-1024x683.jpg 1024w, https:\/\/www.greenpeace.org\/static\/planet4-denmark-stateless\/2025\/03\/408be879-total-gave-low-768x512.jpg 768w, https:\/\/www.greenpeace.org\/static\/planet4-denmark-stateless\/2025\/03\/408be879-total-gave-low-1536x1024.jpg 1536w, https:\/\/www.greenpeace.org\/static\/planet4-denmark-stateless\/2025\/03\/408be879-total-gave-low-2048x1366.jpg 2048w, https:\/\/www.greenpeace.org\/static\/planet4-denmark-stateless\/2025\/03\/408be879-total-gave-low-510x340.jpg 510w\"\n\t\t\t\t\t\tsizes=\"(min-width: 1000px) 358px, (min-width: 780px) 313px, 88px\"\n\t\t\t\t\t\talt=\"\" title=\"\"\n\t\t\t\t\/>\n            \t\t\t<div class=\"boxout-content\">\n\t\t\t\t\t\t\t\t\t<a\n\t\t\t\t\t\tclass=\"boxout-heading medium\"\n\t\t\t\t\t\tdata-ga-category=\"Take Action Boxout\"\n\t\t\t\t\t\tdata-ga-action=\"Title\"\n\t\t\t\t\t\tdata-ga-label=\"n\/a\"\n\t\t\t\t\t\thref=\"https:\/\/www.greenpeace.org\/denmark\/vaer-med\/klimaskat-pa-oliegiganterne\/\"\n\t\t\t\t\t\t\n\t\t\t\t\t>\n\t\t\t\t\t\tL\u00e6g klimaskat p\u00e5 oliegiganterne\ud83d\udcb8\n\t\t\t\t\t<\/a>\n\t\t\t\t\t\t\t\t\t\t\t\t\t<p class=\"boxout-excerpt\">Oliegiganterne skal st\u00e5 til ansvar og betale for de skader, de forvolder.<\/p>\n\t\t\t\t                                    <a\n                        class=\"btn btn-primary\"\n                        data-ga-category=\"Take Action Boxout\"\n                        data-ga-action=\"Call to Action\"\n                        data-ga-label=\"n\/a\"\n                        href=\"https:\/\/www.greenpeace.org\/denmark\/vaer-med\/klimaskat-pa-oliegiganterne\/\"\n                        \n                    >\n                        V\u00e6r med\n                    <\/a>\n                \t\t\t<\/div>\n\t\t\t\t\t<\/section>\n\t","protected":false},"excerpt":{"rendered":"<p>Den nyeste serie fra Thomas Vinterberg, instrukt\u00f8ren af de prisvindende film Jagten, Druk og Festen, itales\u00e6tter og viser et meget skr\u00e6mmende scenarie for danskere. Hvad g\u00f8r vi, hvis vi ikke l\u00e6ngere kan bo i Danmark p\u00e5 grund af menneskeskabte klimaforandringer?\u00a0<\/p>\n","protected":false},"author":113,"featured_media":62719,"comment_status":"closed","ping_status":"closed","sticky":false,"template":"","format":"standard","meta":{"ep_exclude_from_search":false,"p4_og_title":"\u201cFamilier som vores\u201d - er det fiktion? Eller et blik ind i fremtiden?","p4_og_description":"Den nyeste serie fra Thomas Vinterberg, instrukt\u00f8ren af de prisvindende film Jagten, Druk og Festen, itales\u00e6tter og viser et meget skr\u00e6mmende scenarie for danskere. Hvad g\u00f8r vi, hvis vi ikke l\u00e6ngere kan bo i Danmark p\u00e5 grund af menneskeskabte klimaforandringer?\u00a0","p4_og_image":"https:\/\/www.greenpeace.org\/static\/planet4-denmark-stateless\/2024\/10\/0844ec17-gp0su2fqm.jpg","p4_og_image_id":"62719","p4_seo_canonical_url":"","p4_campaign_name":"","p4_local_project":"","p4_basket_name":"","p4_department":"","footnotes":""},"categories":[1],"tags":[19,24],"p4-page-type":[16],"class_list":["post-62718","post","type-post","status-publish","format-standard","has-post-thumbnail","hentry","category-klimaforandringer","tag-fossilenergi","tag-klima","p4-page-type-nyhed"],"_links":{"self":[{"href":"https:\/\/www.greenpeace.org\/denmark\/wp-json\/wp\/v2\/posts\/62718","targetHints":{"allow":["GET"]}}],"collection":[{"href":"https:\/\/www.greenpeace.org\/denmark\/wp-json\/wp\/v2\/posts"}],"about":[{"href":"https:\/\/www.greenpeace.org\/denmark\/wp-json\/wp\/v2\/types\/post"}],"author":[{"embeddable":true,"href":"https:\/\/www.greenpeace.org\/denmark\/wp-json\/wp\/v2\/users\/113"}],"replies":[{"embeddable":true,"href":"https:\/\/www.greenpeace.org\/denmark\/wp-json\/wp\/v2\/comments?post=62718"}],"version-history":[{"count":7,"href":"https:\/\/www.greenpeace.org\/denmark\/wp-json\/wp\/v2\/posts\/62718\/revisions"}],"predecessor-version":[{"id":66414,"href":"https:\/\/www.greenpeace.org\/denmark\/wp-json\/wp\/v2\/posts\/62718\/revisions\/66414"}],"wp:featuredmedia":[{"embeddable":true,"href":"https:\/\/www.greenpeace.org\/denmark\/wp-json\/wp\/v2\/media\/62719"}],"wp:attachment":[{"href":"https:\/\/www.greenpeace.org\/denmark\/wp-json\/wp\/v2\/media?parent=62718"}],"wp:term":[{"taxonomy":"category","embeddable":true,"href":"https:\/\/www.greenpeace.org\/denmark\/wp-json\/wp\/v2\/categories?post=62718"},{"taxonomy":"post_tag","embeddable":true,"href":"https:\/\/www.greenpeace.org\/denmark\/wp-json\/wp\/v2\/tags?post=62718"},{"taxonomy":"p4-page-type","embeddable":true,"href":"https:\/\/www.greenpeace.org\/denmark\/wp-json\/wp\/v2\/p4-page-type?post=62718"}],"curies":[{"name":"wp","href":"https:\/\/api.w.org\/{rel}","templated":true}]}}