{"id":63016,"date":"2024-11-20T15:04:56","date_gmt":"2024-11-20T14:04:56","guid":{"rendered":"https:\/\/www.greenpeace.org\/denmark\/?p=63016"},"modified":"2026-01-13T15:54:09","modified_gmt":"2026-01-13T14:54:09","slug":"klimatopmoedet-2024-6-spoergsmaal-og-svar-om-cop29-i-baku","status":"publish","type":"post","link":"https:\/\/www.greenpeace.org\/denmark\/viden\/klimaforandringer\/klimatopmoedet-2024-6-spoergsmaal-og-svar-om-cop29-i-baku\/","title":{"rendered":"Klimatopm\u00f8det 2024: 6 sp\u00f8rgsm\u00e5l og svar om COP29 i Baku"},"content":{"rendered":"\n<figure class=\"wp-block-image size-full\"><img loading=\"lazy\" decoding=\"async\" width=\"800\" height=\"571\" src=\"https:\/\/www.greenpeace.org\/static\/planet4-denmark-stateless\/2023\/12\/6e6c9218-gp0styqdh_low_res.jpg\" alt=\"\" class=\"wp-image-59394\" srcset=\"https:\/\/www.greenpeace.org\/static\/planet4-denmark-stateless\/2023\/12\/6e6c9218-gp0styqdh_low_res.jpg 800w, https:\/\/www.greenpeace.org\/static\/planet4-denmark-stateless\/2023\/12\/6e6c9218-gp0styqdh_low_res-300x214.jpg 300w, https:\/\/www.greenpeace.org\/static\/planet4-denmark-stateless\/2023\/12\/6e6c9218-gp0styqdh_low_res-768x548.jpg 768w, https:\/\/www.greenpeace.org\/static\/planet4-denmark-stateless\/2023\/12\/6e6c9218-gp0styqdh_low_res-476x340.jpg 476w\" sizes=\"auto, (max-width: 800px) 100vw, 800px\" \/><figcaption class=\"wp-element-caption\">Mere end 65 aktivister til COP28 i Dubai, har stavet \u201cYalla\u201d med gule, oplyste balloner. \u201cYalla\u201d betyder \u201ckom, lad os g\u00e5\u201d eller \u201cskynd dig\u201d p\u00e5 arabisk og symboliserer, at det haster at indf\u00f8re klimatiltag.\u00a0<div class=\"credit icon-left\"> \u00a9 Marie Jacquemin \/ Greenpeace<\/div><\/figcaption><\/figure>\n\n<p>Verdens lande samles \u00e5rlig til et klimatopm\u00f8de for at forhandle om klimatilpasning og l\u00f8sninger p\u00e5 <a href=\"https:\/\/www.greenpeace.org\/denmark\/klimaforandringer\/\" target=\"_blank\" rel=\"noreferrer noopener\">klimaforandringerne<\/a>. L\u00e6s her om det nuv\u00e6rende klimatopm\u00f8de, COP29 Baku, og hvad der akut skal g\u00f8res.<\/p>\n\n<h2 class=\"wp-block-heading\">1. Hvad er klimatopm\u00f8det?\u00a0<\/h2>\n\n<p>Hvert \u00e5r l\u00f8ber et klimatopm\u00f8de af stablen, hvor verdens lande skal forhandle om klimatilpasning og l\u00f8sninger p\u00e5 den akutte klimakrise.&nbsp;<\/p>\n\n<p>Klimatopmm\u00f8det arrangeres for alle de parter, der har skrevet under p\u00e5 FNs klimakovention.\u00a0<\/p>\n\n<p>Klimakonventionen er en international og en juridisk bindende aftale, der skal hindre og begr\u00e6nse menneskeskabte klimaforandringer. Det er et slags \u00e5rsm\u00f8de, hvor man diskuterer, hvordan vi bedst kan begr\u00e6nse den globale opvarmning &#8211; en trussel som vil p\u00e5virke alle mennesker p\u00e5 kloden.&nbsp;<\/p>\n\n<h2 class=\"wp-block-heading\">2. Hvorn\u00e5r foreg\u00e5r COP29?<\/h2>\n\n<p>Klimatopm\u00f8det COP29 varer fra mandag d. 11 november&nbsp; til fredag d. 22 november 2024.<\/p>\n\n<h2 class=\"wp-block-heading\">3. Hvem deltager p\u00e5 klimatopm\u00f8det?\u00a0<\/h2>\n\n<figure class=\"wp-block-image size-full\"><img loading=\"lazy\" decoding=\"async\" width=\"800\" height=\"571\" src=\"https:\/\/www.greenpeace.org\/static\/planet4-denmark-stateless\/2023\/12\/b46ad1ee-gp0styowq_low_res.jpg\" alt=\"\" class=\"wp-image-59159\" srcset=\"https:\/\/www.greenpeace.org\/static\/planet4-denmark-stateless\/2023\/12\/b46ad1ee-gp0styowq_low_res.jpg 800w, https:\/\/www.greenpeace.org\/static\/planet4-denmark-stateless\/2023\/12\/b46ad1ee-gp0styowq_low_res-300x214.jpg 300w, https:\/\/www.greenpeace.org\/static\/planet4-denmark-stateless\/2023\/12\/b46ad1ee-gp0styowq_low_res-768x548.jpg 768w, https:\/\/www.greenpeace.org\/static\/planet4-denmark-stateless\/2023\/12\/b46ad1ee-gp0styowq_low_res-476x340.jpg 476w\" sizes=\"auto, (max-width: 800px) 100vw, 800px\" \/><figcaption class=\"wp-element-caption\">Fossil Fuel Phase Out protest ved COP28<div class=\"credit icon-left\"> \u00a9 Marie Jacquemin \/ Greenpeace<\/div><\/figcaption><\/figure>\n\n<p><a href=\"https:\/\/www.climatechangenews.com\/2024\/04\/24\/peak-cop-un-looks-to-shrink-baku-and-belem-climate-summits\/\" target=\"_blank\" rel=\"noreferrer noopener\">40-50.000 deltagere forventes at deltage p\u00e5 COP29 i Aserbajdsjans hovedstad Baku. <\/a>Repr\u00e6sentanter og statsoverhoveder fra 197 lande, der har underskrevet klimakonventionen, deltager p\u00e5 klimatopm\u00f8det. COP29 er ogs\u00e5 v\u00e6rt for diplomater, journalister og klimaforskere. Repr\u00e6sentanter fra civilsamfundet som fagforeningsledere, aktivister og ledere fra lokalbefolkninger deltager ogs\u00e5.\u00a0<\/p>\n\n<p>Olie- og gasindustrien er ogs\u00e5 st\u00e6rkt repr\u00e6senteret p\u00e5 klimatopm\u00f8derne. Rekordmange lobbyister fra olie- og gasindustrien var til stede p\u00e5 forrige klimatopm\u00f8de, COP28 i Dubai. If\u00f8lge <a href=\"https:\/\/www.theguardian.com\/environment\/2023\/dec\/05\/record-number-of-fossil-fuel-lobbyists-get-access-to-cop28-climate-talks\" target=\"_blank\" rel=\"noreferrer noopener\">en analyse var der mindst 2.456 lobbyister til stede<\/a> &#8211; det er syv gange flere end repr\u00e6sentanter fra lokalbefolkninger.\u00a0<\/p>\n\n<p>I \u00e5r, som sidste \u00e5r, deltager TotalEnergies, som st\u00e5r for 80 procent af den danske olie- og 90 procent af den danske gasindvinding i Nords\u00f8en, deltager i klimatopm\u00f8det. Greenpeace mener, at det er dybt problematisk, at olie- og gasselskaber som Totalenergies er med til klimatopm\u00f8derne.\u00a0<\/p>\n\n<p><em>L\u00e6s ogs\u00e5: <\/em><a href=\"https:\/\/www.greenpeace.org\/denmark\/pressemeddelelse\/klimaforandringer\/klimaoedelaeggelse-leveret-direkte-foran-totalenergies-i-esbjerg\/\"><em>Klima\u00f8del\u00e6ggelser leveret direkte foran TotalEnergies&nbsp;<\/em><\/a><\/p>\n\n<h2 class=\"wp-block-heading\">4. Hvilke beslutninger skal tages p\u00e5 klimatopm\u00f8det i Baku?\u00a0<\/h2>\n\n<p><a href=\"https:\/\/www.amnesty.org\/en\/latest\/news\/2024\/11\/cop29-what-you-need-to-know-about-the-global-climate-summit\/\" target=\"_blank\" rel=\"noreferrer noopener\">\u00c5rets helt store tema og stridsm\u00e5l i forhandlingerne er klimafinansiering<\/a>. Klimafinansiering handler om at give \u00f8konomisk st\u00f8tte til lavindkomstlande for at hj\u00e6lpe dem med at skabe en gr\u00f8n udvikling &#8211; og det sker ved at udfase kul, olie og gas &#8211; og for at hj\u00e6lpe de mest udsatte samfund med klimatilpasning. Under klimatilpasning forst\u00e5s tiltag, som g\u00f8r vores samfund mere modstandsdygtigt over for klimaforandringer. Et hovedm\u00e5l med COP29 er at finde ud af, hvor meget de rigere lande skal give til de fattigere lande i klimabistand.<\/p>\n\n<p>P\u00e5 COP29 vil der blive truffet afg\u00f8rende beslutninger for at h\u00e5ndtere de ekstremt h\u00f8je omkostninger ved klimatilpasning. Greenpeace og mange andre klimaorganisationer kr\u00e6ver, at der bliver sat<a href=\"https:\/\/climatenetwork.org\/resource\/climate-action-network-submission-ncqg\/\" target=\"_blank\" rel=\"noreferrer noopener\"> et m\u00e5l p\u00e5 mindst 1 billion dollars om \u00e5ret <\/a>til udviklingslande for at d\u00e6kke klimatilpasning og klima\u00f8del\u00e6ggelser.\u00a0<\/p>\n\n<h3 class=\"wp-block-heading\"><strong>Hvem skal betale for klimafinansieringen?<\/strong><\/h3>\n\n<figure class=\"wp-block-image\"><img loading=\"lazy\" decoding=\"async\" width=\"1200\" height=\"800\" src=\"https:\/\/www.greenpeace.org\/static\/planet4-denmark-stateless\/2024\/11\/c6b9b632-gp0styiuq.jpg\" title=\"Ahead of COP28 Activists Stage Cynical Meal &quot;Make Polluters Pay&quot; in Paris. \u00a9 Basile Barjon \/ Greenpeace\" alt=\"Ahead of COP28 Activists Stage Cynical Meal &quot;Make Polluters Pay&quot; in Paris. \u00a9 Basile Barjon \/ Greenpeace\" class=\"wp-image-63020\" srcset=\"https:\/\/www.greenpeace.org\/static\/planet4-denmark-stateless\/2024\/11\/c6b9b632-gp0styiuq.jpg 1200w, https:\/\/www.greenpeace.org\/static\/planet4-denmark-stateless\/2024\/11\/c6b9b632-gp0styiuq-300x200.jpg 300w, https:\/\/www.greenpeace.org\/static\/planet4-denmark-stateless\/2024\/11\/c6b9b632-gp0styiuq-1024x683.jpg 1024w, https:\/\/www.greenpeace.org\/static\/planet4-denmark-stateless\/2024\/11\/c6b9b632-gp0styiuq-768x512.jpg 768w, https:\/\/www.greenpeace.org\/static\/planet4-denmark-stateless\/2024\/11\/c6b9b632-gp0styiuq-510x340.jpg 510w\" sizes=\"auto, (max-width: 1200px) 100vw, 1200px\" \/><figcaption class=\"wp-element-caption\">Forud for sidste \u00e5rs klimatopm\u00f8de COP28 arrangerede aktivister fra Greenpeace i Frankrig og CARE France en middag med budskabet om at olie- og gasselskaber skal betale regningen for klimakrisen.\u00a0<div class=\"credit icon-left\"> \u00a9 Basile Barjon \/ Greenpeace<\/div><\/figcaption><\/figure>\n\n<p>Klimaforandringernes omkostninger b\u00f8r betales af dem, som har for\u00e5rsaget dem, og det er oile- og gasselskaberne. De skal s\u00e6tte en stopper for udvindingen af olie og gas samtidig med, at verden kan skruet helt op for omstilling til vedvarende energi.<\/p>\n\n<p>\u201cForureneren betaler\u201d handler om, at de hovedansvarlige af drivhusgasudslip selv skal betale for omkostninger for samfundet. At lade forurenerne betale for deres udslip er en retf\u00e6rdig m\u00e5de at skaffe penge til klimatilpasning og genopbygning af klima\u00f8del\u00e6ggelser.&nbsp;<\/p>\n\t\t\t<section\n\t\t\tclass=\"boxout post-60315 \"\n\t\t\t\n\t\t>\n\t\t\t<a\n\t\t\t\tdata-ga-category=\"Take Action Boxout\"\n\t\t\t\tdata-ga-action=\"Image\"\n\t\t\t\tdata-ga-label=\"n\/a\"\n\t\t\t\tclass=\"cover-card-overlay\"\n\t\t\t\thref=\"https:\/\/www.greenpeace.org\/denmark\/vaer-med\/ikkemintilladelse\/\" \n\t\t\t><\/a>\n\t\t\t\t\t\t\t<img\n\t\t\t\t\t\tsrc=\"https:\/\/www.greenpeace.org\/static\/planet4-denmark-stateless\/2021\/08\/a734da0b-gettyimages-1233949526-1024x683.jpg\"\n\t\t\t\t\t\tsrcset=\"https:\/\/www.greenpeace.org\/static\/planet4-denmark-stateless\/2021\/08\/a734da0b-gettyimages-1233949526-300x200.jpg 300w, https:\/\/www.greenpeace.org\/static\/planet4-denmark-stateless\/2021\/08\/a734da0b-gettyimages-1233949526-1024x683.jpg 1024w, https:\/\/www.greenpeace.org\/static\/planet4-denmark-stateless\/2021\/08\/a734da0b-gettyimages-1233949526-768x512.jpg 768w, https:\/\/www.greenpeace.org\/static\/planet4-denmark-stateless\/2021\/08\/a734da0b-gettyimages-1233949526-1536x1024.jpg 1536w, https:\/\/www.greenpeace.org\/static\/planet4-denmark-stateless\/2021\/08\/a734da0b-gettyimages-1233949526-2048x1366.jpg 2048w, https:\/\/www.greenpeace.org\/static\/planet4-denmark-stateless\/2021\/08\/a734da0b-gettyimages-1233949526-510x340.jpg 510w\"\n\t\t\t\t\t\tsizes=\"(min-width: 1000px) 358px, (min-width: 780px) 313px, 88px\"\n\t\t\t\t\t\talt=\"\" title=\"\"\n\t\t\t\t\/>\n            \t\t\t<div class=\"boxout-content\">\n\t\t\t\t\t\t\t\t\t<a\n\t\t\t\t\t\tclass=\"boxout-heading medium\"\n\t\t\t\t\t\tdata-ga-category=\"Take Action Boxout\"\n\t\t\t\t\t\tdata-ga-action=\"Title\"\n\t\t\t\t\t\tdata-ga-label=\"n\/a\"\n\t\t\t\t\t\thref=\"https:\/\/www.greenpeace.org\/denmark\/vaer-med\/ikkemintilladelse\/\"\n\t\t\t\t\t\t\n\t\t\t\t\t>\n\t\t\t\t\t\tNy olie og gas  truer vores fremtid\ud83d\udc94\n\t\t\t\t\t<\/a>\n\t\t\t\t\t\t\t\t\t\t\t\t\t<p class=\"boxout-excerpt\">Det er ikke for sent at bremse klima- og naturkriserne.<\/p>\n\t\t\t\t                                    <a\n                        class=\"btn btn-primary\"\n                        data-ga-category=\"Take Action Boxout\"\n                        data-ga-action=\"Call to Action\"\n                        data-ga-label=\"n\/a\"\n                        href=\"https:\/\/www.greenpeace.org\/denmark\/vaer-med\/ikkemintilladelse\/\"\n                        \n                    >\n                        V\u00e6r med\n                    <\/a>\n                \t\t\t<\/div>\n\t\t\t\t\t<\/section>\n\t\n<h2 class=\"wp-block-heading\">5. Hvad skete der under det forrige klimatopm\u00f8de, COP28 i Dubai?\u00a0<\/h2>\n\n<p>Under COP28 i Dubai fik vi endelig en erkl\u00e6ring om, at verden skal omstille v\u00e6k fra fossile br\u00e6ndsler i energisystemer.&nbsp;<\/p>\n\n<p>Parterne var midlertidigt uenige om ordvalget. I det f\u00f8rste udkast blev formuleringen, at lande \u201ckunne omstille sig v\u00e6k fra\u201d fossile br\u00e6ndsler, som gav indtrykket af, at det ville v\u00e6re frivilligt. Dette fik meget kritik, men flere lande n\u00e6gtede omvendt at g\u00e5 med p\u00e5 formuleringen \u201cat udfase\u201d. Derfor blev det endelige ordvalg at \u201comstille v\u00e6k fra\u201d de fossile br\u00e6ndsler. Det var et stort skridt, at flere lande gik med til at omstille sig v\u00e6k fra gas og olie.\u00a0<\/p>\n\n<p>Under klimatopm\u00f8det i 2023 blev en fond for tab og skader vedtaget. Fonden skal kompensere s\u00e5rbare lande, som pr\u00f8ver at h\u00e5ndtere tab og skader for\u00e5rsaget af klimaforandringer.&nbsp;<\/p>\n\n<p>L\u00e6s ogs\u00e5: <a href=\"https:\/\/www.greenpeace.org\/denmark\/viden\/klimaforandringer\/din-guide-til-fns-klimatopmoede-cop28-i-dubai\/#:~:text=COP28%20er%20FN's%2028.,i%20tr%C3%A5d%20med%20Parisaftalens%20m%C3%A5l.\" target=\"_blank\" rel=\"noreferrer noopener\">Din guide til FN\u2019s klimatopm\u00f8de COP28 i Dubai\u00a0<\/a><\/p>\n\n<h2 class=\"wp-block-heading\">6. Hvad kr\u00e6ver Greenpeace til COP29?<\/h2>\n\n<p><a href=\"https:\/\/www.greenpeace.org\/international\/tag\/cop29\/\" target=\"_blank\" rel=\"noreferrer noopener\">Greenpeace kr\u00e6ver<\/a> at landene til klimatopm\u00f8det:\u00a0<\/p>\n\n<ul class=\"wp-block-list\">\n<li><strong>Indf\u00f8rer et nyt klimafinansieringsm\u00e5l (kaldt NCQG), <\/strong>som \u00f8ger pengest\u00f8tten til udviklingslande og er bygget p\u00e5, at forurenerenskal betale.\u00a0<\/li>\n\n\n\n<li><strong>Udfasning af fossile br\u00e6ndstoffer:<\/strong> Landene skal implementere aftalen fra forrige klimatopm\u00f8de om omstilling fra fossile br\u00e6ndstoffer. Samtidig forpligtes landene til at skitsere, hvordan deres planer om at reducere udledningen af drivhusgasser b\u00f8r omfatte planer om at udfase fossile br\u00e6ndstoffer i overensstemmelse med m\u00e5let om 1,5-grader i Paris-aftalen.\u00a0<\/li>\n\n\n\n<li><strong>Beskytte \u00f8kosystemer:<\/strong> Sikre at kvotehandelsystemer beskytter v\u00e6rdifulde \u00f8kosystemer, som binder kulstof i jorden.\u00a0<\/li>\n<\/ul>\n\n<figure class=\"wp-block-embed is-type-video is-provider-youtube wp-block-embed-youtube wp-embed-aspect-16-9 wp-has-aspect-ratio\"><div class=\"wp-block-embed__wrapper\">\n<iframe loading=\"lazy\" title=\"Greenpeace Ambassador Gustaf Skarsg\u00e5rd reacts to the latest IPCC Report\" width=\"500\" height=\"281\" src=\"https:\/\/www.youtube.com\/embed\/9Ssh54hqw2o?feature=oembed\" frameborder=\"0\" allow=\"accelerometer; autoplay; clipboard-write; encrypted-media; gyroscope; picture-in-picture; web-share\" referrerpolicy=\"strict-origin-when-cross-origin\" allowfullscreen><\/iframe>\n<\/div><figcaption class=\"wp-element-caption\">FNs klimarapport enkelt forklaret: Den verdenskendte svenske skuespiller Gustaf Skarsg\u00e5rd opsummerer her FN\u2019s klimarapport fra februar 2022.<\/figcaption><\/figure>\n\n<h2 class=\"wp-block-heading\"><strong>Hvem betaler\u2026 dig og mig? Njah, det skal olie- og gasselskaberne!<\/strong><\/h2>\n\n<p>Vi \u00f8nsker alle et sikkert sted at bo og en tryg fremtid. Tanken om at vores familie og n\u00e6rmeste er i fare, er meget skr\u00e6mmende.&nbsp;&nbsp;<\/p>\n\n<p>Men, h\u00e5bet er ikke langt v\u00e6k. Faktisk ligger l\u00f8sningerne lige for. Du kan st\u00e5 sammen med Greenpeace og l\u00e6gge pres p\u00e5 regeringer og olieselskaber for at stoppe jagten p\u00e5 ny olie og gas. Og sammen kan vi presse oliegiganterne til at betale for de klimaskader, de er skyld i. V\u00e6r med og skriv under her:<\/p>\n\t\t\t<section\n\t\t\tclass=\"boxout post-54205 \"\n\t\t\t\n\t\t>\n\t\t\t<a\n\t\t\t\tdata-ga-category=\"Take Action Boxout\"\n\t\t\t\tdata-ga-action=\"Image\"\n\t\t\t\tdata-ga-label=\"n\/a\"\n\t\t\t\tclass=\"cover-card-overlay\"\n\t\t\t\thref=\"https:\/\/www.greenpeace.org\/denmark\/klimaforandringer\/fossile-braendstoffer\/\" \n\t\t\t><\/a>\n\t\t\t\t\t\t\t<img\n\t\t\t\t\t\tsrc=\"https:\/\/www.greenpeace.org\/static\/planet4-denmark-stateless\/2023\/01\/7334ea4e-gp02e2e_web_size.jpg\"\n\t\t\t\t\t\tsrcset=\"https:\/\/www.greenpeace.org\/static\/planet4-denmark-stateless\/2023\/01\/7334ea4e-gp02e2e_web_size-300x200.jpg 300w, https:\/\/www.greenpeace.org\/static\/planet4-denmark-stateless\/2023\/01\/7334ea4e-gp02e2e_web_size-768x512.jpg 768w, https:\/\/www.greenpeace.org\/static\/planet4-denmark-stateless\/2023\/01\/7334ea4e-gp02e2e_web_size-510x340.jpg 510w, https:\/\/www.greenpeace.org\/static\/planet4-denmark-stateless\/2023\/01\/7334ea4e-gp02e2e_web_size.jpg 800w\"\n\t\t\t\t\t\tsizes=\"(min-width: 1000px) 358px, (min-width: 780px) 313px, 88px\"\n\t\t\t\t\t\talt=\"Olieplatformen Leiv Eiriksson i Arktis\" title=\"Olieplatformen Leiv Eiriksson i Arktis\"\n\t\t\t\t\/>\n            \t\t\t<div class=\"boxout-content\">\n\t\t\t\t\t\t\t\t\t<a\n\t\t\t\t\t\tclass=\"boxout-heading medium\"\n\t\t\t\t\t\tdata-ga-category=\"Take Action Boxout\"\n\t\t\t\t\t\tdata-ga-action=\"Title\"\n\t\t\t\t\t\tdata-ga-label=\"n\/a\"\n\t\t\t\t\t\thref=\"https:\/\/www.greenpeace.org\/denmark\/klimaforandringer\/fossile-braendstoffer\/\"\n\t\t\t\t\t\t\n\t\t\t\t\t>\n\t\t\t\t\t\tFossile br\u00e6ndstoffer\n\t\t\t\t\t<\/a>\n\t\t\t\t\t\t\t\t\t\t\t\t\t<p class=\"boxout-excerpt\">Afbr\u00e6nding af fossile br\u00e6ndstoffer som olie, kul og gas skader vores klima. L\u00f8sningen findes ikke i dyr og affaldstung atomkraft men i vedvarende energi.<\/p>\n\t\t\t\t                                    <a\n                        class=\"btn btn-primary\"\n                        data-ga-category=\"Take Action Boxout\"\n                        data-ga-action=\"Call to Action\"\n                        data-ga-label=\"n\/a\"\n                        href=\"https:\/\/www.greenpeace.org\/denmark\/klimaforandringer\/fossile-braendstoffer\/\"\n                        \n                    >\n                        V\u00e6r med\n                    <\/a>\n                \t\t\t<\/div>\n\t\t\t\t\t<\/section>\n\t","protected":false},"excerpt":{"rendered":"<p>Verdens lande samles \u00e5rlig til et klimatopm\u00f8de for at forhandle om klimatilpasning og l\u00f8sninger p\u00e5 klimaforandringerne. L\u00e6s her om det nuv\u00e6rende klimatopm\u00f8de, COP29 Baku, og hvad der akut skal g\u00f8res.<\/p>\n","protected":false},"author":35,"featured_media":59394,"comment_status":"closed","ping_status":"closed","sticky":false,"template":"","format":"standard","meta":{"ep_exclude_from_search":false,"p4_og_title":"Klimatopm\u00f8det 2024: 6 sp\u00f8rgsm\u00e5l og svar om COP29 i Baku","p4_og_description":"Verdens lande samles \u00e5rlig til et klimatopm\u00f8de for at forhandle om klimatilpasning og l\u00f8sninger p\u00e5 klimaforandringerne. L\u00e6s her om det nuv\u00e6rende klimatopm\u00f8de, COP29 Baku, og hvad der akut skal g\u00f8res.","p4_og_image":"","p4_og_image_id":"","p4_seo_canonical_url":"","p4_campaign_name":"","p4_local_project":"","p4_basket_name":"","p4_department":"","footnotes":""},"categories":[1],"tags":[25,24,19],"p4-page-type":[72],"class_list":["post-63016","post","type-post","status-publish","format-standard","has-post-thumbnail","hentry","category-klimaforandringer","tag-klimalosninger","tag-klima","tag-fossilenergi","p4-page-type-viden"],"_links":{"self":[{"href":"https:\/\/www.greenpeace.org\/denmark\/wp-json\/wp\/v2\/posts\/63016","targetHints":{"allow":["GET"]}}],"collection":[{"href":"https:\/\/www.greenpeace.org\/denmark\/wp-json\/wp\/v2\/posts"}],"about":[{"href":"https:\/\/www.greenpeace.org\/denmark\/wp-json\/wp\/v2\/types\/post"}],"author":[{"embeddable":true,"href":"https:\/\/www.greenpeace.org\/denmark\/wp-json\/wp\/v2\/users\/35"}],"replies":[{"embeddable":true,"href":"https:\/\/www.greenpeace.org\/denmark\/wp-json\/wp\/v2\/comments?post=63016"}],"version-history":[{"count":4,"href":"https:\/\/www.greenpeace.org\/denmark\/wp-json\/wp\/v2\/posts\/63016\/revisions"}],"predecessor-version":[{"id":63032,"href":"https:\/\/www.greenpeace.org\/denmark\/wp-json\/wp\/v2\/posts\/63016\/revisions\/63032"}],"wp:featuredmedia":[{"embeddable":true,"href":"https:\/\/www.greenpeace.org\/denmark\/wp-json\/wp\/v2\/media\/59394"}],"wp:attachment":[{"href":"https:\/\/www.greenpeace.org\/denmark\/wp-json\/wp\/v2\/media?parent=63016"}],"wp:term":[{"taxonomy":"category","embeddable":true,"href":"https:\/\/www.greenpeace.org\/denmark\/wp-json\/wp\/v2\/categories?post=63016"},{"taxonomy":"post_tag","embeddable":true,"href":"https:\/\/www.greenpeace.org\/denmark\/wp-json\/wp\/v2\/tags?post=63016"},{"taxonomy":"p4-page-type","embeddable":true,"href":"https:\/\/www.greenpeace.org\/denmark\/wp-json\/wp\/v2\/p4-page-type?post=63016"}],"curies":[{"name":"wp","href":"https:\/\/api.w.org\/{rel}","templated":true}]}}