{"id":63038,"date":"2024-11-20T17:00:11","date_gmt":"2024-11-20T16:00:11","guid":{"rendered":"https:\/\/www.greenpeace.org\/denmark\/?p=63038"},"modified":"2025-08-29T10:39:33","modified_gmt":"2025-08-29T08:39:33","slug":"greenpeace-i-aktion-olieindustrien-i-danmark-skal-betale-for-oversvoemmelser-toerke-og-stormskader","status":"publish","type":"post","link":"https:\/\/www.greenpeace.org\/denmark\/nyhed\/klimaforandringer\/greenpeace-i-aktion-olieindustrien-i-danmark-skal-betale-for-oversvoemmelser-toerke-og-stormskader\/","title":{"rendered":"Greenpeace i aktion: Olieindustrien i Danmark skal betale for oversv\u00f8mmelser, t\u00f8rke og stormskader"},"content":{"rendered":"\n<p><strong>En vandskadet sofa fra efter\u00e5rets enorme oversv\u00f8mmelser i Polen, en ildelugtende dukke fra for\u00e5rets gigantiske oversv\u00f8mmelser i Brasilien, og vragdele fra et totalskadet sommerhus p\u00e5 Fyn efter den historiske danske stormflod sidste efter\u00e5r. Det er blot nogle af de \u00f8delagte ejendele klimaaktivister fra Greenpeace tirsdag leverede ude foran d\u00f8ren til TotalEnergies\u2019 danske hovedkvarter i Esbjerg. Vragdelene skal s\u00e6tte fokus p\u00e5 oliegiganternes ansvar for det ekstreme vejr, vi lige nu ser \u00f8del\u00e6gge folks liv og hjem b\u00e5de herhjemme og i resten af verden.<\/strong><br><\/p>\n\n<figure class=\"wp-block-image size-full  caption-alignment-left\"><img loading=\"lazy\" decoding=\"async\" width=\"800\" height=\"533\" src=\"https:\/\/www.greenpeace.org\/static\/planet4-denmark-stateless\/2024\/11\/7f0f164d-gp0su3g91_low-res-800px.jpg\" alt=\"\" class=\"wp-image-63039\" srcset=\"https:\/\/www.greenpeace.org\/static\/planet4-denmark-stateless\/2024\/11\/7f0f164d-gp0su3g91_low-res-800px.jpg 800w, https:\/\/www.greenpeace.org\/static\/planet4-denmark-stateless\/2024\/11\/7f0f164d-gp0su3g91_low-res-800px-300x200.jpg 300w, https:\/\/www.greenpeace.org\/static\/planet4-denmark-stateless\/2024\/11\/7f0f164d-gp0su3g91_low-res-800px-768x512.jpg 768w, https:\/\/www.greenpeace.org\/static\/planet4-denmark-stateless\/2024\/11\/7f0f164d-gp0su3g91_low-res-800px-510x340.jpg 510w\" sizes=\"auto, (max-width: 800px) 100vw, 800px\" \/><figcaption class=\"wp-element-caption\">Greenpeace lavede i dag en \u201cClimate Justice Delivery\u201d foran hovedd\u00f8ren til til TotalEnergies\u2019 danske hovedkvarter i Esbjerg. Under sloganet \u201cKlimaansvar leveret til d\u00f8ren\u201d leverede aktivisterne \u00f8delagte ejendele fra klimakatastrofer rundt om i verden til oliegiganten.<div class=\"credit icon-left\"> \u00a9 Michael Hedelain \/ Greenpeace<\/div><\/figcaption><\/figure>\n\n<p>Under sloganet \u201cKlimaansvar leveret til d\u00f8ren\u201d leverede Greenpeace-aktivister tirsdag den ene vandskadede ejendel efter den anden foran hovedd\u00f8ren til den franske oliegigant TotalEnergies\u2019 danske hovedkvarter i Esbjerg. Aktivisternes gr\u00f8nne jakker og hvide kasketter var prydet med logoet \u201cClimate Justice Delivery\u201d, og de \u00f8delagte ting, som stammer fra oversv\u00f8mmelser i Brasilien, Polen og Danmark, skulle da ogs\u00e5 levere historien om de tusindvis af \u00f8delagte liv og tilv\u00e6relser i hele verden, som oliegiganterne har ansvaret for, og f\u00e5 TotalEnergies til at betale for sin del af skaderne.&nbsp;<\/p>\n\t\t\t<section\n\t\t\tclass=\"boxout   sticky-bottom-mobile collapse show\"\n\t\t\tid=\"action-card\"\n\t\t>\n\t\t\t<a\n\t\t\t\tdata-ga-category=\"Take Action Boxout\"\n\t\t\t\tdata-ga-action=\"Image\"\n\t\t\t\tdata-ga-label=\"n\/a\"\n\t\t\t\tclass=\"cover-card-overlay\"\n\t\t\t\thref=\"https:\/\/www.greenpeace.org\/denmark\/vaer-med\/ikkemintilladelse\/\" target=\"_blank\"\n\t\t\t><\/a>\n\t\t\t\t\t\t\t<img\n\t\t\t\t\t\tsrc=\"https:\/\/www.greenpeace.org\/static\/planet4-denmark-stateless\/2024\/11\/3155e4f5-gp0su2eao_low-res-800px.jpg\"\n\t\t\t\t\t\tsrcset=\"https:\/\/www.greenpeace.org\/static\/planet4-denmark-stateless\/2024\/11\/3155e4f5-gp0su2eao_low-res-800px-300x168.jpg 300w, https:\/\/www.greenpeace.org\/static\/planet4-denmark-stateless\/2024\/11\/3155e4f5-gp0su2eao_low-res-800px-768x431.jpg 768w, https:\/\/www.greenpeace.org\/static\/planet4-denmark-stateless\/2024\/11\/3155e4f5-gp0su2eao_low-res-800px-510x286.jpg 510w, https:\/\/www.greenpeace.org\/static\/planet4-denmark-stateless\/2024\/11\/3155e4f5-gp0su2eao_low-res-800px.jpg 800w\"\n\t\t\t\t\t\tsizes=\"(min-width: 1000px) 358px, (min-width: 780px) 313px, 88px\"\n\t\t\t\t\t\talt=\"Silesia-regionen i Polen, var et af de omr\u00e5der, der blev h\u00e5rdt ramt af stormen \u201cBoris\u201d. Den 15. september 2024.\" title=\"Silesia-regionen i Polen, var et af de omr\u00e5der, der blev h\u00e5rdt ramt af stormen \u201cBoris\u201d. Den 15. september 2024.\"\n\t\t\t\t\/>\n            \t\t\t<div class=\"boxout-content\">\n\t\t\t\t\t\t\t\t\t<a\n\t\t\t\t\t\tclass=\"boxout-heading medium\"\n\t\t\t\t\t\tdata-ga-category=\"Take Action Boxout\"\n\t\t\t\t\t\tdata-ga-action=\"Title\"\n\t\t\t\t\t\tdata-ga-label=\"n\/a\"\n\t\t\t\t\t\thref=\"https:\/\/www.greenpeace.org\/denmark\/vaer-med\/ikkemintilladelse\/\"\n\t\t\t\t\t\ttarget=\"_blank\"\n\t\t\t\t\t>\n\t\t\t\t\t\tVi kan l\u00f8se klimakrisen!\n\t\t\t\t\t<\/a>\n\t\t\t\t\t\t\t\t\t\t\t\t\t<p class=\"boxout-excerpt\">Stil olieindustrien til klimaansvar!<\/p>\n\t\t\t\t                                    <a\n                        class=\"btn btn-primary\"\n                        data-ga-category=\"Take Action Boxout\"\n                        data-ga-action=\"Call to Action\"\n                        data-ga-label=\"n\/a\"\n                        href=\"https:\/\/www.greenpeace.org\/denmark\/vaer-med\/ikkemintilladelse\/\"\n                        target=\"_blank\"\n                    >\n                        SKRIV UNDER\n                    <\/a>\n                \t\t\t<\/div>\n\t\t\t\t\t\t\t<a\n\t\t\t\t\tclass=\"not-now\"\n\t\t\t\t\trole=\"button\"\n\t\t\t\t\tdata-bs-toggle=\"collapse\"\n\t\t\t\t\thref=\"#action-card\"\n\t\t\t\t><\/a>\n\t\t\t\t\t<\/section>\n\t\n<p>\u201cDe fleste af os f\u00f8ler os i sikkerhed, n\u00e5r vi opholder os bag vores egne fire v\u00e6gge. Her har vi samlet alle vores ejendele og de vigtigste minder fra vores liv, og her er det trygt og rart at v\u00e6re. Men efterh\u00e5nden som de klimaforst\u00e6rkede stormfloder, skybrud og ekstreme varme intensiveres, f\u00e5r flere og flere mennesker knust deres base og deres liv,\u201d siger Greenpeaces kampagneleder for klima, Lauren Bowey, der selv ved dagens aktion var inde i receptionen for at aflevere en muggen brasiliansk dukke til en af TotalEnergies direkt\u00f8rer.&nbsp;<\/p>\n\n<blockquote class=\"instagram-media\" data-instgrm-captioned data-instgrm-permalink=\"https:\/\/www.instagram.com\/reel\/DCjm_g3scdL\/?utm_source=ig_embed&amp;utm_campaign=loading\" data-instgrm-version=\"14\" style=\" background:#FFF; border:0; border-radius:3px; box-shadow:0 0 1px 0 rgba(0,0,0,0.5),0 1px 10px 0 rgba(0,0,0,0.15); margin: 1px; max-width:540px; min-width:326px; padding:0; width:99.375%; width:-webkit-calc(100% - 2px); width:calc(100% - 2px);\"><div style=\"padding:16px;\"> <a href=\"https:\/\/www.instagram.com\/reel\/DCjm_g3scdL\/?utm_source=ig_embed&amp;utm_campaign=loading\" style=\" background:#FFFFFF; line-height:0; padding:0 0; text-align:center; text-decoration:none; width:100%;\" target=\"_blank\" rel=\"noopener\"> <div style=\" display: flex; flex-direction: row; align-items: center;\"> <div style=\"background-color: #F4F4F4; border-radius: 50%; flex-grow: 0; height: 40px; margin-right: 14px; width: 40px;\"><\/div> <div style=\"display: flex; flex-direction: column; flex-grow: 1; justify-content: center;\"> <div style=\" background-color: #F4F4F4; border-radius: 4px; flex-grow: 0; height: 14px; margin-bottom: 6px; width: 100px;\"><\/div> <div style=\" background-color: #F4F4F4; border-radius: 4px; flex-grow: 0; height: 14px; width: 60px;\"><\/div><\/div><\/div><div style=\"padding: 19% 0;\"><\/div> <div style=\"display:block; height:50px; margin:0 auto 12px; width:50px;\"><svg width=\"50px\" height=\"50px\" viewBox=\"0 0 60 60\" version=\"1.1\" xmlns=\"https:\/\/www.w3.org\/2000\/svg\" xmlns:xlink=\"https:\/\/www.w3.org\/1999\/xlink\"><g stroke=\"none\" stroke-width=\"1\" fill=\"none\" fill-rule=\"evenodd\"><g transform=\"translate(-511.000000, -20.000000)\" fill=\"#000000\"><g><path d=\"M556.869,30.41 C554.814,30.41 553.148,32.076 553.148,34.131 C553.148,36.186 554.814,37.852 556.869,37.852 C558.924,37.852 560.59,36.186 560.59,34.131 C560.59,32.076 558.924,30.41 556.869,30.41 M541,60.657 C535.114,60.657 530.342,55.887 530.342,50 C530.342,44.114 535.114,39.342 541,39.342 C546.887,39.342 551.658,44.114 551.658,50 C551.658,55.887 546.887,60.657 541,60.657 M541,33.886 C532.1,33.886 524.886,41.1 524.886,50 C524.886,58.899 532.1,66.113 541,66.113 C549.9,66.113 557.115,58.899 557.115,50 C557.115,41.1 549.9,33.886 541,33.886 M565.378,62.101 C565.244,65.022 564.756,66.606 564.346,67.663 C563.803,69.06 563.154,70.057 562.106,71.106 C561.058,72.155 560.06,72.803 558.662,73.347 C557.607,73.757 556.021,74.244 553.102,74.378 C549.944,74.521 548.997,74.552 541,74.552 C533.003,74.552 532.056,74.521 528.898,74.378 C525.979,74.244 524.393,73.757 523.338,73.347 C521.94,72.803 520.942,72.155 519.894,71.106 C518.846,70.057 518.197,69.06 517.654,67.663 C517.244,66.606 516.755,65.022 516.623,62.101 C516.479,58.943 516.448,57.996 516.448,50 C516.448,42.003 516.479,41.056 516.623,37.899 C516.755,34.978 517.244,33.391 517.654,32.338 C518.197,30.938 518.846,29.942 519.894,28.894 C520.942,27.846 521.94,27.196 523.338,26.654 C524.393,26.244 525.979,25.756 528.898,25.623 C532.057,25.479 533.004,25.448 541,25.448 C548.997,25.448 549.943,25.479 553.102,25.623 C556.021,25.756 557.607,26.244 558.662,26.654 C560.06,27.196 561.058,27.846 562.106,28.894 C563.154,29.942 563.803,30.938 564.346,32.338 C564.756,33.391 565.244,34.978 565.378,37.899 C565.522,41.056 565.552,42.003 565.552,50 C565.552,57.996 565.522,58.943 565.378,62.101 M570.82,37.631 C570.674,34.438 570.167,32.258 569.425,30.349 C568.659,28.377 567.633,26.702 565.965,25.035 C564.297,23.368 562.623,22.342 560.652,21.575 C558.743,20.834 556.562,20.326 553.369,20.18 C550.169,20.033 549.148,20 541,20 C532.853,20 531.831,20.033 528.631,20.18 C525.438,20.326 523.257,20.834 521.349,21.575 C519.376,22.342 517.703,23.368 516.035,25.035 C514.368,26.702 513.342,28.377 512.574,30.349 C511.834,32.258 511.326,34.438 511.181,37.631 C511.035,40.831 511,41.851 511,50 C511,58.147 511.035,59.17 511.181,62.369 C511.326,65.562 511.834,67.743 512.574,69.651 C513.342,71.625 514.368,73.296 516.035,74.965 C517.703,76.634 519.376,77.658 521.349,78.425 C523.257,79.167 525.438,79.673 528.631,79.82 C531.831,79.965 532.853,80.001 541,80.001 C549.148,80.001 550.169,79.965 553.369,79.82 C556.562,79.673 558.743,79.167 560.652,78.425 C562.623,77.658 564.297,76.634 565.965,74.965 C567.633,73.296 568.659,71.625 569.425,69.651 C570.167,67.743 570.674,65.562 570.82,62.369 C570.966,59.17 571,58.147 571,50 C571,41.851 570.966,40.831 570.82,37.631\"><\/path><\/g><\/g><\/g><\/svg><\/div><div style=\"padding-top: 8px;\"> <div style=\" color:#3897f0; font-family:Arial,sans-serif; font-size:14px; font-style:normal; font-weight:550; line-height:18px;\">Vis dette opslag p\u00e5 Instagram<\/div><\/div><div style=\"padding: 12.5% 0;\"><\/div> <div style=\"display: flex; flex-direction: row; margin-bottom: 14px; align-items: center;\"><div> <div style=\"background-color: #F4F4F4; border-radius: 50%; height: 12.5px; width: 12.5px; transform: translateX(0px) translateY(7px);\"><\/div> <div style=\"background-color: #F4F4F4; height: 12.5px; transform: rotate(-45deg) translateX(3px) translateY(1px); width: 12.5px; flex-grow: 0; margin-right: 14px; margin-left: 2px;\"><\/div> <div style=\"background-color: #F4F4F4; border-radius: 50%; height: 12.5px; width: 12.5px; transform: translateX(9px) translateY(-18px);\"><\/div><\/div><div style=\"margin-left: 8px;\"> <div style=\" background-color: #F4F4F4; border-radius: 50%; flex-grow: 0; height: 20px; width: 20px;\"><\/div> <div style=\" width: 0; height: 0; border-top: 2px solid transparent; border-left: 6px solid #f4f4f4; border-bottom: 2px solid transparent; transform: translateX(16px) translateY(-4px) rotate(30deg)\"><\/div><\/div><div style=\"margin-left: auto;\"> <div style=\" width: 0px; border-top: 8px solid #F4F4F4; border-right: 8px solid transparent; transform: translateY(16px);\"><\/div> <div style=\" background-color: #F4F4F4; flex-grow: 0; height: 12px; width: 16px; transform: translateY(-4px);\"><\/div> <div style=\" width: 0; height: 0; border-top: 8px solid #F4F4F4; border-left: 8px solid transparent; transform: translateY(-4px) translateX(8px);\"><\/div><\/div><\/div> <div style=\"display: flex; flex-direction: column; flex-grow: 1; justify-content: center; margin-bottom: 24px;\"> <div style=\" background-color: #F4F4F4; border-radius: 4px; flex-grow: 0; height: 14px; margin-bottom: 6px; width: 224px;\"><\/div> <div style=\" background-color: #F4F4F4; border-radius: 4px; flex-grow: 0; height: 14px; width: 144px;\"><\/div><\/div><\/a><p style=\" color:#c9c8cd; font-family:Arial,sans-serif; font-size:14px; line-height:17px; margin-bottom:0; margin-top:8px; overflow:hidden; padding:8px 0 7px; text-align:center; text-overflow:ellipsis; white-space:nowrap;\"><a href=\"https:\/\/www.instagram.com\/reel\/DCjm_g3scdL\/?utm_source=ig_embed&amp;utm_campaign=loading\" style=\" color:#c9c8cd; font-family:Arial,sans-serif; font-size:14px; font-style:normal; font-weight:normal; line-height:17px; text-decoration:none;\" target=\"_blank\" rel=\"noopener\">Et opslag delt af Greenpeace Danmark (@greenpeacedk)<\/a><\/p><\/div><\/blockquote>\n<script async src=\"\/\/www.instagram.com\/embed.js\"><\/script>\n\n<p>\u201cVi har en tendens til at skyde skylden for det ekstreme vejr p\u00e5 klimaforandringerne som et f\u00e6nomen, eller vi p\u00e5tager os m\u00e5ske selv lidt af skylden, fordi vi drikker m\u00e6lk eller af og til spiser en okseb\u00f8f. Men det er p\u00e5 tide, at vi retter blikket mod dem, der rent faktisk b\u00e6rer den st\u00f8rste del af ansvaret. Nemlig verdens olie- og gasgiganter. I deres jagt p\u00e5 profit forts\u00e6tter de ufortr\u00f8dent med at fyre op under klimaforandringerne, vel vidende at de derved knuser liv og levebr\u00f8d for mennesker i hele verden og i bogstavelig forstand efterlader deres verden i ruiner. Det er p\u00e5 tide at vi stiller dem til ansvar. Det her er klimaansvar leveret lige til d\u00f8ren,\u201d siger Lauren Bowey.<br><\/p>\n\n<figure class=\"wp-block-image size-full  caption-alignment-left\"><img loading=\"lazy\" decoding=\"async\" width=\"800\" height=\"533\" src=\"https:\/\/www.greenpeace.org\/static\/planet4-denmark-stateless\/2024\/11\/ebfc4f26-gp0su3g7p_low-res-800px.jpg\" alt=\"\" class=\"wp-image-63040\" srcset=\"https:\/\/www.greenpeace.org\/static\/planet4-denmark-stateless\/2024\/11\/ebfc4f26-gp0su3g7p_low-res-800px.jpg 800w, https:\/\/www.greenpeace.org\/static\/planet4-denmark-stateless\/2024\/11\/ebfc4f26-gp0su3g7p_low-res-800px-300x200.jpg 300w, https:\/\/www.greenpeace.org\/static\/planet4-denmark-stateless\/2024\/11\/ebfc4f26-gp0su3g7p_low-res-800px-768x512.jpg 768w, https:\/\/www.greenpeace.org\/static\/planet4-denmark-stateless\/2024\/11\/ebfc4f26-gp0su3g7p_low-res-800px-510x340.jpg 510w\" sizes=\"auto, (max-width: 800px) 100vw, 800px\" \/><figcaption class=\"wp-element-caption\">De \u00f8delagte ejendele stammer fra klimaforst\u00e6rkede oversv\u00f8mmelser i Brasilien, Polen og Ebberup p\u00e5 Fyn.<div class=\"credit icon-left\"> \u00a9 Michael Hedelain \/ Greenpeace<\/div><\/figcaption><\/figure>\n\n<p>Blandt de ting, der blev leveret til TotalEnergies var blandt andet en medtaget dukke, der blev fundet i Brasilien efter de voldsomme oversv\u00f8mmelser, der i for\u00e5ret ramte Rio Grande do Sul i den sydlige del af det sydamerikanske land. Her d\u00f8de 183 mennesker, mens omkring en halv million var tvunget til at forlade deres hjem.<br><\/p>\n\n<figure class=\"wp-block-image size-large  caption-alignment-left\"><img loading=\"lazy\" decoding=\"async\" width=\"1024\" height=\"682\" src=\"https:\/\/www.greenpeace.org\/static\/planet4-denmark-stateless\/2024\/11\/73984c32-image-2-1024x682.png\" alt=\"\" class=\"wp-image-63041\" srcset=\"https:\/\/www.greenpeace.org\/static\/planet4-denmark-stateless\/2024\/11\/73984c32-image-2-1024x682.png 1024w, https:\/\/www.greenpeace.org\/static\/planet4-denmark-stateless\/2024\/11\/73984c32-image-2-300x200.png 300w, https:\/\/www.greenpeace.org\/static\/planet4-denmark-stateless\/2024\/11\/73984c32-image-2-768x512.png 768w, https:\/\/www.greenpeace.org\/static\/planet4-denmark-stateless\/2024\/11\/73984c32-image-2-1536x1023.png 1536w, https:\/\/www.greenpeace.org\/static\/planet4-denmark-stateless\/2024\/11\/73984c32-image-2-510x340.png 510w, https:\/\/www.greenpeace.org\/static\/planet4-denmark-stateless\/2024\/11\/73984c32-image-2.png 1600w\" sizes=\"auto, (max-width: 1024px) 100vw, 1024px\" \/><figcaption class=\"wp-element-caption\">Denne dukke var en af de personlige ejendele, der i maj blev \u00f8delagt under de v\u00e6rste oversv\u00f8mmelser i Brasilien i 80 \u00e5r. I dag blev den afleveret foran TotalEnergies hovedkontor i Danmark som et symbol p\u00e5 det ansvar oliegiganten b\u00e6rer for det klimaforst\u00e6rkede ekstreme vejr, der h\u00e6rger hele verden. <div class=\"credit icon-left\"> \u00a9 Greenpeace<\/div><\/figcaption><\/figure>\n\n<p>Blandt ejendelene var ogs\u00e5 en vandskadet sofa, en \u00f8delagt madras og nogle mugne b\u00f8ger fra Silesia-regionen i Polen, der i september i \u00e5r var et af de steder, der blev h\u00e6rget af stormen Boris. Her d\u00f8de 9 mennesker, mens tusinder m\u00e5tte evakueres. Skaderne l\u00f8ber op i milliarder.&nbsp;<br><\/p>\n\n<figure class=\"wp-block-image size-full  caption-alignment-left\"><img loading=\"lazy\" decoding=\"async\" width=\"800\" height=\"449\" src=\"https:\/\/www.greenpeace.org\/static\/planet4-denmark-stateless\/2024\/11\/3155e4f5-gp0su2eao_low-res-800px.jpg\" title=\"Silesia-regionen i Polen, var et af de omr\u00e5der, der blev h\u00e5rdt ramt af stormen \u201cBoris\u201d. Den 15. september 2024.\" alt=\"\" class=\"wp-image-63042\" srcset=\"https:\/\/www.greenpeace.org\/static\/planet4-denmark-stateless\/2024\/11\/3155e4f5-gp0su2eao_low-res-800px.jpg 800w, https:\/\/www.greenpeace.org\/static\/planet4-denmark-stateless\/2024\/11\/3155e4f5-gp0su2eao_low-res-800px-300x168.jpg 300w, https:\/\/www.greenpeace.org\/static\/planet4-denmark-stateless\/2024\/11\/3155e4f5-gp0su2eao_low-res-800px-768x431.jpg 768w, https:\/\/www.greenpeace.org\/static\/planet4-denmark-stateless\/2024\/11\/3155e4f5-gp0su2eao_low-res-800px-510x286.jpg 510w\" sizes=\"auto, (max-width: 800px) 100vw, 800px\" \/><figcaption class=\"wp-element-caption\">Silesia-regionen i Polen, var et af de omr\u00e5der, der blev h\u00e5rdt ramt af stormen \u201cBoris\u201d. Den 15. september 2024. \n<\/figcaption><figcaption><div class=\"credit icon-left\"> \u00a9 Greenpeace <\/div><\/figcaption><\/figure>\n\n<p>Med i den specielle Greenpeace-levering var ogs\u00e5 nogle fliser og br\u00e6dder fra et totalskadet sommerhus i Ebberup p\u00e5 Fyn, der som mange andre huse og sommerhuse blev oversv\u00f8mmet under stormfloden i Danmark i oktober 2023. Ogs\u00e5 her l\u00f8ber omkostningerne op i milliardklassen.<br><\/p>\n\n<figure class=\"wp-block-image size-large  caption-alignment-left\"><img loading=\"lazy\" decoding=\"async\" width=\"1024\" height=\"768\" src=\"https:\/\/www.greenpeace.org\/static\/planet4-denmark-stateless\/2024\/11\/751cb329-img_0005-1024x768.jpg\" alt=\"\" class=\"wp-image-63043\" srcset=\"https:\/\/www.greenpeace.org\/static\/planet4-denmark-stateless\/2024\/11\/751cb329-img_0005-1024x768.jpg 1024w, https:\/\/www.greenpeace.org\/static\/planet4-denmark-stateless\/2024\/11\/751cb329-img_0005-300x225.jpg 300w, https:\/\/www.greenpeace.org\/static\/planet4-denmark-stateless\/2024\/11\/751cb329-img_0005-768x576.jpg 768w, https:\/\/www.greenpeace.org\/static\/planet4-denmark-stateless\/2024\/11\/751cb329-img_0005-1536x1152.jpg 1536w, https:\/\/www.greenpeace.org\/static\/planet4-denmark-stateless\/2024\/11\/751cb329-img_0005-2048x1536.jpg 2048w, https:\/\/www.greenpeace.org\/static\/planet4-denmark-stateless\/2024\/11\/751cb329-img_0005-1821x1366.jpg 1821w, https:\/\/www.greenpeace.org\/static\/planet4-denmark-stateless\/2024\/11\/751cb329-img_0005-453x340.jpg 453w\" sizes=\"auto, (max-width: 1024px) 100vw, 1024px\" \/><figcaption class=\"wp-element-caption\">Dette sommerhus i Ebberup p\u00e5 Fyn blev totalskadet af stormfloden i oktober \u201823. Stormfloden blev kaldt en 100-\u00e5rs h\u00e6ndelse. I fremtiden kan vi if\u00f8lge DMI forvente <a href=\"https:\/\/www.dr.dk\/nyheder\/viden\/klima\/dmi-100-aarshaendelser-som-sidste-efteraar-vil-komme-hvert-andet-eller-tredje\" data-type=\"link\" data-id=\"https:\/\/www.dr.dk\/nyheder\/viden\/klima\/dmi-100-aarshaendelser-som-sidste-efteraar-vil-komme-hvert-andet-eller-tredje\" target=\"_blank\" rel=\"noreferrer noopener\">lignende stormfloder<\/a> hvert 2.-3. \u00e5r. <div class=\"credit icon-left\"> \u00a9 Greenpeace<\/div><\/figcaption><\/figure>\n\n<h2 class=\"wp-block-heading\"><strong>Oliegiganterne skal presses til at betale for det eksteme vejr<\/strong><\/h2>\n\n<p>Ved COP29 i Baku i Azerbaijan fors\u00f8ger verdens ledere lige nu at finde finansiering til den fond for klimaskabte tab og skader, der skal hj\u00e6lpe specielt de fattigste og mest udsatte lande, n\u00e5r klimakatastroferne rammer. En finansiering der indtil nu er g\u00e5et meget tr\u00e6gt. Men hvis politikerne <a href=\"https:\/\/www.greenpeace.org\/international\/press-release\/71322\/tax-big-oil-grow-un-climate-loss-damage-fund-2000-analysis\/?_gl=1*1rm3r70*_up*MQ..*_ga*NTc1MDQ3MTA0LjE3MzIxMTQ0OTg.*_ga_94MRTN8HG4*MTczMjExNDQ5OC4xLjAuMTczMjExNDUyMS4wLjAuMjAwMzA4ODgzOQ..*_ga_0CCB1GTVV6*MTczMjExNDQ5OC4xLjEuMTczMjExNDUyMS4zNy4wLjA.*_ga_99CSX66YC1*MTczMjExNDQ5OC4xLjEuMTczMjExNDUyMS4zNy4wLjA.\">lader olie- og gasgiganterne betale<\/a> for det klimakaos, de har v\u00e6ret med til at skabe, kan det <a href=\"https:\/\/www.greenpeace.org\/international\/paying-the-price\">if\u00f8lge en ny analyse<\/a> for\u00f8ge det bel\u00f8b, der nu ligger i fonden, med 2000 procent og dermed v\u00e6re med til at hj\u00e6lpe de mennesker, der lige nu lever i klimakrisens frontlinje.&nbsp;<\/p>\n\n<figure class=\"wp-block-image size-full  caption-alignment-left\"><img loading=\"lazy\" decoding=\"async\" width=\"600\" height=\"600\" src=\"https:\/\/www.greenpeace.org\/static\/planet4-denmark-stateless\/2024\/11\/0bbe0287-total-3.jpg\" alt=\"\" class=\"wp-image-63006\" srcset=\"https:\/\/www.greenpeace.org\/static\/planet4-denmark-stateless\/2024\/11\/0bbe0287-total-3.jpg 600w, https:\/\/www.greenpeace.org\/static\/planet4-denmark-stateless\/2024\/11\/0bbe0287-total-3-300x300.jpg 300w, https:\/\/www.greenpeace.org\/static\/planet4-denmark-stateless\/2024\/11\/0bbe0287-total-3-150x150.jpg 150w, https:\/\/www.greenpeace.org\/static\/planet4-denmark-stateless\/2024\/11\/0bbe0287-total-3-340x340.jpg 340w\" sizes=\"auto, (max-width: 600px) 100vw, 600px\" \/><figcaption class=\"wp-element-caption\">Valdemir Estran var en af de tusindvis af brasilianere, der fik sit hjem oversv\u00f8mmet under de v\u00e6rste oversv\u00f8mmelser i Brasilien i 80 \u00e5r. Rio Grande do Sul, 26. maj 2024. <div class=\"credit icon-left\"> \u00a9 Gideon Mendel \/ Greenpeace<\/div><\/figcaption><\/figure>\n\n<p>\u201cOlieselskaberne tjener gigantiske summer p\u00e5 at \u00f8del\u00e6gge folks liv, is\u00e6r i den globale syd. Det kan ikke passe, at det skal v\u00e6re de mest udsatte, der skal betale for det klimakaos TotalEnergies og de andre fossilgiganter har skabt. Og l\u00f8sningen ligger jo lige for. Sammen m\u00e5 vi presse vores politikere til at beskatte olie- og gasgiganterne, s\u00e5 de kan betale for de skader, de forvolder, og for den klimatilpasning, der skal til for at sikre, at vores hjem fortsat kan v\u00e6re et trygt sted at v\u00e6re,\u201d siger Lauren Bowey.<\/p>\n\n<figure class=\"wp-block-image size-full  caption-alignment-left\"><img loading=\"lazy\" decoding=\"async\" width=\"800\" height=\"533\" src=\"https:\/\/www.greenpeace.org\/static\/planet4-denmark-stateless\/2024\/11\/d15032a5-total-1.jpg\" title=\"Greenpeace-aktivister i protest foran TotalEnergy i Esbjerg\" alt=\"Greenpeace-aktivister i protest foran TotalEnergy i Esbjerg\" class=\"wp-image-63004\" srcset=\"https:\/\/www.greenpeace.org\/static\/planet4-denmark-stateless\/2024\/11\/d15032a5-total-1.jpg 800w, https:\/\/www.greenpeace.org\/static\/planet4-denmark-stateless\/2024\/11\/d15032a5-total-1-300x200.jpg 300w, https:\/\/www.greenpeace.org\/static\/planet4-denmark-stateless\/2024\/11\/d15032a5-total-1-768x512.jpg 768w, https:\/\/www.greenpeace.org\/static\/planet4-denmark-stateless\/2024\/11\/d15032a5-total-1-510x340.jpg 510w\" sizes=\"auto, (max-width: 800px) 100vw, 800px\" \/><figcaption class=\"wp-element-caption\">Greenpeace-aktivisternes besked til politikerne og TotalEnergies var klar: &#8220;Make Polluters Pay&#8221; og &#8220;Klimaansvar leveret til d\u00f8ren&#8221;<div class=\"credit icon-left\"> \u00a9 Michael Hedelain \/ Greenpeace<\/div><\/figcaption><\/figure>\n\n<h2 class=\"wp-block-heading\"><strong>Hvordan kan jeg hj\u00e6lpe<\/strong> med at f\u00e5 oliegiganterne til at betale<\/h2>\n\n<p>Den danske aktionen foran TotalEnergies er en del af en r\u00e6kke lignende Greenpeace-aktioner mod olie- og gasselskaber forskellige steder i verden, blandt andet i <a href=\"https:\/\/kommunikasjon.ntb.no\/pressemelding\/18321186\/leverte-vrakrester-fra-flom-i-brasil-pa-dora-til-equinor-sjefen?publisherId=17848834&amp;lang=no\">Norge<\/a>, <a href=\"https:\/\/www.instagram.com\/p\/DCUIsUER4ku\/?hl=da\">\u00d8strig<\/a>, <a href=\"https:\/\/www.greenpeace.fr\/espace-presse\/action-greenpeace-livre-les-debris-dune-tornade-au-siege-de-totalenergies-pour-denoncer-sa-responsabilite-dans-les-catastrophes-climatiques\/\">Frankrig<\/a>, <a href=\"https:\/\/x.com\/Greenpeaceafric\/status\/1853707951909064892\">Sydafrika<\/a>, <a href=\"https:\/\/www.instagram.com\/p\/DCghFm3vw8r\/?hl=en&amp;img_index=1\">Filippinerne<\/a>, <a href=\"https:\/\/www.instagram.com\/p\/DCgXXQitvfb\/\">Italien<\/a>, <a href=\"https:\/\/www.instagram.com\/greenpeace_romania\/reel\/DCginp2o104\/\">Rum\u00e6nien<\/a> og <a href=\"https:\/\/es.greenpeace.org\/es\/sala-de-prensa\/comunicados\/comienza-la-cop29-greenpeace-despliega-una-pancarta-gigante-en-madrid-recordando-que-frenar-el-cambio-climatico-salva-vidas\/\">Spanien<\/a>.&nbsp;<\/p>\n\n<p>Det er p\u00e5 tide at vi stiller olie- og gasgiganterne til klimaansvar! Det kan ikke v\u00e6re dig og mig, der skal betale. Sammen m\u00e5 vi presse vores politikere til at f\u00e5 fossilselskaberne til at betale for de skader, de har forvoldt, og for den klimatilpasning, der skal til for at sikre, at vores hjem fortsat kan v\u00e6re et trygt sted at v\u00e6re.&nbsp;<\/p>\n\n<p>Hvis du ogs\u00e5 mener, at oliegiganterne skal til at #StopDrillingStartPaying, s\u00e5 skriv under her \u2b07\ufe0f<\/p>\n\t\t\t<section\n\t\t\tclass=\"boxout   sticky-bottom-mobile collapse show\"\n\t\t\tid=\"action-card\"\n\t\t>\n\t\t\t<a\n\t\t\t\tdata-ga-category=\"Take Action Boxout\"\n\t\t\t\tdata-ga-action=\"Image\"\n\t\t\t\tdata-ga-label=\"n\/a\"\n\t\t\t\tclass=\"cover-card-overlay\"\n\t\t\t\thref=\"https:\/\/www.greenpeace.org\/denmark\/vaer-med\/klimaskat-pa-oliegiganterne\/\" target=\"_blank\"\n\t\t\t><\/a>\n\t\t\t\t\t\t\t<img\n\t\t\t\t\t\tsrc=\"https:\/\/www.greenpeace.org\/static\/planet4-denmark-stateless\/2024\/11\/3155e4f5-gp0su2eao_low-res-800px.jpg\"\n\t\t\t\t\t\tsrcset=\"https:\/\/www.greenpeace.org\/static\/planet4-denmark-stateless\/2024\/11\/3155e4f5-gp0su2eao_low-res-800px-300x168.jpg 300w, https:\/\/www.greenpeace.org\/static\/planet4-denmark-stateless\/2024\/11\/3155e4f5-gp0su2eao_low-res-800px-768x431.jpg 768w, https:\/\/www.greenpeace.org\/static\/planet4-denmark-stateless\/2024\/11\/3155e4f5-gp0su2eao_low-res-800px-510x286.jpg 510w, https:\/\/www.greenpeace.org\/static\/planet4-denmark-stateless\/2024\/11\/3155e4f5-gp0su2eao_low-res-800px.jpg 800w\"\n\t\t\t\t\t\tsizes=\"(min-width: 1000px) 358px, (min-width: 780px) 313px, 88px\"\n\t\t\t\t\t\talt=\"Silesia-regionen i Polen, var et af de omr\u00e5der, der blev h\u00e5rdt ramt af stormen \u201cBoris\u201d. Den 15. september 2024.\" title=\"Silesia-regionen i Polen, var et af de omr\u00e5der, der blev h\u00e5rdt ramt af stormen \u201cBoris\u201d. Den 15. september 2024.\"\n\t\t\t\t\/>\n            \t\t\t<div class=\"boxout-content\">\n\t\t\t\t\t\t\t\t\t<a\n\t\t\t\t\t\tclass=\"boxout-heading medium\"\n\t\t\t\t\t\tdata-ga-category=\"Take Action Boxout\"\n\t\t\t\t\t\tdata-ga-action=\"Title\"\n\t\t\t\t\t\tdata-ga-label=\"n\/a\"\n\t\t\t\t\t\thref=\"https:\/\/www.greenpeace.org\/denmark\/vaer-med\/klimaskat-pa-oliegiganterne\/\"\n\t\t\t\t\t\ttarget=\"_blank\"\n\t\t\t\t\t>\n\t\t\t\t\t\tVi kan l\u00f8se klimakrisen!\n\t\t\t\t\t<\/a>\n\t\t\t\t\t\t\t\t\t\t\t\t\t<p class=\"boxout-excerpt\">Stil olieindustrien til klimaansvar!<\/p>\n\t\t\t\t                                    <a\n                        class=\"btn btn-primary\"\n                        data-ga-category=\"Take Action Boxout\"\n                        data-ga-action=\"Call to Action\"\n                        data-ga-label=\"n\/a\"\n                        href=\"https:\/\/www.greenpeace.org\/denmark\/vaer-med\/klimaskat-pa-oliegiganterne\/\"\n                        target=\"_blank\"\n                    >\n                        SKRIV UNDER\n                    <\/a>\n                \t\t\t<\/div>\n\t\t\t\t\t\t\t<a\n\t\t\t\t\tclass=\"not-now\"\n\t\t\t\t\trole=\"button\"\n\t\t\t\t\tdata-bs-toggle=\"collapse\"\n\t\t\t\t\thref=\"#action-card\"\n\t\t\t\t><\/a>\n\t\t\t\t\t<\/section>\n\t","protected":false},"excerpt":{"rendered":"<p>En vandskadet sofa, en ildelugtende dukke og vragdele fra et totalskadet sommerhus. Klimaaktivister fra Greenpeace leverede vandskadede ejendele foran d\u00f8ren til TotalEnergies\u2019 danske hovedkvarter i Esbjerg for at s\u00e6tte fokus p\u00e5 oliegiganternes ansvar for det ekstreme vejr, vi lige nu ser \u00f8del\u00e6gge folks liv og hjem.<\/p>\n","protected":false},"author":104,"featured_media":63039,"comment_status":"closed","ping_status":"closed","sticky":false,"template":"","format":"standard","meta":{"ep_exclude_from_search":false,"p4_og_title":"Greenpeace i aktion: Olieindustrien i Danmark skal betale for oversv\u00f8mmelser, t\u00f8rke og stormskader","p4_og_description":"En vandskadet sofa fra efter\u00e5rets enorme oversv\u00f8mmelser i Polen, en ildelugtende dukke fra for\u00e5rets gigantiske oversv\u00f8mmelser i Brasilien, og vragdele fra et totalskadet sommerhus p\u00e5 Fyn efter den historiske danske stormflod sidste efter\u00e5r. Det er blot nogle af de \u00f8delagte ejendele klimaaktivister fra Greenpeace tirsdag leverede ude foran d\u00f8ren til TotalEnergies\u2019 danske hovedkvarter i Esbjerg. Vragdelene skal s\u00e6tte fokus p\u00e5 oliegiganternes ansvar for det ekstreme vejr, vi lige nu ser \u00f8del\u00e6gge folks liv og hjem b\u00e5de herhjemme og i resten af verden.","p4_og_image":"","p4_og_image_id":"","p4_seo_canonical_url":"","p4_campaign_name":"","p4_local_project":"","p4_basket_name":"Climate &amp; Energy","p4_department":"","footnotes":""},"categories":[1],"tags":[19,24],"p4-page-type":[16],"class_list":["post-63038","post","type-post","status-publish","format-standard","has-post-thumbnail","hentry","category-klimaforandringer","tag-fossilenergi","tag-klima","p4-page-type-nyhed"],"_links":{"self":[{"href":"https:\/\/www.greenpeace.org\/denmark\/wp-json\/wp\/v2\/posts\/63038","targetHints":{"allow":["GET"]}}],"collection":[{"href":"https:\/\/www.greenpeace.org\/denmark\/wp-json\/wp\/v2\/posts"}],"about":[{"href":"https:\/\/www.greenpeace.org\/denmark\/wp-json\/wp\/v2\/types\/post"}],"author":[{"embeddable":true,"href":"https:\/\/www.greenpeace.org\/denmark\/wp-json\/wp\/v2\/users\/104"}],"replies":[{"embeddable":true,"href":"https:\/\/www.greenpeace.org\/denmark\/wp-json\/wp\/v2\/comments?post=63038"}],"version-history":[{"count":5,"href":"https:\/\/www.greenpeace.org\/denmark\/wp-json\/wp\/v2\/posts\/63038\/revisions"}],"predecessor-version":[{"id":66410,"href":"https:\/\/www.greenpeace.org\/denmark\/wp-json\/wp\/v2\/posts\/63038\/revisions\/66410"}],"wp:featuredmedia":[{"embeddable":true,"href":"https:\/\/www.greenpeace.org\/denmark\/wp-json\/wp\/v2\/media\/63039"}],"wp:attachment":[{"href":"https:\/\/www.greenpeace.org\/denmark\/wp-json\/wp\/v2\/media?parent=63038"}],"wp:term":[{"taxonomy":"category","embeddable":true,"href":"https:\/\/www.greenpeace.org\/denmark\/wp-json\/wp\/v2\/categories?post=63038"},{"taxonomy":"post_tag","embeddable":true,"href":"https:\/\/www.greenpeace.org\/denmark\/wp-json\/wp\/v2\/tags?post=63038"},{"taxonomy":"p4-page-type","embeddable":true,"href":"https:\/\/www.greenpeace.org\/denmark\/wp-json\/wp\/v2\/p4-page-type?post=63038"}],"curies":[{"name":"wp","href":"https:\/\/api.w.org\/{rel}","templated":true}]}}