{"id":64410,"date":"2025-04-07T16:43:56","date_gmt":"2025-04-07T14:43:56","guid":{"rendered":"https:\/\/www.greenpeace.org\/denmark\/?p=64410"},"modified":"2025-08-29T09:54:19","modified_gmt":"2025-08-29T07:54:19","slug":"danmarks-klimaskader-du-og-jeg-betaler-regningen","status":"publish","type":"post","link":"https:\/\/www.greenpeace.org\/denmark\/nyhed\/klimaforandringer\/danmarks-klimaskader-du-og-jeg-betaler-regningen\/","title":{"rendered":"Danmarks klimaskader: Du og jeg betaler regningen. Olie- og gasgiganterne g\u00e5r fri"},"content":{"rendered":"\n<p><strong>Mens klimaforst\u00e6rkede skybrud, stormfloder og skovbrande bliver stadig voldsommere, vokser regningen for de klimaskader, det ekstreme vejr resulterer i. Lige nu er det dig og mig, der betaler, men er det rimeligt? Vi har v\u00e6ret en tur rundt i Danmark for at se p\u00e5 nogle af de skader, der ikke har v\u00e6ret r\u00e5d til at reparere.<\/strong><\/p>\n\n<figure class=\"wp-block-image size-large\"><img loading=\"lazy\" decoding=\"async\" width=\"1024\" height=\"683\" src=\"https:\/\/www.greenpeace.org\/static\/planet4-denmark-stateless\/2025\/04\/0933fbab-total-breakdown-020-1024x683.jpg\" alt=\"\" class=\"wp-image-64411\" srcset=\"https:\/\/www.greenpeace.org\/static\/planet4-denmark-stateless\/2025\/04\/0933fbab-total-breakdown-020-1024x683.jpg 1024w, https:\/\/www.greenpeace.org\/static\/planet4-denmark-stateless\/2025\/04\/0933fbab-total-breakdown-020-300x200.jpg 300w, https:\/\/www.greenpeace.org\/static\/planet4-denmark-stateless\/2025\/04\/0933fbab-total-breakdown-020-768x512.jpg 768w, https:\/\/www.greenpeace.org\/static\/planet4-denmark-stateless\/2025\/04\/0933fbab-total-breakdown-020-1536x1024.jpg 1536w, https:\/\/www.greenpeace.org\/static\/planet4-denmark-stateless\/2025\/04\/0933fbab-total-breakdown-020-2048x1366.jpg 2048w, https:\/\/www.greenpeace.org\/static\/planet4-denmark-stateless\/2025\/04\/0933fbab-total-breakdown-020-510x340.jpg 510w\" sizes=\"auto, (max-width: 1024px) 100vw, 1024px\" \/><figcaption class=\"wp-element-caption\">St\u00f8rsb\u00f8lvej ved Sneum \u00c5, marts 2025<div class=\"credit icon-left\"> \u00a9 Will Rose \/ Greenpeace<\/div><\/figcaption><\/figure>\n\n<p>2023 og 2024 var de to v\u00e5deste \u00e5r, der nogensinde er m\u00e5lt i Danmark. Kombineret med vores flade landskab og n\u00e6sten 9000 km kystlinje, g\u00f8r det Danmark s\u00e6rlig s\u00e5rbar overfor klimaforandringer. En stigning i vandstanden vil sammen med klimaforst\u00e6rkede stormfloder og ekstrem nedb\u00f8r f\u00e5 markante konsekvenser, som vi b\u00e5de hver is\u00e6r og som samfund skal bruge mange penge p\u00e5 at h\u00e5ndtere over de n\u00e6ste \u00e5rtier.<br><\/p>\n\n<figure class=\"wp-block-image size-large\"><img loading=\"lazy\" decoding=\"async\" width=\"1024\" height=\"682\" src=\"https:\/\/www.greenpeace.org\/static\/planet4-denmark-stateless\/2025\/04\/753409b7-total-breakdown-011-1024x682.jpeg\" alt=\"\" class=\"wp-image-64421\" srcset=\"https:\/\/www.greenpeace.org\/static\/planet4-denmark-stateless\/2025\/04\/753409b7-total-breakdown-011-1024x682.jpeg 1024w, https:\/\/www.greenpeace.org\/static\/planet4-denmark-stateless\/2025\/04\/753409b7-total-breakdown-011-300x200.jpeg 300w, https:\/\/www.greenpeace.org\/static\/planet4-denmark-stateless\/2025\/04\/753409b7-total-breakdown-011-768x512.jpeg 768w, https:\/\/www.greenpeace.org\/static\/planet4-denmark-stateless\/2025\/04\/753409b7-total-breakdown-011-1536x1023.jpeg 1536w, https:\/\/www.greenpeace.org\/static\/planet4-denmark-stateless\/2025\/04\/753409b7-total-breakdown-011-2048x1364.jpeg 2048w, https:\/\/www.greenpeace.org\/static\/planet4-denmark-stateless\/2025\/04\/753409b7-total-breakdown-011-510x340.jpeg 510w\" sizes=\"auto, (max-width: 1024px) 100vw, 1024px\" \/><figcaption class=\"wp-element-caption\">M\u00f8llevej i \u00c5lb\u00e6k ved Esbjerg, marts 2025. Broen blev \u00f8delagt under det ekstreme regnvejr den 27. september 2024. <div class=\"credit icon-left\"> \u00a9 Will Rose \/ Greenpeace<\/div><\/figcaption><\/figure>\n\n<h2 class=\"wp-block-heading\"><strong>Klimaskader rammer Danmark<\/strong><\/h2>\n\n<p>For at f\u00e5 et overblik over, hvor store de skader, vi skal h\u00e5ndtere, er, har vi v\u00e6ret p\u00e5 en rundtur til nogle af de steder i Danmark, som de seneste par \u00e5r har v\u00e6ret ekstra h\u00e5rdt ramt af \u00f8del\u00e6ggelser efter ekstremt vejr &#8211; og som stadig m\u00e5 leve med konsekvenserne, fordi kommunerne ikke har r\u00e5d til at reparere skaderne.&nbsp;<\/p>\n\n<h3 class=\"wp-block-heading\"><strong>Esbjerg Kommune<\/strong><\/h3>\n\n<p>Den 27. september 2024 gik over i historien, som den hidtil v\u00e5deste septemberdag nogensinde m\u00e5lt i Danmark. De massive m\u00e6ngder regn resulterede i enorme skader i hele landet &#8211; blandt andet i \u00c5lb\u00e6k lidt uden for Esbjerg, hvor broen over b\u00e6kken kollapsede. Broen er endnu ikke repareret, men st\u00e5r tilbage som en p\u00e5mindelse om de tiltagende klimakatastrofer, som olieselskaber som TotalEnergies er skyld i.&nbsp;<\/p>\n\n<p><em>L\u00e6s ogs\u00e5: <\/em><a href=\"https:\/\/www.greenpeace.org\/denmark\/nyhed\/klimaforandringer\/101-aar-med-totalenergies-og-deres-totale-klimakaos\/\" target=\"_blank\" rel=\"noreferrer noopener\"><em>101 \u00e5r med TotalEnergies og deres totale klimakaos<\/em><\/a><\/p>\n\n<figure class=\"wp-block-image size-large\"><img loading=\"lazy\" decoding=\"async\" width=\"1024\" height=\"682\" src=\"https:\/\/www.greenpeace.org\/static\/planet4-denmark-stateless\/2025\/04\/f76f4d7d-total-breakdown-007-1024x682.jpeg\" alt=\"\" class=\"wp-image-64422\" srcset=\"https:\/\/www.greenpeace.org\/static\/planet4-denmark-stateless\/2025\/04\/f76f4d7d-total-breakdown-007-1024x682.jpeg 1024w, https:\/\/www.greenpeace.org\/static\/planet4-denmark-stateless\/2025\/04\/f76f4d7d-total-breakdown-007-300x200.jpeg 300w, https:\/\/www.greenpeace.org\/static\/planet4-denmark-stateless\/2025\/04\/f76f4d7d-total-breakdown-007-768x512.jpeg 768w, https:\/\/www.greenpeace.org\/static\/planet4-denmark-stateless\/2025\/04\/f76f4d7d-total-breakdown-007-1536x1023.jpeg 1536w, https:\/\/www.greenpeace.org\/static\/planet4-denmark-stateless\/2025\/04\/f76f4d7d-total-breakdown-007-2048x1364.jpeg 2048w, https:\/\/www.greenpeace.org\/static\/planet4-denmark-stateless\/2025\/04\/f76f4d7d-total-breakdown-007-510x340.jpeg 510w\" sizes=\"auto, (max-width: 1024px) 100vw, 1024px\" \/><figcaption class=\"wp-element-caption\">M\u00f8llevej i \u00c5lb\u00e6k ved Esbjerg. Her et halvt \u00e5r efter 100-\u00e5rs h\u00e6ndelsen er vejen over b\u00e6kken fortsat sp\u00e6rret.<div class=\"credit icon-left\"> \u00a9 Will Rose \/ Greenpeace<\/div><\/figcaption><\/figure>\n\n<p>I forbindelse med 100-\u00e5rs h\u00e6ndelsen i september 2024 fik det voldsomme regnskyl ogs\u00e5 b\u00e5de bil- og cykelbroerne over Sneum \u00c5 til at kollapse. Det har efterladt en dramatisk kl\u00f8ft i vejen, som fortsat er helt sp\u00e6rret for trafik. Esbjerg Kommune er lige nu i gang med at reparere de omfattende skader.&nbsp;<br><\/p>\n\n<figure class=\"wp-block-image size-large\"><img loading=\"lazy\" decoding=\"async\" width=\"1024\" height=\"683\" src=\"https:\/\/www.greenpeace.org\/static\/planet4-denmark-stateless\/2025\/04\/827659c4-total-breakdown-026-1024x683.jpeg\" alt=\"\" class=\"wp-image-64423\" srcset=\"https:\/\/www.greenpeace.org\/static\/planet4-denmark-stateless\/2025\/04\/827659c4-total-breakdown-026-1024x683.jpeg 1024w, https:\/\/www.greenpeace.org\/static\/planet4-denmark-stateless\/2025\/04\/827659c4-total-breakdown-026-300x200.jpeg 300w, https:\/\/www.greenpeace.org\/static\/planet4-denmark-stateless\/2025\/04\/827659c4-total-breakdown-026-768x512.jpeg 768w, https:\/\/www.greenpeace.org\/static\/planet4-denmark-stateless\/2025\/04\/827659c4-total-breakdown-026-1536x1024.jpeg 1536w, https:\/\/www.greenpeace.org\/static\/planet4-denmark-stateless\/2025\/04\/827659c4-total-breakdown-026-2048x1366.jpeg 2048w, https:\/\/www.greenpeace.org\/static\/planet4-denmark-stateless\/2025\/04\/827659c4-total-breakdown-026-510x340.jpeg 510w\" sizes=\"auto, (max-width: 1024px) 100vw, 1024px\" \/><figcaption class=\"wp-element-caption\">St\u00f8rsb\u00f8lvej ved Sneum \u00c5, marts 2025. B\u00e5de cykel- og vejbro kollapsede i september 2024. Begge broer er fortsat ubrugelige.<div class=\"credit icon-left\"> \u00a9 Will Rose \/ Greenpeace<\/div><\/figcaption><\/figure>\n\n<h3 class=\"wp-block-heading\"><strong>Kolding Kommune<\/strong><\/h3>\n\n<p>N\u00e5r man f\u00e6rdes i Kolding, bliver det tydeligt, hvordan byen k\u00e6mper med j\u00e6vnlige oversv\u00f8mmelser. Sands\u00e6kke langs vejene er et velkendt syn, og her p\u00e5 Vestre Ringgade danner de en beskyttende barriere mod vandmasserne, n\u00e5r Kolding \u00c5 g\u00e5r over sine bredder. Disse foranstaltninger er ikke l\u00e6ngere midlertidige \u2013 de er blevet en del af byens hverdag. Kolding Kommune udbyder endda j\u00e6vnligt kurser i, <a href=\"https:\/\/www.kolding.dk\/om-kommunen\/nyhedsarkiv\/laer-at-beskytte-dit-hjem-mod-oversvoemmelse\" target=\"_blank\" rel=\"noreferrer noopener\">hvordan man beskytter sit hjem mod oversv\u00f8mmelse<\/a>.<\/p>\n\n<figure class=\"wp-block-image size-large\"><img loading=\"lazy\" decoding=\"async\" width=\"1024\" height=\"682\" src=\"https:\/\/www.greenpeace.org\/static\/planet4-denmark-stateless\/2025\/04\/8929b416-total-breakdown-054-1024x682.jpeg\" alt=\"\" class=\"wp-image-64424\" srcset=\"https:\/\/www.greenpeace.org\/static\/planet4-denmark-stateless\/2025\/04\/8929b416-total-breakdown-054-1024x682.jpeg 1024w, https:\/\/www.greenpeace.org\/static\/planet4-denmark-stateless\/2025\/04\/8929b416-total-breakdown-054-300x200.jpeg 300w, https:\/\/www.greenpeace.org\/static\/planet4-denmark-stateless\/2025\/04\/8929b416-total-breakdown-054-768x512.jpeg 768w, https:\/\/www.greenpeace.org\/static\/planet4-denmark-stateless\/2025\/04\/8929b416-total-breakdown-054-1536x1023.jpeg 1536w, https:\/\/www.greenpeace.org\/static\/planet4-denmark-stateless\/2025\/04\/8929b416-total-breakdown-054-2048x1364.jpeg 2048w, https:\/\/www.greenpeace.org\/static\/planet4-denmark-stateless\/2025\/04\/8929b416-total-breakdown-054-510x340.jpeg 510w\" sizes=\"auto, (max-width: 1024px) 100vw, 1024px\" \/><figcaption class=\"wp-element-caption\">Her langs Vestre Ringgade i Kolding danner sands\u00e6kke en permanent barriere mod oversv\u00f8mmelser fra Kolding \u00c5, marts 2025.<div class=\"credit icon-left\"> \u00a9 Will Rose \/ Greenpeace<\/div><\/figcaption><\/figure>\n\n<h3 class=\"wp-block-heading\"><strong>Guldborgsund Kommune<\/strong><\/h3>\n\n<p>Under stormfloden i oktober 2023 blev Falsters nordkyst ramt af s\u00e5 kraftige b\u00f8lger, at omkring 200 meter af Gammel F\u00e6rgevej ved Stubbek\u00f8bing skyllede v\u00e6k. Her halvandet \u00e5r senere er vejen stadig sp\u00e6rret, <a href=\"https:\/\/folketidende.dk\/guldborgsund\/smadret-vej-koster-millioner-men-de-har-fundet-nul-kroner-vi-har-et-finansieringsproblem\" target=\"_blank\" rel=\"noreferrer noopener\">da kommunen endnu ikke har fundet midler til at betale for at genopbygge den<\/a>. Dette har ikke kun konsekvenser for lokalbefolkningen, men p\u00e5virker ogs\u00e5 tusindvis af cykelturister, der ikke kan komme rundt, fordi vejen er en del af flere cykelruter.&nbsp;<\/p>\n\n<figure class=\"wp-block-image size-large\"><img loading=\"lazy\" decoding=\"async\" width=\"1024\" height=\"682\" src=\"https:\/\/www.greenpeace.org\/static\/planet4-denmark-stateless\/2025\/04\/c2009fe7-total-breakdown-075-1024x682.jpeg\" alt=\"\" class=\"wp-image-64425\" srcset=\"https:\/\/www.greenpeace.org\/static\/planet4-denmark-stateless\/2025\/04\/c2009fe7-total-breakdown-075-1024x682.jpeg 1024w, https:\/\/www.greenpeace.org\/static\/planet4-denmark-stateless\/2025\/04\/c2009fe7-total-breakdown-075-300x200.jpeg 300w, https:\/\/www.greenpeace.org\/static\/planet4-denmark-stateless\/2025\/04\/c2009fe7-total-breakdown-075-768x512.jpeg 768w, https:\/\/www.greenpeace.org\/static\/planet4-denmark-stateless\/2025\/04\/c2009fe7-total-breakdown-075-1536x1023.jpeg 1536w, https:\/\/www.greenpeace.org\/static\/planet4-denmark-stateless\/2025\/04\/c2009fe7-total-breakdown-075-2048x1364.jpeg 2048w, https:\/\/www.greenpeace.org\/static\/planet4-denmark-stateless\/2025\/04\/c2009fe7-total-breakdown-075-510x340.jpeg 510w\" sizes=\"auto, (max-width: 1024px) 100vw, 1024px\" \/><figcaption class=\"wp-element-caption\">Gammel F\u00e6rgevej, Stubbek\u00f8bing, marts 2025. Vejen skyllede v\u00e6k under stormfloden i oktober 2023 og er fortsat ubrugelig.<div class=\"credit icon-left\"> \u00a9 Will Rose \/ Greenpeace<\/div><\/figcaption><\/figure>\n\n<h2 class=\"wp-block-heading\"><strong>Er det rimeligt, at det er dig og mig, der skal betale?<\/strong><\/h2>\n\n<p>Lige nu er det dig og mig, der gennem blandt andet skatter og stigende forsikringspr\u00e6mier betaler for b\u00e5de reparationer af klimaskader og for den klimatilpasning, der skal beskytte os mod fremtidens klimaforandringer og ekstreme vejr. Men er det egentlig rimeligt?<br>Burde det ikke i stedet v\u00e6re olie- og gasselskaber som TotalEnergies &#8211; der er Danmarks st\u00f8rste olie- og gasproducent og en af verdens st\u00f8rste udledere af CO2 &#8211; der skal st\u00e5 til ansvar?&nbsp;<\/p>\n\n<p>Oversv\u00f8mmelser <a href=\"https:\/\/via.ritzau.dk\/pressemeddelelse\/14217972\/nye-beregninger-anslar-milliardregning-til-samfundet-hvis-danmark-undlader-at-klimatilpasse?publisherId=13561534&amp;lang=da\" target=\"_blank\" rel=\"noreferrer noopener\">koster allerede nu det danske samfund omkring 7 milliarder kroner om \u00e5ret<\/a>, og det tal forventes <a href=\"https:\/\/via.ritzau.dk\/pressemeddelelse\/14217972\/nye-beregninger-anslar-milliardregning-til-samfundet-hvis-danmark-undlader-at-klimatilpasse?publisherId=13561534&amp;lang=da\" target=\"_blank\" rel=\"noreferrer noopener\">at stige til 12 milliarder om 25 \u00e5r. Uden handling, risikerer 500.000 huse, erhvervsbygninger og sommerhuse at blive oversv\u00f8mmet over de n\u00e6ste 50 \u00e5r.<\/a><\/p>\n\n<p>En <a href=\"https:\/\/www.ucs.org\/resources\/sea-level-rise-responsibility-industrial-carbon-producers\">unders\u00f8gelse<\/a> viser, at op mod 57 procent af den globale temperaturstigning og 37 procent af havniveaustigningen skyldes udledninger fra verdens 122 st\u00f8rste olie, gas, kul og cementproducenter mellem fra 1854 til 2020.<\/p>\n\n<p><em>L\u00e6s ogs\u00e5: <\/em><a href=\"https:\/\/www.greenpeace.org\/denmark\/viden\/klimaforandringer\/bagom-den-danske-olieproduktion-i-nordsoeen\/\" target=\"_blank\" rel=\"noreferrer noopener\"><em>Bagom den danske olieproduktion i Nords\u00f8en<\/em><\/a><\/p>\n\n<figure class=\"wp-block-image size-full\"><img loading=\"lazy\" decoding=\"async\" width=\"800\" height=\"533\" src=\"https:\/\/www.greenpeace.org\/static\/planet4-denmark-stateless\/2025\/04\/0d848ad7-gp0su3g9a_low-res-800px.jpg\" alt=\"\" class=\"wp-image-64431\" srcset=\"https:\/\/www.greenpeace.org\/static\/planet4-denmark-stateless\/2025\/04\/0d848ad7-gp0su3g9a_low-res-800px.jpg 800w, https:\/\/www.greenpeace.org\/static\/planet4-denmark-stateless\/2025\/04\/0d848ad7-gp0su3g9a_low-res-800px-300x200.jpg 300w, https:\/\/www.greenpeace.org\/static\/planet4-denmark-stateless\/2025\/04\/0d848ad7-gp0su3g9a_low-res-800px-768x512.jpg 768w, https:\/\/www.greenpeace.org\/static\/planet4-denmark-stateless\/2025\/04\/0d848ad7-gp0su3g9a_low-res-800px-510x340.jpg 510w\" sizes=\"auto, (max-width: 800px) 100vw, 800px\" \/><figcaption class=\"wp-element-caption\"><em>For at minde TotalEnergies om deres klimaansvar afleverede Greenpeace Nordic-aktivister i november sidste \u00e5r en bunke \u00f8delagt ejendom fra klimakatastrofer rundt om i verden foran indgangen til oliegigantens danske hovedkvarter i Esbjerg<\/em>.<div class=\"credit icon-left\"> \u00a9 Michael Hedelain \/ Greenpeace<\/div><\/figcaption><\/figure>\n\n<h2 class=\"wp-block-heading\"><strong>De har vidst det!<\/strong><\/h2>\n\n<p><br>I over 50 \u00e5r har olie- og gasgiganterne vidst, at deres enorme udledninger ville f\u00f8re os direkte ud i den klimakrise, der nu truer livet p\u00e5 jorden. Alligevel valgte de at lyve, lobbye og greenwashe for at kunne forts\u00e6tte jagten p\u00e5 de astronomiske profitter, som indvindingen af fossile br\u00e6ndstoffer giver.&nbsp;<\/p>\n\n<p>Og som om det ikke var nok, s\u00e5 har TotalEnergies, og andre giganter som BP, Shell og Equinor, for nyligt trukket sig fra mange af deres gr\u00f8nne l\u00f8fter til fordel for maksimal profit. I stedet for at investere i b\u00e6redygtig energi, planl\u00e6gger Total enorme nye olie- og gasprojekter, der kun vil forv\u00e6rre klimakaosset og \u00f8del\u00e6gge endnu flere menneskers liv.<\/p>\n\n<p>Det er p\u00e5 h\u00f8je tid at hele den fossile industri stilles til ansvar for de tab og skader, den har p\u00e5f\u00f8rt mennesker, natur og klima over hele kloden!<\/p>\n\n<p><em>L\u00e6s ogs\u00e5: <\/em><a href=\"https:\/\/www.greenpeace.org\/denmark\/nyhed\/klimaforandringer\/totals-gigantiske-overskud-er-vores-alle-sammens-tab\/\" target=\"_blank\" rel=\"noreferrer noopener\"><em>Totals gigantiske overskud er vores alle sammens tab<\/em><\/a><\/p>\n\n<h2 class=\"wp-block-heading\">Se her, hvordan du kan v\u00e6re med \ud83d\udc47<\/h2>\n\n<p>Vi kan ikke g\u00f8re det alene. Vi har brug for at danne en samlet gr\u00f8n bev\u00e6gelse, der stiller olie- og gasindustrien til ansvar for deres klima\u00f8del\u00e6ggelser, og der er mange forskellige m\u00e5der, hvor du kan v\u00e6re med.<\/p>\n\n<div class=\"wp-block-buttons is-layout-flex wp-block-buttons-is-layout-flex\">\n<div class=\"wp-block-button has-custom-width wp-block-button__width-50\"><a class=\"wp-block-button__link has-gp-green-80-color has-yellow-50-background-color has-text-color has-background has-link-color wp-element-button\" href=\"https:\/\/www.greenpeace.org\/denmark\/vaer-med\/klimaskat-pa-oliegiganterne\/\" target=\"_blank\" rel=\"noreferrer noopener\">SKRIV UNDER<\/a><\/div>\n<\/div>\n\n<h4 class=\"wp-block-heading\"><strong>Kr\u00e6v at olie- og gasgiganterne:<\/strong>&nbsp;&nbsp;&nbsp;<\/h4>\n\n<ul class=\"wp-block-list\">\n<li>Stopper deres jagt p\u00e5 ny olie og gas og omstiller deres forretning&nbsp;<\/li>\n\n\n\n<li>Betaler for de enorme klimaskader, de forvolder over hele verden<\/li>\n<\/ul>\n\n<div class=\"wp-block-buttons is-layout-flex wp-block-buttons-is-layout-flex\">\n<div class=\"wp-block-button has-custom-width wp-block-button__width-50\"><a class=\"wp-block-button__link has-gp-nor-green-3-color has-yellow-50-background-color has-text-color has-background has-link-color wp-element-button\" href=\"https:\/\/www.greenpeace.org\/denmark\/vaer-med\/frivillig\/\" target=\"_blank\" rel=\"noreferrer noopener\">BLIV FRIVILLIG<\/a><\/div>\n<\/div>\n\n<h4 class=\"wp-block-heading\"><strong>V\u00e6r med:&nbsp;<\/strong><\/h4>\n\n<p>Bliv frivillig hos Greenpeace og brug dine kr\u00e6fter p\u00e5 sammen med os at k\u00e6mpe for vores f\u00e6lles fremtid.&nbsp;&nbsp;&nbsp;<\/p>\n\n<div class=\"wp-block-buttons is-layout-flex wp-block-buttons-is-layout-flex\">\n<div class=\"wp-block-button has-custom-width wp-block-button__width-50\"><a class=\"wp-block-button__link has-gp-nor-green-3-color has-yellow-50-background-color has-text-color has-background has-link-color wp-element-button\" href=\"https:\/\/www.greenpeace.org\/denmark\/vaer-med\/stoet-greenpeace\/bliv-manedlig-donor-mobilepay\/\" target=\"_blank\" rel=\"noreferrer noopener\">DON\u00c9R PENGE<\/a><\/div>\n<\/div>\n\n<h4 class=\"wp-block-heading\">St\u00f8t os \u00f8konomisk:<\/h4>\n\n<p>Greenpeace er en helt uafh\u00e6ngig organisation, der hverken modtager penge fra virksomheder eller regeringer. Alt vores arbejde er finansieret af mennesker som dig, der elsker vores planet og vores fremtid. Enhver handling t\u00e6ller \ud83d\ude4f<\/p>\n","protected":false},"excerpt":{"rendered":"<p>Mens klimaforst\u00e6rkede skybrud, stormfloder og skovbrande bliver stadig voldsommere, vokser regningen. Lige nu er det dig og mig, der betaler, men er det rimeligt? Vi har v\u00e6ret en tur rundt i Danmark for at se p\u00e5 nogle af de skader, der ikke har v\u00e6ret r\u00e5d til at reparere.<\/p>\n","protected":false},"author":46,"featured_media":64411,"comment_status":"closed","ping_status":"closed","sticky":false,"template":"","format":"standard","meta":{"ep_exclude_from_search":false,"p4_og_title":"Danmarks klimaskader: Du og jeg betaler regningen. Olie- og gasgiganterne g\u00e5r fri","p4_og_description":"Mens klimaforst\u00e6rkede skybrud, stormfloder og skovbrande bliver stadig voldsommere, vokser regningen. Lige nu er det dig og mig, der betaler, men er det rimeligt? Vi har v\u00e6ret en tur rundt i Danmark for at se p\u00e5 nogle af de skader, der ikke har v\u00e6ret r\u00e5d til at reparere.","p4_og_image":"","p4_og_image_id":"","p4_seo_canonical_url":"","p4_campaign_name":"Stop Drilling Start Paying","p4_local_project":"","p4_basket_name":"","p4_department":"","footnotes":""},"categories":[1],"tags":[19,24],"p4-page-type":[16],"class_list":["post-64410","post","type-post","status-publish","format-standard","has-post-thumbnail","hentry","category-klimaforandringer","tag-fossilenergi","tag-klima","p4-page-type-nyhed"],"_links":{"self":[{"href":"https:\/\/www.greenpeace.org\/denmark\/wp-json\/wp\/v2\/posts\/64410","targetHints":{"allow":["GET"]}}],"collection":[{"href":"https:\/\/www.greenpeace.org\/denmark\/wp-json\/wp\/v2\/posts"}],"about":[{"href":"https:\/\/www.greenpeace.org\/denmark\/wp-json\/wp\/v2\/types\/post"}],"author":[{"embeddable":true,"href":"https:\/\/www.greenpeace.org\/denmark\/wp-json\/wp\/v2\/users\/46"}],"replies":[{"embeddable":true,"href":"https:\/\/www.greenpeace.org\/denmark\/wp-json\/wp\/v2\/comments?post=64410"}],"version-history":[{"count":6,"href":"https:\/\/www.greenpeace.org\/denmark\/wp-json\/wp\/v2\/posts\/64410\/revisions"}],"predecessor-version":[{"id":66406,"href":"https:\/\/www.greenpeace.org\/denmark\/wp-json\/wp\/v2\/posts\/64410\/revisions\/66406"}],"wp:featuredmedia":[{"embeddable":true,"href":"https:\/\/www.greenpeace.org\/denmark\/wp-json\/wp\/v2\/media\/64411"}],"wp:attachment":[{"href":"https:\/\/www.greenpeace.org\/denmark\/wp-json\/wp\/v2\/media?parent=64410"}],"wp:term":[{"taxonomy":"category","embeddable":true,"href":"https:\/\/www.greenpeace.org\/denmark\/wp-json\/wp\/v2\/categories?post=64410"},{"taxonomy":"post_tag","embeddable":true,"href":"https:\/\/www.greenpeace.org\/denmark\/wp-json\/wp\/v2\/tags?post=64410"},{"taxonomy":"p4-page-type","embeddable":true,"href":"https:\/\/www.greenpeace.org\/denmark\/wp-json\/wp\/v2\/p4-page-type?post=64410"}],"curies":[{"name":"wp","href":"https:\/\/api.w.org\/{rel}","templated":true}]}}