{"id":64979,"date":"2025-05-21T06:58:00","date_gmt":"2025-05-21T04:58:00","guid":{"rendered":"https:\/\/www.greenpeace.org\/denmark\/?p=64979"},"modified":"2025-05-20T18:40:16","modified_gmt":"2025-05-20T16:40:16","slug":"trump-gaar-tilbage-til-plastik-stopper-indsatsen-for-papsugeroer","status":"publish","type":"post","link":"https:\/\/www.greenpeace.org\/denmark\/nyhed\/klimaforandringer\/trump-gaar-tilbage-til-plastik-stopper-indsatsen-for-papsugeroer\/","title":{"rendered":"Trump g\u00e5r tilbage til plastik: Stopper indsatsen for papsuger\u00f8r"},"content":{"rendered":"\n<p><strong>Plastik er overalt; det er fundet i selv den mad, vi spiser, i vores blod &#8211; og endda moderm\u00e6lk og testikler. Der er plastik i havet og i luften, vi ind\u00e5nder. Hele planeten er p\u00e5virket af plastikkrisen &#8211; fra strande i Syd\u00f8stasien til det fjerne Arktis.\u00a0Samtidig bliver dyr kvalt i plastik og forveksler det med f\u00f8de. Mange dyr findes med plastik i maven. Og i en Greenpeace-unders\u00f8gelse i Hong Kong er der fundet mikroplastik i 4 ud af 5 aff\u00f8ringspr\u00f8ver fra dyr.<\/strong> <strong>Alligevel vil Trump skubbe p\u00e5 for brugen af plastik.<\/strong><\/p>\n\n<figure class=\"wp-block-image size-full\"><img loading=\"lazy\" decoding=\"async\" width=\"800\" height=\"533\" src=\"https:\/\/www.greenpeace.org\/static\/planet4-denmark-stateless\/2025\/05\/c1852652-crab.jpg\" alt=\"\" class=\"wp-image-64984\" srcset=\"https:\/\/www.greenpeace.org\/static\/planet4-denmark-stateless\/2025\/05\/c1852652-crab.jpg 800w, https:\/\/www.greenpeace.org\/static\/planet4-denmark-stateless\/2025\/05\/c1852652-crab-300x200.jpg 300w, https:\/\/www.greenpeace.org\/static\/planet4-denmark-stateless\/2025\/05\/c1852652-crab-768x512.jpg 768w, https:\/\/www.greenpeace.org\/static\/planet4-denmark-stateless\/2025\/05\/c1852652-crab-510x340.jpg 510w\" sizes=\"auto, (max-width: 800px) 100vw, 800px\" \/><\/figure>\n\n<h2 class=\"wp-block-heading\">Trump genindf\u00f8rer plastiksuger\u00f8r<\/h2>\n\n<p>Midt i denne plastikkrise er der skr\u00e6mmende nyheder fra Det Hvide Hus: Trump vil stoppe indsatsen for papsuger\u00f8r og bringe plastiksuger\u00f8rene tilbage. Han har underskrevet et dekret, som skal g\u00f8re op med Joe Bidens m\u00e5l om at s\u00e6tte en stopper for plastiksuger\u00f8r i offentlige kontorer.&nbsp;<\/p>\n\n<p>Det hj\u00e6lper heller ikke p\u00e5 plastikkrisen, at Trump lover en foruroligende ny \u00e6ra for olie- og gasselskaberne, som nu f\u00f8ler sig endnu mere frie til at s\u00e6tte profitter over mennesker. For 99% af al plastik er lavet af fossile br\u00e6ndsler, og de store olievirksomheder har planer om at tredoble plastikproduktionen i 2050.<\/p>\n\n<p>Med en klimaben\u00e6gter i Det Hvide Hus er det vigtigere end nogensinde, at vi st\u00e5r sammen for planeten, vores eneste hjem.<\/p>\n\n<h2 class=\"wp-block-heading\">FN-landene forhandler om plastikaftale<\/h2>\n\n<p>Og heldigvis er der h\u00e5b: FN-landene er blevet enige om at indf\u00f8re en plastikaftale, der kan stoppe plasikforurening. Forhandlingerne om indholdet i aftalen sker i \u00e5r, og vi kommer til at arbejde p\u00e5 h\u00f8jtryk for, at det bliver en st\u00e6rk aftale.<\/p>\n\n<p>Plastiktraktaten skal indeholde:<\/p>\n\n<ul class=\"wp-block-list\">\n<li>en juridisk bindende traktat til at sikre overholdelse fra regeringer og industrier<\/li>\n\n\n\n<li>olie og gas skal forblive i jorden og beskytte vores klima<\/li>\n\n\n\n<li>store brands skal investere i genanvendelse- og genbrugssystemer og reducere brugen og produktionen af engangsplast<\/li>\n\n\n\n<li>lande skal holdes ansvarlige for at h\u00e5ndtere deres eget affald, s\u00e5 plastik ikke ender i naturen og i vores have\u00a0<\/li>\n\n\n\n<li>regeringer skal sikre en retf\u00e6rdig overgang for udviklende lande\u00a0<\/li>\n<\/ul>\n\n<p>Plastikproduktion og plastikforurening er en trussel mod vores klima, sundhed og fremtid. Men sammen med dig er store sejre mulige. Skriv under for en st\u00e6rk plastiktraktat.<\/p>\n\n<p><\/p>\n\t\t\t<section\n\t\t\tclass=\"boxout post-64353 \"\n\t\t\t\n\t\t>\n\t\t\t<a\n\t\t\t\tdata-ga-category=\"Take Action Boxout\"\n\t\t\t\tdata-ga-action=\"Image\"\n\t\t\t\tdata-ga-label=\"n\/a\"\n\t\t\t\tclass=\"cover-card-overlay\"\n\t\t\t\thref=\"https:\/\/www.greenpeace.org\/denmark\/vaer-med\/undgaa-plastikforurening-plastispice\/\" \n\t\t\t><\/a>\n\t\t\t\t\t\t\t<img\n\t\t\t\t\t\tsrc=\"https:\/\/www.greenpeace.org\/static\/planet4-denmark-stateless\/2025\/04\/f16fdb27-gp0stpn0t_low-res-800px.jpg\"\n\t\t\t\t\t\tsrcset=\"https:\/\/www.greenpeace.org\/static\/planet4-denmark-stateless\/2025\/04\/f16fdb27-gp0stpn0t_low-res-800px-300x200.jpg 300w, https:\/\/www.greenpeace.org\/static\/planet4-denmark-stateless\/2025\/04\/f16fdb27-gp0stpn0t_low-res-800px-768x512.jpg 768w, https:\/\/www.greenpeace.org\/static\/planet4-denmark-stateless\/2025\/04\/f16fdb27-gp0stpn0t_low-res-800px-510x340.jpg 510w, https:\/\/www.greenpeace.org\/static\/planet4-denmark-stateless\/2025\/04\/f16fdb27-gp0stpn0t_low-res-800px.jpg 800w\"\n\t\t\t\t\t\tsizes=\"(min-width: 1000px) 358px, (min-width: 780px) 313px, 88px\"\n\t\t\t\t\t\talt=\"\" title=\"\"\n\t\t\t\t\/>\n            \t\t\t<div class=\"boxout-content\">\n\t\t\t\t\t\t\t\t\t<a\n\t\t\t\t\t\tclass=\"boxout-heading medium\"\n\t\t\t\t\t\tdata-ga-category=\"Take Action Boxout\"\n\t\t\t\t\t\tdata-ga-action=\"Title\"\n\t\t\t\t\t\tdata-ga-label=\"n\/a\"\n\t\t\t\t\t\thref=\"https:\/\/www.greenpeace.org\/denmark\/vaer-med\/undgaa-plastikforurening-plastispice\/\"\n\t\t\t\t\t\t\n\t\t\t\t\t>\n\t\t\t\t\t\tKr\u00e6v en global plastikaftale\ud83e\udd1d\n\t\t\t\t\t<\/a>\n\t\t\t\t\t\t\t\t\t\t\t\t\t<p class=\"boxout-excerpt\">Plastik indeholder 16.000 potentielt sundheds- og milj\u00f8skadelige kemikalier.<\/p>\n\t\t\t\t                                    <a\n                        class=\"btn btn-primary\"\n                        data-ga-category=\"Take Action Boxout\"\n                        data-ga-action=\"Call to Action\"\n                        data-ga-label=\"n\/a\"\n                        href=\"https:\/\/www.greenpeace.org\/denmark\/vaer-med\/undgaa-plastikforurening-plastispice\/\"\n                        \n                    >\n                        V\u00e6r med\n                    <\/a>\n                \t\t\t<\/div>\n\t\t\t\t\t<\/section>\n\t","protected":false},"excerpt":{"rendered":"<p>Plastik er overalt; i vores luft, mad og kroppe. Dyr bliver kvalt i det og forveksler det med f\u00f8de. Alligevel vil Trump tilbage til plastiksuger\u00f8r.<\/p>\n","protected":false},"author":46,"featured_media":64984,"comment_status":"open","ping_status":"closed","sticky":false,"template":"","format":"standard","meta":{"ep_exclude_from_search":false,"p4_og_title":"","p4_og_description":"","p4_og_image":"","p4_og_image_id":"","p4_seo_canonical_url":"","p4_campaign_name":"","p4_local_project":"","p4_basket_name":"","p4_department":"","footnotes":""},"categories":[1],"tags":[27,21],"p4-page-type":[16],"class_list":["post-64979","post","type-post","status-publish","format-standard","has-post-thumbnail","hentry","category-klimaforandringer","tag-plastik","tag-forbrug","p4-page-type-nyhed"],"_links":{"self":[{"href":"https:\/\/www.greenpeace.org\/denmark\/wp-json\/wp\/v2\/posts\/64979","targetHints":{"allow":["GET"]}}],"collection":[{"href":"https:\/\/www.greenpeace.org\/denmark\/wp-json\/wp\/v2\/posts"}],"about":[{"href":"https:\/\/www.greenpeace.org\/denmark\/wp-json\/wp\/v2\/types\/post"}],"author":[{"embeddable":true,"href":"https:\/\/www.greenpeace.org\/denmark\/wp-json\/wp\/v2\/users\/46"}],"replies":[{"embeddable":true,"href":"https:\/\/www.greenpeace.org\/denmark\/wp-json\/wp\/v2\/comments?post=64979"}],"version-history":[{"count":3,"href":"https:\/\/www.greenpeace.org\/denmark\/wp-json\/wp\/v2\/posts\/64979\/revisions"}],"predecessor-version":[{"id":64990,"href":"https:\/\/www.greenpeace.org\/denmark\/wp-json\/wp\/v2\/posts\/64979\/revisions\/64990"}],"wp:featuredmedia":[{"embeddable":true,"href":"https:\/\/www.greenpeace.org\/denmark\/wp-json\/wp\/v2\/media\/64984"}],"wp:attachment":[{"href":"https:\/\/www.greenpeace.org\/denmark\/wp-json\/wp\/v2\/media?parent=64979"}],"wp:term":[{"taxonomy":"category","embeddable":true,"href":"https:\/\/www.greenpeace.org\/denmark\/wp-json\/wp\/v2\/categories?post=64979"},{"taxonomy":"post_tag","embeddable":true,"href":"https:\/\/www.greenpeace.org\/denmark\/wp-json\/wp\/v2\/tags?post=64979"},{"taxonomy":"p4-page-type","embeddable":true,"href":"https:\/\/www.greenpeace.org\/denmark\/wp-json\/wp\/v2\/p4-page-type?post=64979"}],"curies":[{"name":"wp","href":"https:\/\/api.w.org\/{rel}","templated":true}]}}