{"id":65674,"date":"2025-06-27T14:45:00","date_gmt":"2025-06-27T12:45:00","guid":{"rendered":"https:\/\/www.greenpeace.org\/denmark\/?p=65674"},"modified":"2025-06-29T21:48:09","modified_gmt":"2025-06-29T19:48:09","slug":"en-banebrydende-retssag-for-at-stoppe-juridisk-chikane","status":"publish","type":"post","link":"https:\/\/www.greenpeace.org\/denmark\/nyhed\/greenpeace\/en-banebrydende-retssag-for-at-stoppe-juridisk-chikane\/","title":{"rendered":"En banebrydende retssag for at stoppe juridisk chikane"},"content":{"rendered":"\n<figure class=\"wp-block-image size-full  caption-alignment-left\"><img loading=\"lazy\" decoding=\"async\" width=\"800\" height=\"600\" src=\"https:\/\/www.greenpeace.org\/static\/planet4-denmark-stateless\/2025\/02\/7c777aa3-gp0su2ni5_low-res-800px.jpg\" title=\"Greenpeace International tager kampen op mod Energy Transfer, der misbruger retten til at lukke kritik og fredelige protester\" alt=\"Greenpeace International tager kampen op mod Energy Transfer, der misbruger retten til at lukke kritik og fredelige protester\" class=\"wp-image-63702\" srcset=\"https:\/\/www.greenpeace.org\/static\/planet4-denmark-stateless\/2025\/02\/7c777aa3-gp0su2ni5_low-res-800px.jpg 800w, https:\/\/www.greenpeace.org\/static\/planet4-denmark-stateless\/2025\/02\/7c777aa3-gp0su2ni5_low-res-800px-300x225.jpg 300w, https:\/\/www.greenpeace.org\/static\/planet4-denmark-stateless\/2025\/02\/7c777aa3-gp0su2ni5_low-res-800px-768x576.jpg 768w, https:\/\/www.greenpeace.org\/static\/planet4-denmark-stateless\/2025\/02\/7c777aa3-gp0su2ni5_low-res-800px-453x340.jpg 453w\" sizes=\"auto, (max-width: 800px) 100vw, 800px\" \/><figcaption class=\"wp-element-caption\">Under Energy Transfers retssag mod Greenpeace i USA, hvor  selskabet kr\u00e6vede et milliardbel\u00f8b, sendte medarbejderne p\u00e5 det danske Greenpeace-kontor ogs\u00e5 et klart budskab: &#8220;We will not be silenced&#8221;.<div class=\"credit icon-left\"> \u00a9 Philip Raissnia \/ Greenpeace<\/div><\/figcaption><\/figure>\n\n<p><strong>Greenpeace International vender i juli tilbage til retten \u2013 denne gang i Holland \u2013 for at udfordre et s\u00f8gsm\u00e5l anlagt af olier\u00f8rledningsselskabet Energy Transfer. Sagen er et klassisk eksempel p\u00e5 en s\u00e5kaldt <a href=\"https:\/\/www.greenpeace.org\/international\/story\/59478\/slapp-lawsuits-corporate-bullies-vs-free-speech\/\">SLAPP-sag<\/a> (Strategic Lawsuit Against Public Participation) og bliver en vigtig pr\u00f8vning af <a href=\"https:\/\/www.greenpeace.org\/international\/about\/legal\/dutch-anti-slapp-lawsuit\/\" target=\"_blank\" rel=\"noreferrer noopener\">EU\u2019s nye anti-SLAPP-lovgivning<\/a>. Udfaldet kan f\u00e5 vidtr\u00e6kkende konsekvenser og bane vej for, at sager, hvor retten misbruges til at lukke kritik ned, kan blive afvist hele Europa. Samtidig sender sagen et klart signal: ytringsfrihed st\u00e5r st\u00e6rkt \u2013 og selskabers intimidering vil ikke blive tolereret.<\/strong><\/p>\n\n<p>Store olie- og energiselskaber \u2013 og andre forurenere \u2013 bruger i stigende grad SLAPP-s\u00f8gsm\u00e5l som et redskab til at presse NGO\u2019er og aktivister \u00f8konomisk, tvinge dem mod konkurs og i sidste ende lukke munden p\u00e5 dem.<\/p>\n\n<p>Det er netop, hvad der er sket for flere Greenpeace-kontorer. Energy Transfer anlagde i USA et omfattende s\u00f8gsm\u00e5l mod b\u00e5de Greenpeace International og Greenpeace USA i k\u00f8lvandet p\u00e5 protesterne mod olier\u00f8rledningen Dakota Access, som blev ledet af oprindelige folk ved Standing Rock. <a href=\"https:\/\/www.greenpeace.org\/international\/story\/73887\/greenpeace-trial-verdict-appeal-slapp-legal-process\/\" target=\"_blank\" rel=\"noreferrer noopener\">I marts i \u00e5r d\u00f8mte en jury de to milj\u00f8organisationer til at betale absurde 667 millioner amerikanske dollars<\/a>, svarende til knap 4,3 mia. kroner, i erstatning \u2013 et skoleeksempel p\u00e5 en SLAPP-sag.<\/p>\n\n<p>Denne type sager bliver et stadig mere yndet v\u00e5ben for milliard\u00e6rer og olie- og gasindustrien \u2013 og b\u00f8r v\u00e6kke bekymring hos alle, uanset politisk st\u00e5sted. For hvis virksomheder kan sags\u00f8ge milj\u00f8organisationer til tavshed, kan de ogs\u00e5 g\u00f8re det samme mod journalister, <em>whistleblowere<\/em>, fagforeninger og gr\u00e6srodsbev\u00e6gelser. I dag handler det om retten til rent vand og et stabilt klima. I morgen kan det v\u00e6re kvinders rettigheder, kampen for ligestilling, arbejdsvilk\u00e5r \u2013 eller enhver anden sag, som magthaverne finder ubelejlig.<\/p>\n\n<h2 class=\"wp-block-heading\"><strong>EU\u2019s modtr\u00e6k mod SLAPP-sager<\/strong><\/h2>\n\n<p>I Europa har <a href=\"https:\/\/www.the-case.eu\/slapps\/\" target=\"_blank\" rel=\"noreferrer noopener\">CASE<\/a> \u2013 Coalition Against SLAPPs in Europe \u2013 <a href=\"https:\/\/www.the-case.eu\/wp-content\/uploads\/2024\/12\/CASE-2024-Report-Final.pdf\" target=\"_blank\" rel=\"noreferrer noopener\">registreret over 1.000 SLAPP-sager i perioden 2010-2023<\/a>. Alene i 2023 blev der anlagt 166 af disse sager.<\/p>\n\n<p>For at beskytte journalister, menneskerettighedsfork\u00e6mpere og civilsamfundsorganisationer mod denne form for juridisk misbrug vedtog EU i april 2024 <a href=\"https:\/\/www.consilium.europa.eu\/en\/press\/press-releases\/2024\/03\/19\/anti-slapp-final-green-light-for-eu-law-protecting-journalists-and-human-rights-defenders\/\" target=\"_blank\" rel=\"noreferrer noopener\">det nye Anti-SLAPP-direktiv<\/a>. Det skal forhindre, at velhavende virksomheder bruger retssystemet til at lukke munden p\u00e5 kritikere \u2013 og samtidig sikre ofrene mulighed for at forsvare sig.<\/p>\n\n<p>Det er netop dette direktiv, <a href=\"https:\/\/www.greenpeace.org\/international\/press-release\/68484\/greenpeace-international-challenges-energy-transfer-in-first-use-of-eu-anti-slapp-directive\/?__hstc=222476484.52549311a0b3b5545b4f3be44fe7606f.1749030217511.1749030217511.1749030217511.1&amp;__hssc=222476484.1.1749030217511&amp;__hsfp=122758632\" target=\"_blank\" rel=\"noreferrer noopener\">Greenpeace International nu henviser til i deres retssag mod Energy Transfer<\/a>. M\u00e5let er at f\u00e5 d\u00e6kket alle de omkostninger og skader, organisationen har lidt som f\u00f8lge af virksomhedens grundl\u00f8se s\u00f8gsm\u00e5l.<\/p>\n\n<p>Selvom EU-landene f\u00f8rst formelt skal have indarbejdet direktivet i deres nationale lovgivning senest den 7. maj 2026, har den hollandske regering signaleret, at dele af direktivet allerede nu kan h\u00e5ndh\u00e6ves via eksisterende hollandsk lovgivning. Det g\u00e6lder is\u00e6r kapitel V i direktivet, som beskytter EU-baserede organisationer mod SLAPP-s\u00f8gsm\u00e5l anlagt af akt\u00f8rer uden for EU \u2013 og giver dem krav p\u00e5 erstatning.<\/p>\n\n<p>Denne retssag bliver en afg\u00f8rende f\u00f8rste test af EU\u2019s nye Anti-SLAPP-direktiv. Den kan skabe pr\u00e6cedens og bane vejen for retf\u00e6rdighed i lignende sager \u2013 og vise, at selskabers chikane og misbrug af retssystemet ikke vil blive accepteret. Hverken nu eller fremover.<\/p>\n\n<p>Tiden er kommet til at sige fra.<\/p>\n\n<p><em>Amy Jacobsen er senior juridisk r\u00e5dgiver hos Greenpeace International<\/em><\/p>\n","protected":false},"excerpt":{"rendered":"<p>Greenpeace International tager kampen op mod Energy Transfer i en pr\u00f8vesag under EU\u2019s nye anti-SLAPP-direktiv \u2013 et opg\u00f8r med corporate chikane og et forsvar for ytringsfriheden.<\/p>\n","protected":false},"author":110,"featured_media":63702,"comment_status":"open","ping_status":"closed","sticky":false,"template":"","format":"standard","meta":{"ep_exclude_from_search":false,"p4_og_title":"En banebrydende retssag for at stoppe juridisk chikane","p4_og_description":"Greenpeace International tager kampen op mod Energy Transfer i en pr\u00f8vesag under EU\u2019s nye anti-SLAPP-direktiv \u2013 et opg\u00f8r med corporate chikane og et forsvar for ytringsfriheden","p4_og_image":"https:\/\/www.greenpeace.org\/static\/planet4-denmark-stateless\/2025\/02\/7c777aa3-gp0su2ni5_low-res-800px.jpg","p4_og_image_id":"63702","p4_seo_canonical_url":"","p4_campaign_name":"","p4_local_project":"","p4_basket_name":"","p4_department":"","footnotes":""},"categories":[4],"tags":[19,30,61],"p4-page-type":[16],"class_list":["post-65674","post","type-post","status-publish","format-standard","has-post-thumbnail","hentry","category-greenpeace","tag-fossilenergi","tag-aktivisme","tag-menneskerettigheder","p4-page-type-nyhed"],"_links":{"self":[{"href":"https:\/\/www.greenpeace.org\/denmark\/wp-json\/wp\/v2\/posts\/65674","targetHints":{"allow":["GET"]}}],"collection":[{"href":"https:\/\/www.greenpeace.org\/denmark\/wp-json\/wp\/v2\/posts"}],"about":[{"href":"https:\/\/www.greenpeace.org\/denmark\/wp-json\/wp\/v2\/types\/post"}],"author":[{"embeddable":true,"href":"https:\/\/www.greenpeace.org\/denmark\/wp-json\/wp\/v2\/users\/110"}],"replies":[{"embeddable":true,"href":"https:\/\/www.greenpeace.org\/denmark\/wp-json\/wp\/v2\/comments?post=65674"}],"version-history":[{"count":2,"href":"https:\/\/www.greenpeace.org\/denmark\/wp-json\/wp\/v2\/posts\/65674\/revisions"}],"predecessor-version":[{"id":65676,"href":"https:\/\/www.greenpeace.org\/denmark\/wp-json\/wp\/v2\/posts\/65674\/revisions\/65676"}],"wp:featuredmedia":[{"embeddable":true,"href":"https:\/\/www.greenpeace.org\/denmark\/wp-json\/wp\/v2\/media\/63702"}],"wp:attachment":[{"href":"https:\/\/www.greenpeace.org\/denmark\/wp-json\/wp\/v2\/media?parent=65674"}],"wp:term":[{"taxonomy":"category","embeddable":true,"href":"https:\/\/www.greenpeace.org\/denmark\/wp-json\/wp\/v2\/categories?post=65674"},{"taxonomy":"post_tag","embeddable":true,"href":"https:\/\/www.greenpeace.org\/denmark\/wp-json\/wp\/v2\/tags?post=65674"},{"taxonomy":"p4-page-type","embeddable":true,"href":"https:\/\/www.greenpeace.org\/denmark\/wp-json\/wp\/v2\/p4-page-type?post=65674"}],"curies":[{"name":"wp","href":"https:\/\/api.w.org\/{rel}","templated":true}]}}