{"id":65903,"date":"2023-03-03T16:11:00","date_gmt":"2023-03-03T15:11:00","guid":{"rendered":"https:\/\/www.greenpeace.org\/denmark\/?p=65903"},"modified":"2025-07-04T16:26:19","modified_gmt":"2025-07-04T14:26:19","slug":"greenpeace-klage-over-fodevarestyrelsens-handtering-af-sag-mod-danish-crown","status":"publish","type":"post","link":"https:\/\/www.greenpeace.org\/denmark\/udgivelse\/landbrug\/greenpeace-klage-over-fodevarestyrelsens-handtering-af-sag-mod-danish-crown\/","title":{"rendered":"Greenpeace-klage over F\u00f8devarestyrelsens h\u00e5ndtering af greenwashing-sag mod Danish Crown"},"content":{"rendered":"\n<p>Greenpeace har sendt en klage til Folketingets Ombudsmand over F\u00f8devarestyrelsens h\u00e5ndtering af en sag mod Danish Crown. Her kritiseres Organisationen styrelsen for at have svigtet sin pligt til at gribe ind over for formodede lovovertr\u00e6delser i Danish Crowns markedsf\u00f8ring af \u201cklimakontrolleret gris\u201d. <br><br>Greenpeace kritiserer, at F\u00f8devarestyrelsen p\u00e5 et tidligt tidspunkt besluttede ikke at forf\u00f8lge sagen strafferetligt, p\u00e5 trods af klare mistanker om overtr\u00e6delser. Klagen peger ogs\u00e5 p\u00e5, at sagsbehandlingen er s\u00e5 langsom, at sagen risikerer at blive for\u00e6ldet. Sagen relaterer sig til bekymringer om greenwashing i Danish Crowns markedsf\u00f8ring. Greenpeace fremh\u00e6ver, at F\u00f8devarestyrelsen ikke har inddraget eksterne eksperter, trods kompleksiteten i sagen.<br><br>Greenpeace har tilbage i 2023\u00a0<a href=\"https:\/\/drive.google.com\/file\/d\/1RnuoA9CYAjL4lWfy8QNHPBjpfiDTdMGC\/view?usp=sharing\" target=\"_blank\" rel=\"noreferrer noopener\">klaget til Folketingets Ombudsmand<\/a>\u00a0over behandlingen af klagen over Danish Crowns &#8220;Klimakontrolleret gris&#8221;-kampagne.<\/p>\n\n<p><strong>L\u00e6s hele klagen her: <\/strong><br><\/p>\n\n<div data-wp-interactive=\"core\/file\" class=\"wp-block-file\"><object data-wp-bind--hidden=\"!state.hasPdfPreview\" hidden class=\"wp-block-file__embed\" data=\"https:\/\/www.greenpeace.org\/static\/planet4-denmark-stateless\/2025\/07\/20230303-Greenpeace-klage-til-Folketingets-Ombudsmand-over-Foedevarestyrelsens-sagsbehandling.pdf\" type=\"application\/pdf\" style=\"width:100%;height:600px\" aria-label=\"Embed Greenpeace-klage til Folketingets Ombudsmand over F\u00f8devarestyrelsens sagsbehandling.\"><\/object><a id=\"wp-block-file--media-25600cdd-82f6-4802-a0e5-b8771fdba2fa\" href=\"https:\/\/www.greenpeace.org\/static\/planet4-denmark-stateless\/2025\/07\/20230303-Greenpeace-klage-til-Folketingets-Ombudsmand-over-Foedevarestyrelsens-sagsbehandling.pdf\" target=\"_blank\" rel=\"noreferrer noopener\">Greenpeace-klage til Folketingets Ombudsmand over F\u00f8devarestyrelsens sagsbehandling<\/a><a href=\"https:\/\/www.greenpeace.org\/static\/planet4-denmark-stateless\/2025\/07\/20230303-Greenpeace-klage-til-Folketingets-Ombudsmand-over-Foedevarestyrelsens-sagsbehandling.pdf\" class=\"wp-block-file__button wp-element-button\" download aria-describedby=\"wp-block-file--media-25600cdd-82f6-4802-a0e5-b8771fdba2fa\">Download<\/a><\/div>\n\n<p><\/p>\n","protected":false},"excerpt":{"rendered":"<p>Greenpeace har sendt en klage til Folketingets Ombudsmand over F\u00f8devarestyrelsens h\u00e5ndtering af en sag mod Danish Crown. Her kritiseres Organisationen styrelsen for at have svigtet sin pligt til at gribe ind over for formodede lovovertr\u00e6delser i Danish Crowns markedsf\u00f8ring af \u201cklimakontrolleret gris\u201d.<\/p>\n","protected":false},"author":35,"featured_media":49660,"comment_status":"open","ping_status":"closed","sticky":false,"template":"","format":"standard","meta":{"ep_exclude_from_search":false,"p4_og_title":"Greenpeace-klage over F\u00f8devarestyrelsens h\u00e5ndtering af greenwashing-sag mod Danish Crown","p4_og_description":"Greenpeace har sendt en klage til Folketingets Ombudsmand over F\u00f8devarestyrelsens h\u00e5ndtering af en sag mod Danish Crown. Her kritiseres Organisationen styrelsen for at have svigtet sin pligt til at gribe ind over for formodede lovovertr\u00e6delser i Danish Crowns markedsf\u00f8ring af \u201cklimakontrolleret gris\u201d.","p4_og_image":"https:\/\/www.greenpeace.org\/static\/planet4-denmark-stateless\/2021\/11\/43a9c6a5-klimakontrolleret.png","p4_og_image_id":"49660","p4_seo_canonical_url":"","p4_campaign_name":"","p4_local_project":"","p4_basket_name":"","p4_department":"","footnotes":""},"categories":[3],"tags":[26,43],"p4-page-type":[15],"class_list":["post-65903","post","type-post","status-publish","format-standard","has-post-thumbnail","hentry","category-landbrug","tag-koedproduktion","tag-falskmarkedsfoering","p4-page-type-udgivelse"],"_links":{"self":[{"href":"https:\/\/www.greenpeace.org\/denmark\/wp-json\/wp\/v2\/posts\/65903","targetHints":{"allow":["GET"]}}],"collection":[{"href":"https:\/\/www.greenpeace.org\/denmark\/wp-json\/wp\/v2\/posts"}],"about":[{"href":"https:\/\/www.greenpeace.org\/denmark\/wp-json\/wp\/v2\/types\/post"}],"author":[{"embeddable":true,"href":"https:\/\/www.greenpeace.org\/denmark\/wp-json\/wp\/v2\/users\/35"}],"replies":[{"embeddable":true,"href":"https:\/\/www.greenpeace.org\/denmark\/wp-json\/wp\/v2\/comments?post=65903"}],"version-history":[{"count":1,"href":"https:\/\/www.greenpeace.org\/denmark\/wp-json\/wp\/v2\/posts\/65903\/revisions"}],"predecessor-version":[{"id":65905,"href":"https:\/\/www.greenpeace.org\/denmark\/wp-json\/wp\/v2\/posts\/65903\/revisions\/65905"}],"wp:featuredmedia":[{"embeddable":true,"href":"https:\/\/www.greenpeace.org\/denmark\/wp-json\/wp\/v2\/media\/49660"}],"wp:attachment":[{"href":"https:\/\/www.greenpeace.org\/denmark\/wp-json\/wp\/v2\/media?parent=65903"}],"wp:term":[{"taxonomy":"category","embeddable":true,"href":"https:\/\/www.greenpeace.org\/denmark\/wp-json\/wp\/v2\/categories?post=65903"},{"taxonomy":"post_tag","embeddable":true,"href":"https:\/\/www.greenpeace.org\/denmark\/wp-json\/wp\/v2\/tags?post=65903"},{"taxonomy":"p4-page-type","embeddable":true,"href":"https:\/\/www.greenpeace.org\/denmark\/wp-json\/wp\/v2\/p4-page-type?post=65903"}],"curies":[{"name":"wp","href":"https:\/\/api.w.org\/{rel}","templated":true}]}}