{"id":67399,"date":"2026-01-15T15:04:50","date_gmt":"2026-01-15T14:04:50","guid":{"rendered":"https:\/\/www.greenpeace.org\/denmark\/?p=67399"},"modified":"2026-01-15T15:04:53","modified_gmt":"2026-01-15T14:04:53","slug":"greenpeace-stoetter-groenland","status":"publish","type":"post","link":"https:\/\/www.greenpeace.org\/denmark\/nyhed\/greenpeace\/greenpeace-stoetter-groenland\/","title":{"rendered":"Greenpeace st\u00f8tter Gr\u00f8nland"},"content":{"rendered":"\n<p><strong>Greenpeace Norden ford\u00f8mmer den fjendtlighed og de trusler, som pr\u00e6sident Donald Trump, hans administration og kreds af r\u00e5dgivere forts\u00e6tter med at rette mod det gr\u00f8nlandske folk.<\/strong><\/p>\n\n<figure class=\"wp-block-image size-large\"><img loading=\"lazy\" decoding=\"async\" width=\"1024\" height=\"576\" src=\"https:\/\/www.greenpeace.org\/static\/planet4-denmark-stateless\/2026\/01\/21da2f2e-email-plus-thimbnail-dk-16-1024x576.png\" alt=\"\" class=\"wp-image-67400\" srcset=\"https:\/\/www.greenpeace.org\/static\/planet4-denmark-stateless\/2026\/01\/21da2f2e-email-plus-thimbnail-dk-16-1024x576.png 1024w, https:\/\/www.greenpeace.org\/static\/planet4-denmark-stateless\/2026\/01\/21da2f2e-email-plus-thimbnail-dk-16-300x169.png 300w, https:\/\/www.greenpeace.org\/static\/planet4-denmark-stateless\/2026\/01\/21da2f2e-email-plus-thimbnail-dk-16-768x432.png 768w, https:\/\/www.greenpeace.org\/static\/planet4-denmark-stateless\/2026\/01\/21da2f2e-email-plus-thimbnail-dk-16-1536x864.png 1536w, https:\/\/www.greenpeace.org\/static\/planet4-denmark-stateless\/2026\/01\/21da2f2e-email-plus-thimbnail-dk-16-510x287.png 510w, https:\/\/www.greenpeace.org\/static\/planet4-denmark-stateless\/2026\/01\/21da2f2e-email-plus-thimbnail-dk-16.png 1600w\" sizes=\"auto, (max-width: 1024px) 100vw, 1024px\" \/><figcaption><div class=\"credit icon-left\"> \u00a9 Greenpeace<\/div><\/figcaption><\/figure>\n\n<p>Gr\u00f8nl\u00e6nderne har ret til at bestemme deres egen fremtid, uden brug af tvang og vold.<\/p>\n\n<p>Ligemeget om det g\u00e6lder Trump-regimets misforst\u00e5ede bekymring for international sikkerhed eller \u00f8nsket om at udplyndre Gr\u00f8nland for sj\u00e6ldne jordarter og andre ressourcer, skal Trump-administrationen holdes til ansvar b\u00e5de overfor den amerikanske forfatning og det internationale samfund.&nbsp;<\/p>\n\n<p>Med den ulovlige milit\u00e6re intervention i Venezuela i frisk erindring og de \u00e5benlyse trusler mod det gr\u00f8nlandske folk, m\u00e5 det internationale samfund nu handle beslutsomt og st\u00e5 fast for at opretholde folkeretten og forhindre yderlig optrapning af konflikten.<\/p>\n","protected":false},"excerpt":{"rendered":"<p>Greenpeace Norden ford\u00f8mmer den fjendtlighed og de trusler, som pr\u00e6sident Donald Trump, hans administration og kreds af r\u00e5dgivere forts\u00e6tter med at rette mod det gr\u00f8nlandske folk.<\/p>\n","protected":false},"author":35,"featured_media":67400,"comment_status":"open","ping_status":"closed","sticky":false,"template":"","format":"standard","meta":{"ep_exclude_from_search":false,"p4_og_title":"Greenpeace st\u00f8tter Gr\u00f8nland","p4_og_description":"Greenpeace Norden ford\u00f8mmer den fjendtlighed og de trusler, som pr\u00e6sident Donald Trump, hans administration og kreds af r\u00e5dgivere forts\u00e6tter med at rette mod det gr\u00f8nlandske folk.","p4_og_image":"","p4_og_image_id":"","p4_seo_canonical_url":"","p4_campaign_name":"Time to Resist","p4_local_project":"","p4_basket_name":"","p4_department":"","footnotes":""},"categories":[4],"tags":[13,57],"p4-page-type":[16],"class_list":["post-67399","post","type-post","status-publish","format-standard","has-post-thumbnail","hentry","category-greenpeace","tag-omgreenpeace","tag-arktis","p4-page-type-nyhed"],"_links":{"self":[{"href":"https:\/\/www.greenpeace.org\/denmark\/wp-json\/wp\/v2\/posts\/67399","targetHints":{"allow":["GET"]}}],"collection":[{"href":"https:\/\/www.greenpeace.org\/denmark\/wp-json\/wp\/v2\/posts"}],"about":[{"href":"https:\/\/www.greenpeace.org\/denmark\/wp-json\/wp\/v2\/types\/post"}],"author":[{"embeddable":true,"href":"https:\/\/www.greenpeace.org\/denmark\/wp-json\/wp\/v2\/users\/35"}],"replies":[{"embeddable":true,"href":"https:\/\/www.greenpeace.org\/denmark\/wp-json\/wp\/v2\/comments?post=67399"}],"version-history":[{"count":1,"href":"https:\/\/www.greenpeace.org\/denmark\/wp-json\/wp\/v2\/posts\/67399\/revisions"}],"predecessor-version":[{"id":67401,"href":"https:\/\/www.greenpeace.org\/denmark\/wp-json\/wp\/v2\/posts\/67399\/revisions\/67401"}],"wp:featuredmedia":[{"embeddable":true,"href":"https:\/\/www.greenpeace.org\/denmark\/wp-json\/wp\/v2\/media\/67400"}],"wp:attachment":[{"href":"https:\/\/www.greenpeace.org\/denmark\/wp-json\/wp\/v2\/media?parent=67399"}],"wp:term":[{"taxonomy":"category","embeddable":true,"href":"https:\/\/www.greenpeace.org\/denmark\/wp-json\/wp\/v2\/categories?post=67399"},{"taxonomy":"post_tag","embeddable":true,"href":"https:\/\/www.greenpeace.org\/denmark\/wp-json\/wp\/v2\/tags?post=67399"},{"taxonomy":"p4-page-type","embeddable":true,"href":"https:\/\/www.greenpeace.org\/denmark\/wp-json\/wp\/v2\/p4-page-type?post=67399"}],"curies":[{"name":"wp","href":"https:\/\/api.w.org\/{rel}","templated":true}]}}